{"id":4746,"date":"2016-06-06T16:43:09","date_gmt":"2016-06-06T14:43:09","guid":{"rendered":"https:\/\/www.lauracosta.com\/el-banador-para-el\/"},"modified":"2024-11-14T10:40:05","modified_gmt":"2024-11-14T09:40:05","slug":"el-banador-para-el","status":"publish","type":"post","link":"https:\/\/www.lauracosta.com\/ca\/el-banador-para-el\/","title":{"rendered":"EL BA\u00d1ADOR PARA \u00c9L"},"content":{"rendered":"<p>Triar b\u00e9 el <strong>vestit de bany<\/strong> no \u00e9s f\u00e0cil, doncs actualment hi ha al mercat diverses opcions.<\/p>\n<p>Si t&#8217;agrada anar a la platja, a la piscina, practicar esport a l&#8217;aire lliure; sens dubte el <strong>vestit de bany<\/strong> formar\u00e0 part de la teva <strong>indument\u00e0ria d&#8217;estiu<\/strong><\/p>\n<p>Existeixen diversos tipus de vestits de bany: bermuda, hot pant, sunga, short&#8230; per\u00f2&#8230; quin \u00e9s l&#8217;ideal per a tu?<\/p>\n<p>Quan tries un vestit de bany, has de tenir en compte uns factors generals:<\/p>\n<ul>\n<li><strong>Quin va a ser el seu \u00fas?<\/strong> No \u00e9s el mateix portar-ho per lluir cos, que per practicar esport o simplement utilitzar-ho com a pe\u00e7a fresca i c\u00f2moda.<\/li>\n<li><strong>Quins teixits has d&#8217;escollir?<\/strong> Teixits que contenen elast\u00e9n o lycra marcaran m\u00e9s la teva silueta, teixits com el poli\u00e8ster i el nilon s&#8217;assecaran m\u00e9s r\u00e0pidament.<\/li>\n<li><strong>Les estampacions i els colors.<\/strong> Les ratlles t&#8217;estilitzaran, les estampacions grans, igual que els colors clars i brillants, t&#8217;aportaran volum.<\/li>\n<li><strong>Com \u00e9s el teu cos?<\/strong> Depenent de la forma del teu cos, aix\u00ed com de la teva altura, hi ha una s\u00e8rie de vestits de bany que t&#8217;afavoriran m\u00e9s que uns altres.<\/li>\n<\/ul>\n<p><strong>Anem a analitzar els diferents models:<\/strong><\/p>\n<p><strong>BERMUDA<\/strong>, c\u00f2moda i ideal per amagar cuixa i panxeta, per\u00f2 si el que desitges \u00e9s bronzejar-te, no t&#8217;ho aconsello, ja que al tapar gran part de les cames el bronzejat ser\u00e0 parcial.<\/p>\n<p><a href=\"https:\/\/www.lauracosta.com\/wp-content\/uploads\/2024\/11\/Bermuda.jpg\"><img fetchpriority=\"high\" decoding=\"async\" class=\"aligncenter wp-image-1734 size-medium\" src=\"https:\/\/www.lauracosta.com\/wp-content\/uploads\/2024\/11\/Bermuda-257x300.jpg\" alt=\"Bermuda\" width=\"257\" height=\"300\" \/><\/a><\/p>\n<p><strong>HOT PANT<\/strong>, \u00e9s el petit short el\u00e0stic. Perfecte pels que volen lluir tipus. \u00c9s un dels vestits de bany m\u00e9s fashion del moment, per\u00f2 el seu \u00fas requereix tenir bon cos.<\/p>\n<p><a href=\"https:\/\/www.lauracosta.com\/wp-content\/uploads\/2024\/11\/Hot-pant.jpg\"><img decoding=\"async\" class=\"aligncenter wp-image-1736 size-medium\" src=\"https:\/\/www.lauracosta.com\/wp-content\/uploads\/2024\/11\/Hot-pant-300x300.jpg\" alt=\"Hot pant\" width=\"300\" height=\"300\" \/><\/a><\/p>\n<p><strong>SUNGA<\/strong>, eslip diminut pels que teniu un cos deu, i voleu exhibir-ho com D\u00e9u mana! Genial per aconseguir un bronzejat gaireb\u00e9 complet; per\u00f2 no tant per a la pr\u00e0ctica d&#8217;esport a la platja.<\/p>\n<p><a href=\"https:\/\/www.lauracosta.com\/wp-content\/uploads\/2024\/11\/Sunga.jpg\"><img decoding=\"async\" class=\"aligncenter wp-image-1738 size-medium\" src=\"https:\/\/www.lauracosta.com\/wp-content\/uploads\/2024\/11\/Sunga-300x300.jpg\" alt=\"Sunga\" width=\"300\" height=\"300\" \/><\/a><\/p>\n<p><strong>SHORT<\/strong>, o pantalons cortito en teixit no el\u00e0stic. Es van portar molt en els anys 80 i ara tornen a estar de moda. Si tens les cames primes no te&#8217;ls aconsello, perqu\u00e8 potenciaran m\u00e9s aquest aspecte. \u00c9s perfecte per a homes no gaire alts, ja que allarguen les cames i estilitzen la figura.<\/p>\n<p><img loading=\"lazy\" decoding=\"async\" class=\"alignnone wp-image-1739 size-medium\" src=\"https:\/\/www.lauracosta.com\/wp-content\/uploads\/2024\/11\/Short-300x224.jpg\" width=\"300\" height=\"224\" \/><\/p>\n<p><strong>Ja saps, quin \u00e9s l&#8217;ideal per a tu?<\/strong><\/p>\n<p><strong>AQU\u00cd US RECOMANO ALGUNES MARQUES:<\/strong> Scalpers, Hugo Boss, Tom ford, Calvin Klein, Mango,\u00a0Pull &amp; Bear<\/p>\n","protected":false},"excerpt":{"rendered":"<p>Triar b\u00e9 el vestit de bany no \u00e9s f\u00e0cil, doncs actualment hi ha al mercat diverses opcions. Si t&#8217;agrada anar a la platja, a la piscina, practicar esport a l&#8217;aire lliure; sens dubte el vestit de bany formar\u00e0 part de la teva indument\u00e0ria d&#8217;estiu Existeixen diversos tipus de vestits de bany: bermuda, hot pant, sunga, [&hellip;]<\/p>\n","protected":false},"author":1,"featured_media":3354,"comment_status":"closed","ping_status":"closed","sticky":false,"template":"","format":"standard","meta":{"_joinchat":[],"footnotes":""},"categories":[48],"tags":[],"class_list":["post-4746","post","type-post","status-publish","format-standard","has-post-thumbnail","hentry","category-blog-ca"],"yoast_head":"<!-- This site is optimized with the Yoast SEO plugin v27.5 - https:\/\/yoast.com\/product\/yoast-seo-wordpress\/ -->\n<title>EL BA\u00d1ADOR PARA \u00c9L - Laura Costa<\/title>\n<meta name=\"robots\" content=\"index, follow, max-snippet:-1, max-image-preview:large, max-video-preview:-1\" \/>\n<link rel=\"canonical\" href=\"https:\/\/www.lauracosta.com\/ca\/el-banador-para-el\/\" \/>\n<meta property=\"og:locale\" content=\"ca_ES\" \/>\n<meta property=\"og:type\" content=\"article\" \/>\n<meta property=\"og:title\" content=\"EL BA\u00d1ADOR PARA \u00c9L - Laura Costa\" \/>\n<meta property=\"og:description\" content=\"Triar b\u00e9 el vestit de bany no \u00e9s f\u00e0cil, doncs actualment hi ha al mercat diverses opcions. Si t&#8217;agrada anar a la platja, a la piscina, practicar esport a l&#8217;aire lliure; sens dubte el vestit de bany formar\u00e0 part de la teva indument\u00e0ria d&#8217;estiu Existeixen diversos tipus de vestits de bany: bermuda, hot pant, sunga, [&hellip;]\" \/>\n<meta property=\"og:url\" content=\"https:\/\/www.lauracosta.com\/ca\/el-banador-para-el\/\" \/>\n<meta property=\"og:site_name\" content=\"Laura Costa\" \/>\n<meta property=\"article:published_time\" content=\"2016-06-06T14:43:09+00:00\" \/>\n<meta property=\"article:modified_time\" content=\"2024-11-14T09:40:05+00:00\" \/>\n<meta property=\"og:image\" content=\"https:\/\/www.lauracosta.com\/wp-content\/uploads\/2024\/11\/banadores-para-hombre-verano-2015.jpg\" \/>\n\t<meta property=\"og:image:width\" content=\"2400\" \/>\n\t<meta property=\"og:image:height\" content=\"1600\" \/>\n\t<meta property=\"og:image:type\" content=\"image\/jpeg\" \/>\n<meta name=\"author\" content=\"factoryfy\" \/>\n<meta name=\"twitter:card\" content=\"summary_large_image\" \/>\n<meta name=\"twitter:label1\" content=\"Escrit per\" \/>\n\t<meta name=\"twitter:data1\" content=\"factoryfy\" \/>\n\t<meta name=\"twitter:label2\" content=\"Temps estimat de lectura\" \/>\n\t<meta name=\"twitter:data2\" content=\"2 minuts\" \/>\n<script type=\"application\/ld+json\" class=\"yoast-schema-graph\">{\"@context\":\"https:\\\/\\\/schema.org\",\"@graph\":[{\"@type\":\"Article\",\"@id\":\"https:\\\/\\\/www.lauracosta.com\\\/ca\\\/el-banador-para-el\\\/#article\",\"isPartOf\":{\"@id\":\"https:\\\/\\\/www.lauracosta.com\\\/ca\\\/el-banador-para-el\\\/\"},\"author\":{\"name\":\"factoryfy\",\"@id\":\"https:\\\/\\\/www.lauracosta.com\\\/#\\\/schema\\\/person\\\/88a3aa3a762e09aa91cddc385661d3d9\"},\"headline\":\"EL BA\u00d1ADOR PARA \u00c9L\",\"datePublished\":\"2016-06-06T14:43:09+00:00\",\"dateModified\":\"2024-11-14T09:40:05+00:00\",\"mainEntityOfPage\":{\"@id\":\"https:\\\/\\\/www.lauracosta.com\\\/ca\\\/el-banador-para-el\\\/\"},\"wordCount\":396,\"publisher\":{\"@id\":\"https:\\\/\\\/www.lauracosta.com\\\/#organization\"},\"image\":{\"@id\":\"https:\\\/\\\/www.lauracosta.com\\\/ca\\\/el-banador-para-el\\\/#primaryimage\"},\"thumbnailUrl\":\"https:\\\/\\\/www.lauracosta.com\\\/wp-content\\\/uploads\\\/2024\\\/11\\\/banadores-para-hombre-verano-2015.jpg\",\"articleSection\":[\"Blog\"],\"inLanguage\":\"ca\"},{\"@type\":\"WebPage\",\"@id\":\"https:\\\/\\\/www.lauracosta.com\\\/ca\\\/el-banador-para-el\\\/\",\"url\":\"https:\\\/\\\/www.lauracosta.com\\\/ca\\\/el-banador-para-el\\\/\",\"name\":\"EL BA\u00d1ADOR PARA \u00c9L - Laura Costa\",\"isPartOf\":{\"@id\":\"https:\\\/\\\/www.lauracosta.com\\\/#website\"},\"primaryImageOfPage\":{\"@id\":\"https:\\\/\\\/www.lauracosta.com\\\/ca\\\/el-banador-para-el\\\/#primaryimage\"},\"image\":{\"@id\":\"https:\\\/\\\/www.lauracosta.com\\\/ca\\\/el-banador-para-el\\\/#primaryimage\"},\"thumbnailUrl\":\"https:\\\/\\\/www.lauracosta.com\\\/wp-content\\\/uploads\\\/2024\\\/11\\\/banadores-para-hombre-verano-2015.jpg\",\"datePublished\":\"2016-06-06T14:43:09+00:00\",\"dateModified\":\"2024-11-14T09:40:05+00:00\",\"breadcrumb\":{\"@id\":\"https:\\\/\\\/www.lauracosta.com\\\/ca\\\/el-banador-para-el\\\/#breadcrumb\"},\"inLanguage\":\"ca\",\"potentialAction\":[{\"@type\":\"ReadAction\",\"target\":[\"https:\\\/\\\/www.lauracosta.com\\\/ca\\\/el-banador-para-el\\\/\"]}]},{\"@type\":\"ImageObject\",\"inLanguage\":\"ca\",\"@id\":\"https:\\\/\\\/www.lauracosta.com\\\/ca\\\/el-banador-para-el\\\/#primaryimage\",\"url\":\"https:\\\/\\\/www.lauracosta.com\\\/wp-content\\\/uploads\\\/2024\\\/11\\\/banadores-para-hombre-verano-2015.jpg\",\"contentUrl\":\"https:\\\/\\\/www.lauracosta.com\\\/wp-content\\\/uploads\\\/2024\\\/11\\\/banadores-para-hombre-verano-2015.jpg\",\"width\":2400,\"height\":1600},{\"@type\":\"BreadcrumbList\",\"@id\":\"https:\\\/\\\/www.lauracosta.com\\\/ca\\\/el-banador-para-el\\\/#breadcrumb\",\"itemListElement\":[{\"@type\":\"ListItem\",\"position\":1,\"name\":\"Portada\",\"item\":\"https:\\\/\\\/www.lauracosta.com\\\/\"},{\"@type\":\"ListItem\",\"position\":2,\"name\":\"EL BA\u00d1ADOR PARA \u00c9L\"}]},{\"@type\":\"WebSite\",\"@id\":\"https:\\\/\\\/www.lauracosta.com\\\/#website\",\"url\":\"https:\\\/\\\/www.lauracosta.com\\\/\",\"name\":\"Laura Costa\",\"description\":\"Asesor\u00eda de imagen &amp; Personal Shopper\",\"publisher\":{\"@id\":\"https:\\\/\\\/www.lauracosta.com\\\/#organization\"},\"potentialAction\":[{\"@type\":\"SearchAction\",\"target\":{\"@type\":\"EntryPoint\",\"urlTemplate\":\"https:\\\/\\\/www.lauracosta.com\\\/?s={search_term_string}\"},\"query-input\":{\"@type\":\"PropertyValueSpecification\",\"valueRequired\":true,\"valueName\":\"search_term_string\"}}],\"inLanguage\":\"ca\"},{\"@type\":\"Organization\",\"@id\":\"https:\\\/\\\/www.lauracosta.com\\\/#organization\",\"name\":\"Laura Costa\",\"url\":\"https:\\\/\\\/www.lauracosta.com\\\/\",\"logo\":{\"@type\":\"ImageObject\",\"inLanguage\":\"ca\",\"@id\":\"https:\\\/\\\/www.lauracosta.com\\\/#\\\/schema\\\/logo\\\/image\\\/\",\"url\":\"https:\\\/\\\/www.lauracosta.com\\\/wp-content\\\/uploads\\\/2024\\\/11\\\/laura-costa-imagen-696.jpg\",\"contentUrl\":\"https:\\\/\\\/www.lauracosta.com\\\/wp-content\\\/uploads\\\/2024\\\/11\\\/laura-costa-imagen-696.jpg\",\"width\":696,\"height\":696,\"caption\":\"Laura Costa\"},\"image\":{\"@id\":\"https:\\\/\\\/www.lauracosta.com\\\/#\\\/schema\\\/logo\\\/image\\\/\"}},{\"@type\":\"Person\",\"@id\":\"https:\\\/\\\/www.lauracosta.com\\\/#\\\/schema\\\/person\\\/88a3aa3a762e09aa91cddc385661d3d9\",\"name\":\"factoryfy\",\"image\":{\"@type\":\"ImageObject\",\"inLanguage\":\"ca\",\"@id\":\"https:\\\/\\\/secure.gravatar.com\\\/avatar\\\/f6b08826744ac84b5c5730915ab186e60373c936b9668ce079c076fa428c7725?s=96&d=mm&r=g\",\"url\":\"https:\\\/\\\/secure.gravatar.com\\\/avatar\\\/f6b08826744ac84b5c5730915ab186e60373c936b9668ce079c076fa428c7725?s=96&d=mm&r=g\",\"contentUrl\":\"https:\\\/\\\/secure.gravatar.com\\\/avatar\\\/f6b08826744ac84b5c5730915ab186e60373c936b9668ce079c076fa428c7725?s=96&d=mm&r=g\",\"caption\":\"factoryfy\"},\"sameAs\":[\"https:\\\/\\\/www.lauracosta.com\"]}]}<\/script>\n<!-- \/ Yoast SEO plugin. -->","yoast_head_json":{"title":"EL BA\u00d1ADOR PARA \u00c9L - Laura Costa","robots":{"index":"index","follow":"follow","max-snippet":"max-snippet:-1","max-image-preview":"max-image-preview:large","max-video-preview":"max-video-preview:-1"},"canonical":"https:\/\/www.lauracosta.com\/ca\/el-banador-para-el\/","og_locale":"ca_ES","og_type":"article","og_title":"EL BA\u00d1ADOR PARA \u00c9L - Laura Costa","og_description":"Triar b\u00e9 el vestit de bany no \u00e9s f\u00e0cil, doncs actualment hi ha al mercat diverses opcions. Si t&#8217;agrada anar a la platja, a la piscina, practicar esport a l&#8217;aire lliure; sens dubte el vestit de bany formar\u00e0 part de la teva indument\u00e0ria d&#8217;estiu Existeixen diversos tipus de vestits de bany: bermuda, hot pant, sunga, [&hellip;]","og_url":"https:\/\/www.lauracosta.com\/ca\/el-banador-para-el\/","og_site_name":"Laura Costa","article_published_time":"2016-06-06T14:43:09+00:00","article_modified_time":"2024-11-14T09:40:05+00:00","og_image":[{"width":2400,"height":1600,"url":"https:\/\/www.lauracosta.com\/wp-content\/uploads\/2024\/11\/banadores-para-hombre-verano-2015.jpg","type":"image\/jpeg"}],"author":"factoryfy","twitter_card":"summary_large_image","twitter_misc":{"Escrit per":"factoryfy","Temps estimat de lectura":"2 minuts"},"schema":{"@context":"https:\/\/schema.org","@graph":[{"@type":"Article","@id":"https:\/\/www.lauracosta.com\/ca\/el-banador-para-el\/#article","isPartOf":{"@id":"https:\/\/www.lauracosta.com\/ca\/el-banador-para-el\/"},"author":{"name":"factoryfy","@id":"https:\/\/www.lauracosta.com\/#\/schema\/person\/88a3aa3a762e09aa91cddc385661d3d9"},"headline":"EL BA\u00d1ADOR PARA \u00c9L","datePublished":"2016-06-06T14:43:09+00:00","dateModified":"2024-11-14T09:40:05+00:00","mainEntityOfPage":{"@id":"https:\/\/www.lauracosta.com\/ca\/el-banador-para-el\/"},"wordCount":396,"publisher":{"@id":"https:\/\/www.lauracosta.com\/#organization"},"image":{"@id":"https:\/\/www.lauracosta.com\/ca\/el-banador-para-el\/#primaryimage"},"thumbnailUrl":"https:\/\/www.lauracosta.com\/wp-content\/uploads\/2024\/11\/banadores-para-hombre-verano-2015.jpg","articleSection":["Blog"],"inLanguage":"ca"},{"@type":"WebPage","@id":"https:\/\/www.lauracosta.com\/ca\/el-banador-para-el\/","url":"https:\/\/www.lauracosta.com\/ca\/el-banador-para-el\/","name":"EL BA\u00d1ADOR PARA \u00c9L - Laura Costa","isPartOf":{"@id":"https:\/\/www.lauracosta.com\/#website"},"primaryImageOfPage":{"@id":"https:\/\/www.lauracosta.com\/ca\/el-banador-para-el\/#primaryimage"},"image":{"@id":"https:\/\/www.lauracosta.com\/ca\/el-banador-para-el\/#primaryimage"},"thumbnailUrl":"https:\/\/www.lauracosta.com\/wp-content\/uploads\/2024\/11\/banadores-para-hombre-verano-2015.jpg","datePublished":"2016-06-06T14:43:09+00:00","dateModified":"2024-11-14T09:40:05+00:00","breadcrumb":{"@id":"https:\/\/www.lauracosta.com\/ca\/el-banador-para-el\/#breadcrumb"},"inLanguage":"ca","potentialAction":[{"@type":"ReadAction","target":["https:\/\/www.lauracosta.com\/ca\/el-banador-para-el\/"]}]},{"@type":"ImageObject","inLanguage":"ca","@id":"https:\/\/www.lauracosta.com\/ca\/el-banador-para-el\/#primaryimage","url":"https:\/\/www.lauracosta.com\/wp-content\/uploads\/2024\/11\/banadores-para-hombre-verano-2015.jpg","contentUrl":"https:\/\/www.lauracosta.com\/wp-content\/uploads\/2024\/11\/banadores-para-hombre-verano-2015.jpg","width":2400,"height":1600},{"@type":"BreadcrumbList","@id":"https:\/\/www.lauracosta.com\/ca\/el-banador-para-el\/#breadcrumb","itemListElement":[{"@type":"ListItem","position":1,"name":"Portada","item":"https:\/\/www.lauracosta.com\/"},{"@type":"ListItem","position":2,"name":"EL BA\u00d1ADOR PARA \u00c9L"}]},{"@type":"WebSite","@id":"https:\/\/www.lauracosta.com\/#website","url":"https:\/\/www.lauracosta.com\/","name":"Laura Costa","description":"Asesor\u00eda de imagen &amp; Personal Shopper","publisher":{"@id":"https:\/\/www.lauracosta.com\/#organization"},"potentialAction":[{"@type":"SearchAction","target":{"@type":"EntryPoint","urlTemplate":"https:\/\/www.lauracosta.com\/?s={search_term_string}"},"query-input":{"@type":"PropertyValueSpecification","valueRequired":true,"valueName":"search_term_string"}}],"inLanguage":"ca"},{"@type":"Organization","@id":"https:\/\/www.lauracosta.com\/#organization","name":"Laura Costa","url":"https:\/\/www.lauracosta.com\/","logo":{"@type":"ImageObject","inLanguage":"ca","@id":"https:\/\/www.lauracosta.com\/#\/schema\/logo\/image\/","url":"https:\/\/www.lauracosta.com\/wp-content\/uploads\/2024\/11\/laura-costa-imagen-696.jpg","contentUrl":"https:\/\/www.lauracosta.com\/wp-content\/uploads\/2024\/11\/laura-costa-imagen-696.jpg","width":696,"height":696,"caption":"Laura Costa"},"image":{"@id":"https:\/\/www.lauracosta.com\/#\/schema\/logo\/image\/"}},{"@type":"Person","@id":"https:\/\/www.lauracosta.com\/#\/schema\/person\/88a3aa3a762e09aa91cddc385661d3d9","name":"factoryfy","image":{"@type":"ImageObject","inLanguage":"ca","@id":"https:\/\/secure.gravatar.com\/avatar\/f6b08826744ac84b5c5730915ab186e60373c936b9668ce079c076fa428c7725?s=96&d=mm&r=g","url":"https:\/\/secure.gravatar.com\/avatar\/f6b08826744ac84b5c5730915ab186e60373c936b9668ce079c076fa428c7725?s=96&d=mm&r=g","contentUrl":"https:\/\/secure.gravatar.com\/avatar\/f6b08826744ac84b5c5730915ab186e60373c936b9668ce079c076fa428c7725?s=96&d=mm&r=g","caption":"factoryfy"},"sameAs":["https:\/\/www.lauracosta.com"]}]}},"_links":{"self":[{"href":"https:\/\/www.lauracosta.com\/ca\/wp-json\/wp\/v2\/posts\/4746","targetHints":{"allow":["GET"]}}],"collection":[{"href":"https:\/\/www.lauracosta.com\/ca\/wp-json\/wp\/v2\/posts"}],"about":[{"href":"https:\/\/www.lauracosta.com\/ca\/wp-json\/wp\/v2\/types\/post"}],"author":[{"embeddable":true,"href":"https:\/\/www.lauracosta.com\/ca\/wp-json\/wp\/v2\/users\/1"}],"replies":[{"embeddable":true,"href":"https:\/\/www.lauracosta.com\/ca\/wp-json\/wp\/v2\/comments?post=4746"}],"version-history":[{"count":1,"href":"https:\/\/www.lauracosta.com\/ca\/wp-json\/wp\/v2\/posts\/4746\/revisions"}],"predecessor-version":[{"id":4747,"href":"https:\/\/www.lauracosta.com\/ca\/wp-json\/wp\/v2\/posts\/4746\/revisions\/4747"}],"wp:featuredmedia":[{"embeddable":true,"href":"https:\/\/www.lauracosta.com\/ca\/wp-json\/wp\/v2\/media\/3354"}],"wp:attachment":[{"href":"https:\/\/www.lauracosta.com\/ca\/wp-json\/wp\/v2\/media?parent=4746"}],"wp:term":[{"taxonomy":"category","embeddable":true,"href":"https:\/\/www.lauracosta.com\/ca\/wp-json\/wp\/v2\/categories?post=4746"},{"taxonomy":"post_tag","embeddable":true,"href":"https:\/\/www.lauracosta.com\/ca\/wp-json\/wp\/v2\/tags?post=4746"}],"curies":[{"name":"wp","href":"https:\/\/api.w.org\/{rel}","templated":true}]}}