{"id":4748,"date":"2016-05-12T10:40:06","date_gmt":"2016-05-12T08:40:06","guid":{"rendered":"https:\/\/www.lauracosta.com\/vestidos-que-enamoran\/"},"modified":"2024-11-14T10:40:17","modified_gmt":"2024-11-14T09:40:17","slug":"vestidos-que-enamoran","status":"publish","type":"post","link":"https:\/\/www.lauracosta.com\/ca\/vestidos-que-enamoran\/","title":{"rendered":"VESTIDOS QUE ENAMORAN"},"content":{"rendered":"<p>Aquests mesos solen venir plens de compromisos socials, noces i celebracions.<\/p>\n<p>\u00c9s dif\u00edcil escollir el <strong>vestit perfecte<\/strong>, que a m\u00e9s d&#8217;afavorir i potenciar la nostra <strong>tipologia corporal<\/strong> ha de ser prou adaptable per poder amortitzar-ho i portar-ho en altres ocasions. Important a l&#8217;hora d&#8217;anar de <strong>Shopping<\/strong> \u00e9s tenir en compte el teixit, la forma i la l\u00ednia del vestit perqu\u00e8 realci la part del nostre cos que m\u00e9s ens agrada , compleixi amb<strong> la imatge<\/strong> que volem projectar en aquesta ocasi\u00f3, i es adecue al nostre estil.<\/p>\n<p>Us proposo algunes opcions:<\/p>\n<div class=\"traductor-textarea form-group\">\n<div class=\"textarea-desti col-xs-12 col-sm-6\">\n<div class=\"form-control second-textarea\">\n<p><strong>1\u00aa OPCI\u00d3<\/strong><\/p>\n<p>Vestit amb escot creuat, a llarg <em>midi<\/em>, en punt de viscosa negre. Elegant, c\u00f2mode i molt vers\u00e0til, ideal per a una festa d&#8217;estiu.<\/p>\n<\/div>\n<div class=\"form-control second-textarea\"><\/div>\n<div class=\"form-control second-textarea\"><a href=\"https:\/\/www.lauracosta.com\/wp-content\/uploads\/2024\/11\/291075085161A2.jpg\"><img fetchpriority=\"high\" decoding=\"async\" class=\"alignnone size-medium wp-image-1697\" src=\"https:\/\/www.lauracosta.com\/wp-content\/uploads\/2024\/11\/291075085161A2-218x300.jpg\" alt=\"291075085161A2\" width=\"218\" height=\"300\" \/><\/a><a href=\"https:\/\/www.lauracosta.com\/wp-content\/uploads\/2024\/11\/291075085161A3.jpg\"><img decoding=\"async\" class=\"alignnone size-medium wp-image-1698\" src=\"https:\/\/www.lauracosta.com\/wp-content\/uploads\/2024\/11\/291075085161A3-218x300.jpg\" alt=\"291075085161A3\" width=\"218\" height=\"300\" \/><\/a><a href=\"https:\/\/www.lauracosta.com\/wp-content\/uploads\/2024\/11\/291075085161A.jpg\"><img decoding=\"async\" class=\"alignnone size-medium wp-image-1686\" src=\"https:\/\/www.lauracosta.com\/wp-content\/uploads\/2024\/11\/291075085161A-218x300.jpg\" alt=\"291075085161A\" width=\"218\" height=\"300\" \/><\/a><\/div>\n<div class=\"form-control second-textarea\"><\/div>\n<div class=\"form-control second-textarea\"><\/div>\n<div class=\"form-control second-textarea\"><strong>2\u00aa \u00a0OPCI\u00d3<\/strong><\/div>\n<div class=\"form-control second-textarea\"><\/div>\n<div class=\"form-control second-textarea\">Vestit joia, amb brodat \u00a0en degrad\u00e9 i vol en el baix, en gasa blau mar\u00ed. Distingit i refinat, perfecte per a unes noces o celebraci\u00f3.<\/div>\n<div class=\"form-control second-textarea\"><\/div>\n<div class=\"form-control second-textarea\"><a href=\"https:\/\/www.lauracosta.com\/wp-content\/uploads\/2024\/11\/descarga-1.jpg\"><img loading=\"lazy\" decoding=\"async\" class=\"alignnone size-medium wp-image-1687\" src=\"https:\/\/www.lauracosta.com\/wp-content\/uploads\/2024\/11\/descarga-1-225x300.jpg\" alt=\"descarga (1)\" width=\"225\" height=\"300\" \/><\/a><a href=\"https:\/\/www.lauracosta.com\/wp-content\/uploads\/2024\/11\/descarga-14.jpg\"><img loading=\"lazy\" decoding=\"async\" class=\"alignnone size-medium wp-image-1718\" src=\"https:\/\/www.lauracosta.com\/wp-content\/uploads\/2024\/11\/descarga-14-225x300.jpg\" alt=\"descarga (14)\" width=\"225\" height=\"300\" \/><\/a><\/div>\n<div class=\"form-control second-textarea\"><\/div>\n<div class=\"form-control second-textarea\">\n<p><strong>3\u00aa OPCI\u00d3<\/strong><\/p>\n<p>Vestit estil Baby Doll, en rosa empolsat. Fi i molt femen\u00ed. El color exigir\u00e0 un maquillatge elaborat, sobretot si el color del teu rostre \u00e9s molt p\u00e0l\u00b7lid.<\/p>\n<\/div>\n<div class=\"form-control second-textarea\"><\/div>\n<div class=\"form-control second-textarea\"><a href=\"https:\/\/www.lauracosta.com\/wp-content\/uploads\/2024\/11\/Sandro_R4703E-611_V_1.jpg\"><img loading=\"lazy\" decoding=\"async\" class=\"alignnone size-medium wp-image-1707\" src=\"https:\/\/www.lauracosta.com\/wp-content\/uploads\/2024\/11\/Sandro_R4703E-611_V_1-300x300.jpg\" alt=\"Sandro_R4703E-611_V_1\" width=\"300\" height=\"300\" \/><\/a><a href=\"https:\/\/www.lauracosta.com\/wp-content\/uploads\/2024\/11\/Sandro_R4703E-611_V_2.jpg\"><img loading=\"lazy\" decoding=\"async\" class=\"alignnone size-medium wp-image-1708\" src=\"https:\/\/www.lauracosta.com\/wp-content\/uploads\/2024\/11\/Sandro_R4703E-611_V_2-300x300.jpg\" alt=\"Sandro_R4703E-611_V_2\" width=\"300\" height=\"300\" \/><\/a><\/div>\n<div class=\"form-control second-textarea\"><\/div>\n<div class=\"form-control second-textarea\"><\/div>\n<div class=\"form-control second-textarea\">\n<p><strong>4\u00aa OPCI\u00d3<\/strong><\/p>\n<p>Vestit asim\u00e8tric combinant ras i gasa, en to perla. Glamur\u00f3s i estiloso, genial per a qualsevol ocasi\u00f3 que requereixi una imatge impecable.<\/p>\n<\/div>\n<div class=\"form-control second-textarea\"><\/div>\n<div class=\"form-control second-textarea\"><a href=\"https:\/\/www.lauracosta.com\/wp-content\/uploads\/2024\/11\/descarga-11.jpg\"><img loading=\"lazy\" decoding=\"async\" class=\"alignnone size-medium wp-image-1710\" src=\"https:\/\/www.lauracosta.com\/wp-content\/uploads\/2024\/11\/descarga-11-225x300.jpg\" alt=\"descarga (11)\" width=\"225\" height=\"300\" \/><\/a><a href=\"https:\/\/www.lauracosta.com\/wp-content\/uploads\/2024\/11\/descarga-10.jpg\"><img loading=\"lazy\" decoding=\"async\" class=\"alignnone size-medium wp-image-1709\" src=\"https:\/\/www.lauracosta.com\/wp-content\/uploads\/2024\/11\/descarga-10-225x300.jpg\" alt=\"descarga (10)\" width=\"225\" height=\"300\" \/><\/a><\/div>\n<div class=\"form-control second-textarea\"><\/div>\n<div class=\"form-control second-textarea\">\n<p><strong>\u00a05\u00aa OPCI\u00d3<\/strong><\/p>\n<p>Vestit transparent que combina gasa i blonda. Original, sexy, juvenil i atrevit, fant\u00e0stic per a una inovidable nit d&#8217;estiu.<\/p>\n<\/div>\n<div class=\"form-control second-textarea\"><a href=\"https:\/\/www.lauracosta.com\/wp-content\/uploads\/2024\/11\/Sandro_R4577E-20_V_3.jpg\"><img loading=\"lazy\" decoding=\"async\" class=\"alignnone size-medium wp-image-1715\" src=\"https:\/\/www.lauracosta.com\/wp-content\/uploads\/2024\/11\/Sandro_R4577E-20_V_3-232x300.jpg\" alt=\"Sandro_R4577E-20_V_3\" width=\"232\" height=\"300\" \/><\/a><a href=\"https:\/\/www.lauracosta.com\/wp-content\/uploads\/2024\/11\/Sandro_R4577E-20_V_2.jpg\"><img loading=\"lazy\" decoding=\"async\" class=\"alignnone size-medium wp-image-1714\" src=\"https:\/\/www.lauracosta.com\/wp-content\/uploads\/2024\/11\/Sandro_R4577E-20_V_2-232x300.jpg\" alt=\"Sandro_R4577E-20_V_2\" width=\"232\" height=\"300\" \/><\/a><\/div>\n<div class=\"form-control second-textarea\"><\/div>\n<div class=\"form-control second-textarea\"><\/div>\n<div class=\"form-control second-textarea\">I tu, amb quin et quedes?<\/div>\n<\/div>\n<\/div>\n","protected":false},"excerpt":{"rendered":"<p>Aquests mesos solen venir plens de compromisos socials, noces i celebracions. \u00c9s dif\u00edcil escollir el vestit perfecte, que a m\u00e9s d&#8217;afavorir i potenciar la nostra tipologia corporal ha de ser prou adaptable per poder amortitzar-ho i portar-ho en altres ocasions. Important a l&#8217;hora d&#8217;anar de Shopping \u00e9s tenir en compte el teixit, la forma i [&hellip;]<\/p>\n","protected":false},"author":1,"featured_media":3335,"comment_status":"closed","ping_status":"closed","sticky":false,"template":"","format":"standard","meta":{"_joinchat":[],"footnotes":""},"categories":[48],"tags":[],"class_list":["post-4748","post","type-post","status-publish","format-standard","has-post-thumbnail","hentry","category-blog-ca"],"yoast_head":"<!-- This site is optimized with the Yoast SEO plugin v27.5 - https:\/\/yoast.com\/product\/yoast-seo-wordpress\/ -->\n<title>VESTIDOS QUE ENAMORAN - Laura Costa<\/title>\n<meta name=\"robots\" content=\"index, follow, max-snippet:-1, max-image-preview:large, max-video-preview:-1\" \/>\n<link rel=\"canonical\" href=\"https:\/\/www.lauracosta.com\/ca\/vestidos-que-enamoran\/\" \/>\n<meta property=\"og:locale\" content=\"ca_ES\" \/>\n<meta property=\"og:type\" content=\"article\" \/>\n<meta property=\"og:title\" content=\"VESTIDOS QUE ENAMORAN - Laura Costa\" \/>\n<meta property=\"og:description\" content=\"Aquests mesos solen venir plens de compromisos socials, noces i celebracions. \u00c9s dif\u00edcil escollir el vestit perfecte, que a m\u00e9s d&#8217;afavorir i potenciar la nostra tipologia corporal ha de ser prou adaptable per poder amortitzar-ho i portar-ho en altres ocasions. Important a l&#8217;hora d&#8217;anar de Shopping \u00e9s tenir en compte el teixit, la forma i [&hellip;]\" \/>\n<meta property=\"og:url\" content=\"https:\/\/www.lauracosta.com\/ca\/vestidos-que-enamoran\/\" \/>\n<meta property=\"og:site_name\" content=\"Laura Costa\" \/>\n<meta property=\"article:published_time\" content=\"2016-05-12T08:40:06+00:00\" \/>\n<meta property=\"article:modified_time\" content=\"2024-11-14T09:40:17+00:00\" \/>\n<meta property=\"og:image\" content=\"https:\/\/www.lauracosta.com\/wp-content\/uploads\/2024\/11\/VESTIDOS-QUE-ENAMORAN-PRIMAVERA-VERANO-2016.jpg\" \/>\n\t<meta property=\"og:image:width\" content=\"1200\" \/>\n\t<meta property=\"og:image:height\" content=\"1196\" \/>\n\t<meta property=\"og:image:type\" content=\"image\/jpeg\" \/>\n<meta name=\"author\" content=\"factoryfy\" \/>\n<meta name=\"twitter:card\" content=\"summary_large_image\" \/>\n<meta name=\"twitter:label1\" content=\"Escrit per\" \/>\n\t<meta name=\"twitter:data1\" content=\"factoryfy\" \/>\n\t<meta name=\"twitter:label2\" content=\"Temps estimat de lectura\" \/>\n\t<meta name=\"twitter:data2\" content=\"1 minut\" \/>\n<script type=\"application\/ld+json\" class=\"yoast-schema-graph\">{\"@context\":\"https:\\\/\\\/schema.org\",\"@graph\":[{\"@type\":\"Article\",\"@id\":\"https:\\\/\\\/www.lauracosta.com\\\/ca\\\/vestidos-que-enamoran\\\/#article\",\"isPartOf\":{\"@id\":\"https:\\\/\\\/www.lauracosta.com\\\/ca\\\/vestidos-que-enamoran\\\/\"},\"author\":{\"name\":\"factoryfy\",\"@id\":\"https:\\\/\\\/www.lauracosta.com\\\/#\\\/schema\\\/person\\\/88a3aa3a762e09aa91cddc385661d3d9\"},\"headline\":\"VESTIDOS QUE ENAMORAN\",\"datePublished\":\"2016-05-12T08:40:06+00:00\",\"dateModified\":\"2024-11-14T09:40:17+00:00\",\"mainEntityOfPage\":{\"@id\":\"https:\\\/\\\/www.lauracosta.com\\\/ca\\\/vestidos-que-enamoran\\\/\"},\"wordCount\":236,\"publisher\":{\"@id\":\"https:\\\/\\\/www.lauracosta.com\\\/#organization\"},\"image\":{\"@id\":\"https:\\\/\\\/www.lauracosta.com\\\/ca\\\/vestidos-que-enamoran\\\/#primaryimage\"},\"thumbnailUrl\":\"https:\\\/\\\/www.lauracosta.com\\\/wp-content\\\/uploads\\\/2024\\\/11\\\/VESTIDOS-QUE-ENAMORAN-PRIMAVERA-VERANO-2016.jpg\",\"articleSection\":[\"Blog\"],\"inLanguage\":\"ca\"},{\"@type\":\"WebPage\",\"@id\":\"https:\\\/\\\/www.lauracosta.com\\\/ca\\\/vestidos-que-enamoran\\\/\",\"url\":\"https:\\\/\\\/www.lauracosta.com\\\/ca\\\/vestidos-que-enamoran\\\/\",\"name\":\"VESTIDOS QUE ENAMORAN - Laura Costa\",\"isPartOf\":{\"@id\":\"https:\\\/\\\/www.lauracosta.com\\\/#website\"},\"primaryImageOfPage\":{\"@id\":\"https:\\\/\\\/www.lauracosta.com\\\/ca\\\/vestidos-que-enamoran\\\/#primaryimage\"},\"image\":{\"@id\":\"https:\\\/\\\/www.lauracosta.com\\\/ca\\\/vestidos-que-enamoran\\\/#primaryimage\"},\"thumbnailUrl\":\"https:\\\/\\\/www.lauracosta.com\\\/wp-content\\\/uploads\\\/2024\\\/11\\\/VESTIDOS-QUE-ENAMORAN-PRIMAVERA-VERANO-2016.jpg\",\"datePublished\":\"2016-05-12T08:40:06+00:00\",\"dateModified\":\"2024-11-14T09:40:17+00:00\",\"breadcrumb\":{\"@id\":\"https:\\\/\\\/www.lauracosta.com\\\/ca\\\/vestidos-que-enamoran\\\/#breadcrumb\"},\"inLanguage\":\"ca\",\"potentialAction\":[{\"@type\":\"ReadAction\",\"target\":[\"https:\\\/\\\/www.lauracosta.com\\\/ca\\\/vestidos-que-enamoran\\\/\"]}]},{\"@type\":\"ImageObject\",\"inLanguage\":\"ca\",\"@id\":\"https:\\\/\\\/www.lauracosta.com\\\/ca\\\/vestidos-que-enamoran\\\/#primaryimage\",\"url\":\"https:\\\/\\\/www.lauracosta.com\\\/wp-content\\\/uploads\\\/2024\\\/11\\\/VESTIDOS-QUE-ENAMORAN-PRIMAVERA-VERANO-2016.jpg\",\"contentUrl\":\"https:\\\/\\\/www.lauracosta.com\\\/wp-content\\\/uploads\\\/2024\\\/11\\\/VESTIDOS-QUE-ENAMORAN-PRIMAVERA-VERANO-2016.jpg\",\"width\":1200,\"height\":1196},{\"@type\":\"BreadcrumbList\",\"@id\":\"https:\\\/\\\/www.lauracosta.com\\\/ca\\\/vestidos-que-enamoran\\\/#breadcrumb\",\"itemListElement\":[{\"@type\":\"ListItem\",\"position\":1,\"name\":\"Portada\",\"item\":\"https:\\\/\\\/www.lauracosta.com\\\/\"},{\"@type\":\"ListItem\",\"position\":2,\"name\":\"VESTIDOS QUE ENAMORAN\"}]},{\"@type\":\"WebSite\",\"@id\":\"https:\\\/\\\/www.lauracosta.com\\\/#website\",\"url\":\"https:\\\/\\\/www.lauracosta.com\\\/\",\"name\":\"Laura Costa\",\"description\":\"Asesor\u00eda de imagen &amp; Personal Shopper\",\"publisher\":{\"@id\":\"https:\\\/\\\/www.lauracosta.com\\\/#organization\"},\"potentialAction\":[{\"@type\":\"SearchAction\",\"target\":{\"@type\":\"EntryPoint\",\"urlTemplate\":\"https:\\\/\\\/www.lauracosta.com\\\/?s={search_term_string}\"},\"query-input\":{\"@type\":\"PropertyValueSpecification\",\"valueRequired\":true,\"valueName\":\"search_term_string\"}}],\"inLanguage\":\"ca\"},{\"@type\":\"Organization\",\"@id\":\"https:\\\/\\\/www.lauracosta.com\\\/#organization\",\"name\":\"Laura Costa\",\"url\":\"https:\\\/\\\/www.lauracosta.com\\\/\",\"logo\":{\"@type\":\"ImageObject\",\"inLanguage\":\"ca\",\"@id\":\"https:\\\/\\\/www.lauracosta.com\\\/#\\\/schema\\\/logo\\\/image\\\/\",\"url\":\"https:\\\/\\\/www.lauracosta.com\\\/wp-content\\\/uploads\\\/2024\\\/11\\\/laura-costa-imagen-696.jpg\",\"contentUrl\":\"https:\\\/\\\/www.lauracosta.com\\\/wp-content\\\/uploads\\\/2024\\\/11\\\/laura-costa-imagen-696.jpg\",\"width\":696,\"height\":696,\"caption\":\"Laura Costa\"},\"image\":{\"@id\":\"https:\\\/\\\/www.lauracosta.com\\\/#\\\/schema\\\/logo\\\/image\\\/\"}},{\"@type\":\"Person\",\"@id\":\"https:\\\/\\\/www.lauracosta.com\\\/#\\\/schema\\\/person\\\/88a3aa3a762e09aa91cddc385661d3d9\",\"name\":\"factoryfy\",\"image\":{\"@type\":\"ImageObject\",\"inLanguage\":\"ca\",\"@id\":\"https:\\\/\\\/secure.gravatar.com\\\/avatar\\\/f6b08826744ac84b5c5730915ab186e60373c936b9668ce079c076fa428c7725?s=96&d=mm&r=g\",\"url\":\"https:\\\/\\\/secure.gravatar.com\\\/avatar\\\/f6b08826744ac84b5c5730915ab186e60373c936b9668ce079c076fa428c7725?s=96&d=mm&r=g\",\"contentUrl\":\"https:\\\/\\\/secure.gravatar.com\\\/avatar\\\/f6b08826744ac84b5c5730915ab186e60373c936b9668ce079c076fa428c7725?s=96&d=mm&r=g\",\"caption\":\"factoryfy\"},\"sameAs\":[\"https:\\\/\\\/www.lauracosta.com\"]}]}<\/script>\n<!-- \/ Yoast SEO plugin. -->","yoast_head_json":{"title":"VESTIDOS QUE ENAMORAN - Laura Costa","robots":{"index":"index","follow":"follow","max-snippet":"max-snippet:-1","max-image-preview":"max-image-preview:large","max-video-preview":"max-video-preview:-1"},"canonical":"https:\/\/www.lauracosta.com\/ca\/vestidos-que-enamoran\/","og_locale":"ca_ES","og_type":"article","og_title":"VESTIDOS QUE ENAMORAN - Laura Costa","og_description":"Aquests mesos solen venir plens de compromisos socials, noces i celebracions. \u00c9s dif\u00edcil escollir el vestit perfecte, que a m\u00e9s d&#8217;afavorir i potenciar la nostra tipologia corporal ha de ser prou adaptable per poder amortitzar-ho i portar-ho en altres ocasions. Important a l&#8217;hora d&#8217;anar de Shopping \u00e9s tenir en compte el teixit, la forma i [&hellip;]","og_url":"https:\/\/www.lauracosta.com\/ca\/vestidos-que-enamoran\/","og_site_name":"Laura Costa","article_published_time":"2016-05-12T08:40:06+00:00","article_modified_time":"2024-11-14T09:40:17+00:00","og_image":[{"width":1200,"height":1196,"url":"https:\/\/www.lauracosta.com\/wp-content\/uploads\/2024\/11\/VESTIDOS-QUE-ENAMORAN-PRIMAVERA-VERANO-2016.jpg","type":"image\/jpeg"}],"author":"factoryfy","twitter_card":"summary_large_image","twitter_misc":{"Escrit per":"factoryfy","Temps estimat de lectura":"1 minut"},"schema":{"@context":"https:\/\/schema.org","@graph":[{"@type":"Article","@id":"https:\/\/www.lauracosta.com\/ca\/vestidos-que-enamoran\/#article","isPartOf":{"@id":"https:\/\/www.lauracosta.com\/ca\/vestidos-que-enamoran\/"},"author":{"name":"factoryfy","@id":"https:\/\/www.lauracosta.com\/#\/schema\/person\/88a3aa3a762e09aa91cddc385661d3d9"},"headline":"VESTIDOS QUE ENAMORAN","datePublished":"2016-05-12T08:40:06+00:00","dateModified":"2024-11-14T09:40:17+00:00","mainEntityOfPage":{"@id":"https:\/\/www.lauracosta.com\/ca\/vestidos-que-enamoran\/"},"wordCount":236,"publisher":{"@id":"https:\/\/www.lauracosta.com\/#organization"},"image":{"@id":"https:\/\/www.lauracosta.com\/ca\/vestidos-que-enamoran\/#primaryimage"},"thumbnailUrl":"https:\/\/www.lauracosta.com\/wp-content\/uploads\/2024\/11\/VESTIDOS-QUE-ENAMORAN-PRIMAVERA-VERANO-2016.jpg","articleSection":["Blog"],"inLanguage":"ca"},{"@type":"WebPage","@id":"https:\/\/www.lauracosta.com\/ca\/vestidos-que-enamoran\/","url":"https:\/\/www.lauracosta.com\/ca\/vestidos-que-enamoran\/","name":"VESTIDOS QUE ENAMORAN - Laura Costa","isPartOf":{"@id":"https:\/\/www.lauracosta.com\/#website"},"primaryImageOfPage":{"@id":"https:\/\/www.lauracosta.com\/ca\/vestidos-que-enamoran\/#primaryimage"},"image":{"@id":"https:\/\/www.lauracosta.com\/ca\/vestidos-que-enamoran\/#primaryimage"},"thumbnailUrl":"https:\/\/www.lauracosta.com\/wp-content\/uploads\/2024\/11\/VESTIDOS-QUE-ENAMORAN-PRIMAVERA-VERANO-2016.jpg","datePublished":"2016-05-12T08:40:06+00:00","dateModified":"2024-11-14T09:40:17+00:00","breadcrumb":{"@id":"https:\/\/www.lauracosta.com\/ca\/vestidos-que-enamoran\/#breadcrumb"},"inLanguage":"ca","potentialAction":[{"@type":"ReadAction","target":["https:\/\/www.lauracosta.com\/ca\/vestidos-que-enamoran\/"]}]},{"@type":"ImageObject","inLanguage":"ca","@id":"https:\/\/www.lauracosta.com\/ca\/vestidos-que-enamoran\/#primaryimage","url":"https:\/\/www.lauracosta.com\/wp-content\/uploads\/2024\/11\/VESTIDOS-QUE-ENAMORAN-PRIMAVERA-VERANO-2016.jpg","contentUrl":"https:\/\/www.lauracosta.com\/wp-content\/uploads\/2024\/11\/VESTIDOS-QUE-ENAMORAN-PRIMAVERA-VERANO-2016.jpg","width":1200,"height":1196},{"@type":"BreadcrumbList","@id":"https:\/\/www.lauracosta.com\/ca\/vestidos-que-enamoran\/#breadcrumb","itemListElement":[{"@type":"ListItem","position":1,"name":"Portada","item":"https:\/\/www.lauracosta.com\/"},{"@type":"ListItem","position":2,"name":"VESTIDOS QUE ENAMORAN"}]},{"@type":"WebSite","@id":"https:\/\/www.lauracosta.com\/#website","url":"https:\/\/www.lauracosta.com\/","name":"Laura Costa","description":"Asesor\u00eda de imagen &amp; Personal Shopper","publisher":{"@id":"https:\/\/www.lauracosta.com\/#organization"},"potentialAction":[{"@type":"SearchAction","target":{"@type":"EntryPoint","urlTemplate":"https:\/\/www.lauracosta.com\/?s={search_term_string}"},"query-input":{"@type":"PropertyValueSpecification","valueRequired":true,"valueName":"search_term_string"}}],"inLanguage":"ca"},{"@type":"Organization","@id":"https:\/\/www.lauracosta.com\/#organization","name":"Laura Costa","url":"https:\/\/www.lauracosta.com\/","logo":{"@type":"ImageObject","inLanguage":"ca","@id":"https:\/\/www.lauracosta.com\/#\/schema\/logo\/image\/","url":"https:\/\/www.lauracosta.com\/wp-content\/uploads\/2024\/11\/laura-costa-imagen-696.jpg","contentUrl":"https:\/\/www.lauracosta.com\/wp-content\/uploads\/2024\/11\/laura-costa-imagen-696.jpg","width":696,"height":696,"caption":"Laura Costa"},"image":{"@id":"https:\/\/www.lauracosta.com\/#\/schema\/logo\/image\/"}},{"@type":"Person","@id":"https:\/\/www.lauracosta.com\/#\/schema\/person\/88a3aa3a762e09aa91cddc385661d3d9","name":"factoryfy","image":{"@type":"ImageObject","inLanguage":"ca","@id":"https:\/\/secure.gravatar.com\/avatar\/f6b08826744ac84b5c5730915ab186e60373c936b9668ce079c076fa428c7725?s=96&d=mm&r=g","url":"https:\/\/secure.gravatar.com\/avatar\/f6b08826744ac84b5c5730915ab186e60373c936b9668ce079c076fa428c7725?s=96&d=mm&r=g","contentUrl":"https:\/\/secure.gravatar.com\/avatar\/f6b08826744ac84b5c5730915ab186e60373c936b9668ce079c076fa428c7725?s=96&d=mm&r=g","caption":"factoryfy"},"sameAs":["https:\/\/www.lauracosta.com"]}]}},"_links":{"self":[{"href":"https:\/\/www.lauracosta.com\/ca\/wp-json\/wp\/v2\/posts\/4748","targetHints":{"allow":["GET"]}}],"collection":[{"href":"https:\/\/www.lauracosta.com\/ca\/wp-json\/wp\/v2\/posts"}],"about":[{"href":"https:\/\/www.lauracosta.com\/ca\/wp-json\/wp\/v2\/types\/post"}],"author":[{"embeddable":true,"href":"https:\/\/www.lauracosta.com\/ca\/wp-json\/wp\/v2\/users\/1"}],"replies":[{"embeddable":true,"href":"https:\/\/www.lauracosta.com\/ca\/wp-json\/wp\/v2\/comments?post=4748"}],"version-history":[{"count":1,"href":"https:\/\/www.lauracosta.com\/ca\/wp-json\/wp\/v2\/posts\/4748\/revisions"}],"predecessor-version":[{"id":4749,"href":"https:\/\/www.lauracosta.com\/ca\/wp-json\/wp\/v2\/posts\/4748\/revisions\/4749"}],"wp:featuredmedia":[{"embeddable":true,"href":"https:\/\/www.lauracosta.com\/ca\/wp-json\/wp\/v2\/media\/3335"}],"wp:attachment":[{"href":"https:\/\/www.lauracosta.com\/ca\/wp-json\/wp\/v2\/media?parent=4748"}],"wp:term":[{"taxonomy":"category","embeddable":true,"href":"https:\/\/www.lauracosta.com\/ca\/wp-json\/wp\/v2\/categories?post=4748"},{"taxonomy":"post_tag","embeddable":true,"href":"https:\/\/www.lauracosta.com\/ca\/wp-json\/wp\/v2\/tags?post=4748"}],"curies":[{"name":"wp","href":"https:\/\/api.w.org\/{rel}","templated":true}]}}