{"id":4756,"date":"2016-02-24T10:52:14","date_gmt":"2016-02-24T09:52:14","guid":{"rendered":"https:\/\/www.lauracosta.com\/taller-de-imagen-en-el-hospital-duran-y-reynals-2\/"},"modified":"2016-02-24T10:52:14","modified_gmt":"2016-02-24T09:52:14","slug":"taller-de-imagen-en-el-hospital-duran-y-reynals-2","status":"publish","type":"post","link":"https:\/\/www.lauracosta.com\/ca\/taller-de-imagen-en-el-hospital-duran-y-reynals-2\/","title":{"rendered":"Taller de Imagen en el Hospital Duran y Reynals"},"content":{"rendered":"<p><strong>-Com millorar la imatge davant els canvis f\u00edsics que comporten els tractaments oncol\u00f2gics?<\/strong><\/p>\n<p>Dem\u00e0 de 10:30h a 11:30h, impartir\u00e9 a l&#8217;Hospital Duran i Reynals, un <strong>Taller d&#8217;Imatge.<\/strong><\/p>\n<p>L&#8217;objectiu \u00e9s posar a l&#8217;abast de totes les assistents una s\u00e8rie d&#8217;eines: mocadors, gorres, maquillatge, indument\u00e0ria, color, accessoris&#8230; per conservar i millorar la seva imatge.<br \/>\nTotes les assistents que ho desitgin tindran una hora gratu\u00efta d&#8217;assessorament personalitzat en el meu despatx.<\/p>\n","protected":false},"excerpt":{"rendered":"<p>-Com millorar la imatge davant els canvis f\u00edsics que comporten els tractaments oncol\u00f2gics? Dem\u00e0 de 10:30h a 11:30h, impartir\u00e9 a l&#8217;Hospital Duran i Reynals, un Taller d&#8217;Imatge. L&#8217;objectiu \u00e9s posar a l&#8217;abast de totes les assistents una s\u00e8rie d&#8217;eines: mocadors, gorres, maquillatge, indument\u00e0ria, color, accessoris&#8230; per conservar i millorar la seva imatge. Totes les assistents [&hellip;]<\/p>\n","protected":false},"author":1,"featured_media":3099,"comment_status":"closed","ping_status":"closed","sticky":false,"template":"","format":"standard","meta":{"_joinchat":[],"footnotes":""},"categories":[48],"tags":[114,190,45,92,168,169,191],"class_list":["post-4756","post","type-post","status-publish","format-standard","has-post-thumbnail","hentry","category-blog-ca","tag-accesorios","tag-gorras","tag-indumentaria","tag-maquillaje","tag-oncologia","tag-panuelos","tag-taller-de-imagen-personal"],"yoast_head":"<!-- This site is optimized with the Yoast SEO plugin v27.5 - https:\/\/yoast.com\/product\/yoast-seo-wordpress\/ -->\n<title>Taller de Imagen en el Hospital Duran y Reynals - Laura Costa<\/title>\n<meta name=\"robots\" content=\"index, follow, max-snippet:-1, max-image-preview:large, max-video-preview:-1\" \/>\n<link rel=\"canonical\" href=\"https:\/\/www.lauracosta.com\/ca\/taller-de-imagen-en-el-hospital-duran-y-reynals-2\/\" \/>\n<meta property=\"og:locale\" content=\"ca_ES\" \/>\n<meta property=\"og:type\" content=\"article\" \/>\n<meta property=\"og:title\" content=\"Taller de Imagen en el Hospital Duran y Reynals - Laura Costa\" \/>\n<meta property=\"og:description\" content=\"-Com millorar la imatge davant els canvis f\u00edsics que comporten els tractaments oncol\u00f2gics? Dem\u00e0 de 10:30h a 11:30h, impartir\u00e9 a l&#8217;Hospital Duran i Reynals, un Taller d&#8217;Imatge. L&#8217;objectiu \u00e9s posar a l&#8217;abast de totes les assistents una s\u00e8rie d&#8217;eines: mocadors, gorres, maquillatge, indument\u00e0ria, color, accessoris&#8230; per conservar i millorar la seva imatge. Totes les assistents [&hellip;]\" \/>\n<meta property=\"og:url\" content=\"https:\/\/www.lauracosta.com\/ca\/taller-de-imagen-en-el-hospital-duran-y-reynals-2\/\" \/>\n<meta property=\"og:site_name\" content=\"Laura Costa\" \/>\n<meta property=\"article:published_time\" content=\"2016-02-24T09:52:14+00:00\" \/>\n<meta property=\"og:image\" content=\"https:\/\/www.lauracosta.com\/wp-content\/uploads\/2024\/11\/Panuelos-en-la-cabeza.jpg\" \/>\n\t<meta property=\"og:image:width\" content=\"437\" \/>\n\t<meta property=\"og:image:height\" content=\"348\" \/>\n\t<meta property=\"og:image:type\" content=\"image\/jpeg\" \/>\n<meta name=\"author\" content=\"factoryfy\" \/>\n<meta name=\"twitter:card\" content=\"summary_large_image\" \/>\n<meta name=\"twitter:label1\" content=\"Escrit per\" \/>\n\t<meta name=\"twitter:data1\" content=\"factoryfy\" \/>\n<script type=\"application\/ld+json\" class=\"yoast-schema-graph\">{\"@context\":\"https:\\\/\\\/schema.org\",\"@graph\":[{\"@type\":\"Article\",\"@id\":\"https:\\\/\\\/www.lauracosta.com\\\/ca\\\/taller-de-imagen-en-el-hospital-duran-y-reynals-2\\\/#article\",\"isPartOf\":{\"@id\":\"https:\\\/\\\/www.lauracosta.com\\\/ca\\\/taller-de-imagen-en-el-hospital-duran-y-reynals-2\\\/\"},\"author\":{\"name\":\"factoryfy\",\"@id\":\"https:\\\/\\\/www.lauracosta.com\\\/#\\\/schema\\\/person\\\/88a3aa3a762e09aa91cddc385661d3d9\"},\"headline\":\"Taller de Imagen en el Hospital Duran y Reynals\",\"datePublished\":\"2016-02-24T09:52:14+00:00\",\"mainEntityOfPage\":{\"@id\":\"https:\\\/\\\/www.lauracosta.com\\\/ca\\\/taller-de-imagen-en-el-hospital-duran-y-reynals-2\\\/\"},\"wordCount\":88,\"publisher\":{\"@id\":\"https:\\\/\\\/www.lauracosta.com\\\/#organization\"},\"image\":{\"@id\":\"https:\\\/\\\/www.lauracosta.com\\\/ca\\\/taller-de-imagen-en-el-hospital-duran-y-reynals-2\\\/#primaryimage\"},\"thumbnailUrl\":\"https:\\\/\\\/www.lauracosta.com\\\/wp-content\\\/uploads\\\/2024\\\/11\\\/Panuelos-en-la-cabeza.jpg\",\"keywords\":[\"accesorios\",\"gorras\",\"indumentaria\",\"maquillaje\",\"oncolog\u00eda\",\"pa\u00f1uelos\",\"Taller de imagen personal\"],\"articleSection\":[\"Blog\"],\"inLanguage\":\"ca\"},{\"@type\":\"WebPage\",\"@id\":\"https:\\\/\\\/www.lauracosta.com\\\/ca\\\/taller-de-imagen-en-el-hospital-duran-y-reynals-2\\\/\",\"url\":\"https:\\\/\\\/www.lauracosta.com\\\/ca\\\/taller-de-imagen-en-el-hospital-duran-y-reynals-2\\\/\",\"name\":\"Taller de Imagen en el Hospital Duran y Reynals - Laura Costa\",\"isPartOf\":{\"@id\":\"https:\\\/\\\/www.lauracosta.com\\\/#website\"},\"primaryImageOfPage\":{\"@id\":\"https:\\\/\\\/www.lauracosta.com\\\/ca\\\/taller-de-imagen-en-el-hospital-duran-y-reynals-2\\\/#primaryimage\"},\"image\":{\"@id\":\"https:\\\/\\\/www.lauracosta.com\\\/ca\\\/taller-de-imagen-en-el-hospital-duran-y-reynals-2\\\/#primaryimage\"},\"thumbnailUrl\":\"https:\\\/\\\/www.lauracosta.com\\\/wp-content\\\/uploads\\\/2024\\\/11\\\/Panuelos-en-la-cabeza.jpg\",\"datePublished\":\"2016-02-24T09:52:14+00:00\",\"breadcrumb\":{\"@id\":\"https:\\\/\\\/www.lauracosta.com\\\/ca\\\/taller-de-imagen-en-el-hospital-duran-y-reynals-2\\\/#breadcrumb\"},\"inLanguage\":\"ca\",\"potentialAction\":[{\"@type\":\"ReadAction\",\"target\":[\"https:\\\/\\\/www.lauracosta.com\\\/ca\\\/taller-de-imagen-en-el-hospital-duran-y-reynals-2\\\/\"]}]},{\"@type\":\"ImageObject\",\"inLanguage\":\"ca\",\"@id\":\"https:\\\/\\\/www.lauracosta.com\\\/ca\\\/taller-de-imagen-en-el-hospital-duran-y-reynals-2\\\/#primaryimage\",\"url\":\"https:\\\/\\\/www.lauracosta.com\\\/wp-content\\\/uploads\\\/2024\\\/11\\\/Panuelos-en-la-cabeza.jpg\",\"contentUrl\":\"https:\\\/\\\/www.lauracosta.com\\\/wp-content\\\/uploads\\\/2024\\\/11\\\/Panuelos-en-la-cabeza.jpg\",\"width\":437,\"height\":348},{\"@type\":\"BreadcrumbList\",\"@id\":\"https:\\\/\\\/www.lauracosta.com\\\/ca\\\/taller-de-imagen-en-el-hospital-duran-y-reynals-2\\\/#breadcrumb\",\"itemListElement\":[{\"@type\":\"ListItem\",\"position\":1,\"name\":\"Portada\",\"item\":\"https:\\\/\\\/www.lauracosta.com\\\/\"},{\"@type\":\"ListItem\",\"position\":2,\"name\":\"Taller de Imagen en el Hospital Duran y Reynals\"}]},{\"@type\":\"WebSite\",\"@id\":\"https:\\\/\\\/www.lauracosta.com\\\/#website\",\"url\":\"https:\\\/\\\/www.lauracosta.com\\\/\",\"name\":\"Laura Costa\",\"description\":\"Asesor\u00eda de imagen &amp; Personal Shopper\",\"publisher\":{\"@id\":\"https:\\\/\\\/www.lauracosta.com\\\/#organization\"},\"potentialAction\":[{\"@type\":\"SearchAction\",\"target\":{\"@type\":\"EntryPoint\",\"urlTemplate\":\"https:\\\/\\\/www.lauracosta.com\\\/?s={search_term_string}\"},\"query-input\":{\"@type\":\"PropertyValueSpecification\",\"valueRequired\":true,\"valueName\":\"search_term_string\"}}],\"inLanguage\":\"ca\"},{\"@type\":\"Organization\",\"@id\":\"https:\\\/\\\/www.lauracosta.com\\\/#organization\",\"name\":\"Laura Costa\",\"url\":\"https:\\\/\\\/www.lauracosta.com\\\/\",\"logo\":{\"@type\":\"ImageObject\",\"inLanguage\":\"ca\",\"@id\":\"https:\\\/\\\/www.lauracosta.com\\\/#\\\/schema\\\/logo\\\/image\\\/\",\"url\":\"https:\\\/\\\/www.lauracosta.com\\\/wp-content\\\/uploads\\\/2024\\\/11\\\/laura-costa-imagen-696.jpg\",\"contentUrl\":\"https:\\\/\\\/www.lauracosta.com\\\/wp-content\\\/uploads\\\/2024\\\/11\\\/laura-costa-imagen-696.jpg\",\"width\":696,\"height\":696,\"caption\":\"Laura Costa\"},\"image\":{\"@id\":\"https:\\\/\\\/www.lauracosta.com\\\/#\\\/schema\\\/logo\\\/image\\\/\"}},{\"@type\":\"Person\",\"@id\":\"https:\\\/\\\/www.lauracosta.com\\\/#\\\/schema\\\/person\\\/88a3aa3a762e09aa91cddc385661d3d9\",\"name\":\"factoryfy\",\"image\":{\"@type\":\"ImageObject\",\"inLanguage\":\"ca\",\"@id\":\"https:\\\/\\\/secure.gravatar.com\\\/avatar\\\/f6b08826744ac84b5c5730915ab186e60373c936b9668ce079c076fa428c7725?s=96&d=mm&r=g\",\"url\":\"https:\\\/\\\/secure.gravatar.com\\\/avatar\\\/f6b08826744ac84b5c5730915ab186e60373c936b9668ce079c076fa428c7725?s=96&d=mm&r=g\",\"contentUrl\":\"https:\\\/\\\/secure.gravatar.com\\\/avatar\\\/f6b08826744ac84b5c5730915ab186e60373c936b9668ce079c076fa428c7725?s=96&d=mm&r=g\",\"caption\":\"factoryfy\"},\"sameAs\":[\"https:\\\/\\\/www.lauracosta.com\"]}]}<\/script>\n<!-- \/ Yoast SEO plugin. -->","yoast_head_json":{"title":"Taller de Imagen en el Hospital Duran y Reynals - Laura Costa","robots":{"index":"index","follow":"follow","max-snippet":"max-snippet:-1","max-image-preview":"max-image-preview:large","max-video-preview":"max-video-preview:-1"},"canonical":"https:\/\/www.lauracosta.com\/ca\/taller-de-imagen-en-el-hospital-duran-y-reynals-2\/","og_locale":"ca_ES","og_type":"article","og_title":"Taller de Imagen en el Hospital Duran y Reynals - Laura Costa","og_description":"-Com millorar la imatge davant els canvis f\u00edsics que comporten els tractaments oncol\u00f2gics? Dem\u00e0 de 10:30h a 11:30h, impartir\u00e9 a l&#8217;Hospital Duran i Reynals, un Taller d&#8217;Imatge. L&#8217;objectiu \u00e9s posar a l&#8217;abast de totes les assistents una s\u00e8rie d&#8217;eines: mocadors, gorres, maquillatge, indument\u00e0ria, color, accessoris&#8230; per conservar i millorar la seva imatge. Totes les assistents [&hellip;]","og_url":"https:\/\/www.lauracosta.com\/ca\/taller-de-imagen-en-el-hospital-duran-y-reynals-2\/","og_site_name":"Laura Costa","article_published_time":"2016-02-24T09:52:14+00:00","og_image":[{"width":437,"height":348,"url":"https:\/\/www.lauracosta.com\/wp-content\/uploads\/2024\/11\/Panuelos-en-la-cabeza.jpg","type":"image\/jpeg"}],"author":"factoryfy","twitter_card":"summary_large_image","twitter_misc":{"Escrit per":"factoryfy"},"schema":{"@context":"https:\/\/schema.org","@graph":[{"@type":"Article","@id":"https:\/\/www.lauracosta.com\/ca\/taller-de-imagen-en-el-hospital-duran-y-reynals-2\/#article","isPartOf":{"@id":"https:\/\/www.lauracosta.com\/ca\/taller-de-imagen-en-el-hospital-duran-y-reynals-2\/"},"author":{"name":"factoryfy","@id":"https:\/\/www.lauracosta.com\/#\/schema\/person\/88a3aa3a762e09aa91cddc385661d3d9"},"headline":"Taller de Imagen en el Hospital Duran y Reynals","datePublished":"2016-02-24T09:52:14+00:00","mainEntityOfPage":{"@id":"https:\/\/www.lauracosta.com\/ca\/taller-de-imagen-en-el-hospital-duran-y-reynals-2\/"},"wordCount":88,"publisher":{"@id":"https:\/\/www.lauracosta.com\/#organization"},"image":{"@id":"https:\/\/www.lauracosta.com\/ca\/taller-de-imagen-en-el-hospital-duran-y-reynals-2\/#primaryimage"},"thumbnailUrl":"https:\/\/www.lauracosta.com\/wp-content\/uploads\/2024\/11\/Panuelos-en-la-cabeza.jpg","keywords":["accesorios","gorras","indumentaria","maquillaje","oncolog\u00eda","pa\u00f1uelos","Taller de imagen personal"],"articleSection":["Blog"],"inLanguage":"ca"},{"@type":"WebPage","@id":"https:\/\/www.lauracosta.com\/ca\/taller-de-imagen-en-el-hospital-duran-y-reynals-2\/","url":"https:\/\/www.lauracosta.com\/ca\/taller-de-imagen-en-el-hospital-duran-y-reynals-2\/","name":"Taller de Imagen en el Hospital Duran y Reynals - Laura Costa","isPartOf":{"@id":"https:\/\/www.lauracosta.com\/#website"},"primaryImageOfPage":{"@id":"https:\/\/www.lauracosta.com\/ca\/taller-de-imagen-en-el-hospital-duran-y-reynals-2\/#primaryimage"},"image":{"@id":"https:\/\/www.lauracosta.com\/ca\/taller-de-imagen-en-el-hospital-duran-y-reynals-2\/#primaryimage"},"thumbnailUrl":"https:\/\/www.lauracosta.com\/wp-content\/uploads\/2024\/11\/Panuelos-en-la-cabeza.jpg","datePublished":"2016-02-24T09:52:14+00:00","breadcrumb":{"@id":"https:\/\/www.lauracosta.com\/ca\/taller-de-imagen-en-el-hospital-duran-y-reynals-2\/#breadcrumb"},"inLanguage":"ca","potentialAction":[{"@type":"ReadAction","target":["https:\/\/www.lauracosta.com\/ca\/taller-de-imagen-en-el-hospital-duran-y-reynals-2\/"]}]},{"@type":"ImageObject","inLanguage":"ca","@id":"https:\/\/www.lauracosta.com\/ca\/taller-de-imagen-en-el-hospital-duran-y-reynals-2\/#primaryimage","url":"https:\/\/www.lauracosta.com\/wp-content\/uploads\/2024\/11\/Panuelos-en-la-cabeza.jpg","contentUrl":"https:\/\/www.lauracosta.com\/wp-content\/uploads\/2024\/11\/Panuelos-en-la-cabeza.jpg","width":437,"height":348},{"@type":"BreadcrumbList","@id":"https:\/\/www.lauracosta.com\/ca\/taller-de-imagen-en-el-hospital-duran-y-reynals-2\/#breadcrumb","itemListElement":[{"@type":"ListItem","position":1,"name":"Portada","item":"https:\/\/www.lauracosta.com\/"},{"@type":"ListItem","position":2,"name":"Taller de Imagen en el Hospital Duran y Reynals"}]},{"@type":"WebSite","@id":"https:\/\/www.lauracosta.com\/#website","url":"https:\/\/www.lauracosta.com\/","name":"Laura Costa","description":"Asesor\u00eda de imagen &amp; Personal Shopper","publisher":{"@id":"https:\/\/www.lauracosta.com\/#organization"},"potentialAction":[{"@type":"SearchAction","target":{"@type":"EntryPoint","urlTemplate":"https:\/\/www.lauracosta.com\/?s={search_term_string}"},"query-input":{"@type":"PropertyValueSpecification","valueRequired":true,"valueName":"search_term_string"}}],"inLanguage":"ca"},{"@type":"Organization","@id":"https:\/\/www.lauracosta.com\/#organization","name":"Laura Costa","url":"https:\/\/www.lauracosta.com\/","logo":{"@type":"ImageObject","inLanguage":"ca","@id":"https:\/\/www.lauracosta.com\/#\/schema\/logo\/image\/","url":"https:\/\/www.lauracosta.com\/wp-content\/uploads\/2024\/11\/laura-costa-imagen-696.jpg","contentUrl":"https:\/\/www.lauracosta.com\/wp-content\/uploads\/2024\/11\/laura-costa-imagen-696.jpg","width":696,"height":696,"caption":"Laura Costa"},"image":{"@id":"https:\/\/www.lauracosta.com\/#\/schema\/logo\/image\/"}},{"@type":"Person","@id":"https:\/\/www.lauracosta.com\/#\/schema\/person\/88a3aa3a762e09aa91cddc385661d3d9","name":"factoryfy","image":{"@type":"ImageObject","inLanguage":"ca","@id":"https:\/\/secure.gravatar.com\/avatar\/f6b08826744ac84b5c5730915ab186e60373c936b9668ce079c076fa428c7725?s=96&d=mm&r=g","url":"https:\/\/secure.gravatar.com\/avatar\/f6b08826744ac84b5c5730915ab186e60373c936b9668ce079c076fa428c7725?s=96&d=mm&r=g","contentUrl":"https:\/\/secure.gravatar.com\/avatar\/f6b08826744ac84b5c5730915ab186e60373c936b9668ce079c076fa428c7725?s=96&d=mm&r=g","caption":"factoryfy"},"sameAs":["https:\/\/www.lauracosta.com"]}]}},"_links":{"self":[{"href":"https:\/\/www.lauracosta.com\/ca\/wp-json\/wp\/v2\/posts\/4756","targetHints":{"allow":["GET"]}}],"collection":[{"href":"https:\/\/www.lauracosta.com\/ca\/wp-json\/wp\/v2\/posts"}],"about":[{"href":"https:\/\/www.lauracosta.com\/ca\/wp-json\/wp\/v2\/types\/post"}],"author":[{"embeddable":true,"href":"https:\/\/www.lauracosta.com\/ca\/wp-json\/wp\/v2\/users\/1"}],"replies":[{"embeddable":true,"href":"https:\/\/www.lauracosta.com\/ca\/wp-json\/wp\/v2\/comments?post=4756"}],"version-history":[{"count":0,"href":"https:\/\/www.lauracosta.com\/ca\/wp-json\/wp\/v2\/posts\/4756\/revisions"}],"wp:featuredmedia":[{"embeddable":true,"href":"https:\/\/www.lauracosta.com\/ca\/wp-json\/wp\/v2\/media\/3099"}],"wp:attachment":[{"href":"https:\/\/www.lauracosta.com\/ca\/wp-json\/wp\/v2\/media?parent=4756"}],"wp:term":[{"taxonomy":"category","embeddable":true,"href":"https:\/\/www.lauracosta.com\/ca\/wp-json\/wp\/v2\/categories?post=4756"},{"taxonomy":"post_tag","embeddable":true,"href":"https:\/\/www.lauracosta.com\/ca\/wp-json\/wp\/v2\/tags?post=4756"}],"curies":[{"name":"wp","href":"https:\/\/api.w.org\/{rel}","templated":true}]}}