{"id":4772,"date":"2015-09-12T09:28:40","date_gmt":"2015-09-12T07:28:40","guid":{"rendered":"https:\/\/www.lauracosta.com\/dime-que-colores-sueles-llevar-y-te-dire-como-eres\/"},"modified":"2015-09-12T09:28:40","modified_gmt":"2015-09-12T07:28:40","slug":"dime-que-colores-sueles-llevar-y-te-dire-como-eres","status":"publish","type":"post","link":"https:\/\/www.lauracosta.com\/ca\/dime-que-colores-sueles-llevar-y-te-dire-como-eres\/","title":{"rendered":"Dime, qu\u00e9 colores sueles llevar, y te dir\u00e9 c\u00f3mo eres"},"content":{"rendered":"<p>El <strong>color<\/strong> \u00e9s un element de summa import\u00e0ncia a l&#8217;hora d&#8217;escollir la indument\u00e0ria i els accessoris que ens posem.<\/p>\n<p>\u00c9s una eina que ens ajuda a transmetre i que a m\u00e9s ens pot arribar a embellir notablement.<\/p>\n<p>Totes les persones solem decantar-nos per unes tonalitats o unes altres, i aix\u00f2 t\u00e9 el seu perqu\u00e8 impl\u00edcit.<\/p>\n<p>El <strong>color<\/strong> parla de com som, de com ens sentim, i transmet la nostra personalitat.<\/p>\n<p>Unes vegades ens complementa, unes altres ens aporta for\u00e7a, distinci\u00f3, proximitat o tendresa.<\/p>\n<p><span style=\"color: #ffffff;\">.<\/span><\/p>\n<p><strong>DIGUES-ME, QUINS COLORS SOLS PORTAR, I ET DIR\u00c9 COM ETS<\/strong><\/p>\n<p>Quins colors s\u00f3n els que sols utilitzar m\u00e9s? Amb els quals t&#8217;asseguis m\u00e9s c\u00f2mode?<\/p>\n<p><span style=\"color: #ffffff;\">.<\/span><\/p>\n<p><strong>Colors brillants: blau el\u00e8ctric, vermell, taronja, lila, verda maragda, groc&#8230;<\/strong><\/p>\n<p>Ets una persona atrevida i molt jovial. T&#8217;agrada cridar l&#8217;atenci\u00f3 i no t&#8217;importa que et mirin!<\/p>\n<p><strong>Colors brillants d&#8217;intensitat mitjana: granat, blau intens, verd \u00e0nec, morat&#8230;<\/strong><\/p>\n<p>El teu estendard \u00e9s l&#8217;eleg\u00e0ncia i la distinci\u00f3<\/p>\n<p><strong>Colors p\u00e0l\u00b7lids: rosa pal, blau cel, gris perla&#8230;<\/strong><\/p>\n<p>T&#8217;agrada endolcir la teva imatge i sentir-te molt proper als altres<\/p>\n<p><strong>Colors naturals: pedra, beix, sorra, camell&#8230;<\/strong><\/p>\n<p>Prefereixes passar desapercebut. Eleg\u00e0ncia i sobrietat s\u00f3n els teus principis essencials<\/p>\n<p><strong>Colors foscos: negre, gris <em>marengo<\/em>&#8230;<\/strong><\/p>\n<p>Et sents a gust transmetent una imatge seriosa i fins i tot distant.<\/p>\n<p>A m\u00e9s, els colors b\u00e0sics foscos s\u00f3n molt socorreguts a l&#8217;hora de combinar amb altres tonalitats.<\/p>\n<p><strong>Aquesta temporada les propostes de color ens ofereixen una gran varietat de tonalitats, aprofita-les per transmetre la imatge que desitgis.<\/strong><\/p>\n","protected":false},"excerpt":{"rendered":"<p>El color \u00e9s un element de summa import\u00e0ncia a l&#8217;hora d&#8217;escollir la indument\u00e0ria i els accessoris que ens posem. \u00c9s una eina que ens ajuda a transmetre i que a m\u00e9s ens pot arribar a embellir notablement. Totes les persones solem decantar-nos per unes tonalitats o unes altres, i aix\u00f2 t\u00e9 el seu perqu\u00e8 impl\u00edcit. [&hellip;]<\/p>\n","protected":false},"author":1,"featured_media":3035,"comment_status":"closed","ping_status":"closed","sticky":false,"template":"","format":"standard","meta":{"_joinchat":[],"footnotes":""},"categories":[48],"tags":[114,95,45,78],"class_list":["post-4772","post","type-post","status-publish","format-standard","has-post-thumbnail","hentry","category-blog-ca","tag-accesorios","tag-color","tag-indumentaria","tag-personal-shopper"],"yoast_head":"<!-- This site is optimized with the Yoast SEO plugin v27.5 - https:\/\/yoast.com\/product\/yoast-seo-wordpress\/ -->\n<title>Dime, qu\u00e9 colores sueles llevar, y te dir\u00e9 c\u00f3mo eres - Laura Costa<\/title>\n<meta name=\"robots\" content=\"index, follow, max-snippet:-1, max-image-preview:large, max-video-preview:-1\" \/>\n<link rel=\"canonical\" href=\"https:\/\/www.lauracosta.com\/ca\/dime-que-colores-sueles-llevar-y-te-dire-como-eres\/\" \/>\n<meta property=\"og:locale\" content=\"ca_ES\" \/>\n<meta property=\"og:type\" content=\"article\" \/>\n<meta property=\"og:title\" content=\"Dime, qu\u00e9 colores sueles llevar, y te dir\u00e9 c\u00f3mo eres - Laura Costa\" \/>\n<meta property=\"og:description\" content=\"El color \u00e9s un element de summa import\u00e0ncia a l&#8217;hora d&#8217;escollir la indument\u00e0ria i els accessoris que ens posem. \u00c9s una eina que ens ajuda a transmetre i que a m\u00e9s ens pot arribar a embellir notablement. Totes les persones solem decantar-nos per unes tonalitats o unes altres, i aix\u00f2 t\u00e9 el seu perqu\u00e8 impl\u00edcit. [&hellip;]\" \/>\n<meta property=\"og:url\" content=\"https:\/\/www.lauracosta.com\/ca\/dime-que-colores-sueles-llevar-y-te-dire-como-eres\/\" \/>\n<meta property=\"og:site_name\" content=\"Laura Costa\" \/>\n<meta property=\"article:published_time\" content=\"2015-09-12T07:28:40+00:00\" \/>\n<meta property=\"og:image\" content=\"https:\/\/www.lauracosta.com\/wp-content\/uploads\/2024\/11\/Mens-2014015-Fall-Winter-Colors-Trend-Council.jpg\" \/>\n\t<meta property=\"og:image:width\" content=\"736\" \/>\n\t<meta property=\"og:image:height\" content=\"1225\" \/>\n\t<meta property=\"og:image:type\" content=\"image\/jpeg\" \/>\n<meta name=\"author\" content=\"factoryfy\" \/>\n<meta name=\"twitter:card\" content=\"summary_large_image\" \/>\n<meta name=\"twitter:label1\" content=\"Escrit per\" \/>\n\t<meta name=\"twitter:data1\" content=\"factoryfy\" \/>\n\t<meta name=\"twitter:label2\" content=\"Temps estimat de lectura\" \/>\n\t<meta name=\"twitter:data2\" content=\"1 minut\" \/>\n<script type=\"application\/ld+json\" class=\"yoast-schema-graph\">{\"@context\":\"https:\\\/\\\/schema.org\",\"@graph\":[{\"@type\":\"Article\",\"@id\":\"https:\\\/\\\/www.lauracosta.com\\\/ca\\\/dime-que-colores-sueles-llevar-y-te-dire-como-eres\\\/#article\",\"isPartOf\":{\"@id\":\"https:\\\/\\\/www.lauracosta.com\\\/ca\\\/dime-que-colores-sueles-llevar-y-te-dire-como-eres\\\/\"},\"author\":{\"name\":\"factoryfy\",\"@id\":\"https:\\\/\\\/www.lauracosta.com\\\/#\\\/schema\\\/person\\\/88a3aa3a762e09aa91cddc385661d3d9\"},\"headline\":\"Dime, qu\u00e9 colores sueles llevar, y te dir\u00e9 c\u00f3mo eres\",\"datePublished\":\"2015-09-12T07:28:40+00:00\",\"mainEntityOfPage\":{\"@id\":\"https:\\\/\\\/www.lauracosta.com\\\/ca\\\/dime-que-colores-sueles-llevar-y-te-dire-como-eres\\\/\"},\"wordCount\":280,\"publisher\":{\"@id\":\"https:\\\/\\\/www.lauracosta.com\\\/#organization\"},\"image\":{\"@id\":\"https:\\\/\\\/www.lauracosta.com\\\/ca\\\/dime-que-colores-sueles-llevar-y-te-dire-como-eres\\\/#primaryimage\"},\"thumbnailUrl\":\"https:\\\/\\\/www.lauracosta.com\\\/wp-content\\\/uploads\\\/2024\\\/11\\\/Mens-2014015-Fall-Winter-Colors-Trend-Council.jpg\",\"keywords\":[\"accesorios\",\"color\",\"indumentaria\",\"Personal Shopper\"],\"articleSection\":[\"Blog\"],\"inLanguage\":\"ca\"},{\"@type\":\"WebPage\",\"@id\":\"https:\\\/\\\/www.lauracosta.com\\\/ca\\\/dime-que-colores-sueles-llevar-y-te-dire-como-eres\\\/\",\"url\":\"https:\\\/\\\/www.lauracosta.com\\\/ca\\\/dime-que-colores-sueles-llevar-y-te-dire-como-eres\\\/\",\"name\":\"Dime, qu\u00e9 colores sueles llevar, y te dir\u00e9 c\u00f3mo eres - Laura Costa\",\"isPartOf\":{\"@id\":\"https:\\\/\\\/www.lauracosta.com\\\/#website\"},\"primaryImageOfPage\":{\"@id\":\"https:\\\/\\\/www.lauracosta.com\\\/ca\\\/dime-que-colores-sueles-llevar-y-te-dire-como-eres\\\/#primaryimage\"},\"image\":{\"@id\":\"https:\\\/\\\/www.lauracosta.com\\\/ca\\\/dime-que-colores-sueles-llevar-y-te-dire-como-eres\\\/#primaryimage\"},\"thumbnailUrl\":\"https:\\\/\\\/www.lauracosta.com\\\/wp-content\\\/uploads\\\/2024\\\/11\\\/Mens-2014015-Fall-Winter-Colors-Trend-Council.jpg\",\"datePublished\":\"2015-09-12T07:28:40+00:00\",\"breadcrumb\":{\"@id\":\"https:\\\/\\\/www.lauracosta.com\\\/ca\\\/dime-que-colores-sueles-llevar-y-te-dire-como-eres\\\/#breadcrumb\"},\"inLanguage\":\"ca\",\"potentialAction\":[{\"@type\":\"ReadAction\",\"target\":[\"https:\\\/\\\/www.lauracosta.com\\\/ca\\\/dime-que-colores-sueles-llevar-y-te-dire-como-eres\\\/\"]}]},{\"@type\":\"ImageObject\",\"inLanguage\":\"ca\",\"@id\":\"https:\\\/\\\/www.lauracosta.com\\\/ca\\\/dime-que-colores-sueles-llevar-y-te-dire-como-eres\\\/#primaryimage\",\"url\":\"https:\\\/\\\/www.lauracosta.com\\\/wp-content\\\/uploads\\\/2024\\\/11\\\/Mens-2014015-Fall-Winter-Colors-Trend-Council.jpg\",\"contentUrl\":\"https:\\\/\\\/www.lauracosta.com\\\/wp-content\\\/uploads\\\/2024\\\/11\\\/Mens-2014015-Fall-Winter-Colors-Trend-Council.jpg\",\"width\":736,\"height\":1225},{\"@type\":\"BreadcrumbList\",\"@id\":\"https:\\\/\\\/www.lauracosta.com\\\/ca\\\/dime-que-colores-sueles-llevar-y-te-dire-como-eres\\\/#breadcrumb\",\"itemListElement\":[{\"@type\":\"ListItem\",\"position\":1,\"name\":\"Portada\",\"item\":\"https:\\\/\\\/www.lauracosta.com\\\/\"},{\"@type\":\"ListItem\",\"position\":2,\"name\":\"Dime, qu\u00e9 colores sueles llevar, y te dir\u00e9 c\u00f3mo eres\"}]},{\"@type\":\"WebSite\",\"@id\":\"https:\\\/\\\/www.lauracosta.com\\\/#website\",\"url\":\"https:\\\/\\\/www.lauracosta.com\\\/\",\"name\":\"Laura Costa\",\"description\":\"Asesor\u00eda de imagen &amp; Personal Shopper\",\"publisher\":{\"@id\":\"https:\\\/\\\/www.lauracosta.com\\\/#organization\"},\"potentialAction\":[{\"@type\":\"SearchAction\",\"target\":{\"@type\":\"EntryPoint\",\"urlTemplate\":\"https:\\\/\\\/www.lauracosta.com\\\/?s={search_term_string}\"},\"query-input\":{\"@type\":\"PropertyValueSpecification\",\"valueRequired\":true,\"valueName\":\"search_term_string\"}}],\"inLanguage\":\"ca\"},{\"@type\":\"Organization\",\"@id\":\"https:\\\/\\\/www.lauracosta.com\\\/#organization\",\"name\":\"Laura Costa\",\"url\":\"https:\\\/\\\/www.lauracosta.com\\\/\",\"logo\":{\"@type\":\"ImageObject\",\"inLanguage\":\"ca\",\"@id\":\"https:\\\/\\\/www.lauracosta.com\\\/#\\\/schema\\\/logo\\\/image\\\/\",\"url\":\"https:\\\/\\\/www.lauracosta.com\\\/wp-content\\\/uploads\\\/2024\\\/11\\\/laura-costa-imagen-696.jpg\",\"contentUrl\":\"https:\\\/\\\/www.lauracosta.com\\\/wp-content\\\/uploads\\\/2024\\\/11\\\/laura-costa-imagen-696.jpg\",\"width\":696,\"height\":696,\"caption\":\"Laura Costa\"},\"image\":{\"@id\":\"https:\\\/\\\/www.lauracosta.com\\\/#\\\/schema\\\/logo\\\/image\\\/\"}},{\"@type\":\"Person\",\"@id\":\"https:\\\/\\\/www.lauracosta.com\\\/#\\\/schema\\\/person\\\/88a3aa3a762e09aa91cddc385661d3d9\",\"name\":\"factoryfy\",\"image\":{\"@type\":\"ImageObject\",\"inLanguage\":\"ca\",\"@id\":\"https:\\\/\\\/secure.gravatar.com\\\/avatar\\\/f6b08826744ac84b5c5730915ab186e60373c936b9668ce079c076fa428c7725?s=96&d=mm&r=g\",\"url\":\"https:\\\/\\\/secure.gravatar.com\\\/avatar\\\/f6b08826744ac84b5c5730915ab186e60373c936b9668ce079c076fa428c7725?s=96&d=mm&r=g\",\"contentUrl\":\"https:\\\/\\\/secure.gravatar.com\\\/avatar\\\/f6b08826744ac84b5c5730915ab186e60373c936b9668ce079c076fa428c7725?s=96&d=mm&r=g\",\"caption\":\"factoryfy\"},\"sameAs\":[\"https:\\\/\\\/www.lauracosta.com\"]}]}<\/script>\n<!-- \/ Yoast SEO plugin. -->","yoast_head_json":{"title":"Dime, qu\u00e9 colores sueles llevar, y te dir\u00e9 c\u00f3mo eres - Laura Costa","robots":{"index":"index","follow":"follow","max-snippet":"max-snippet:-1","max-image-preview":"max-image-preview:large","max-video-preview":"max-video-preview:-1"},"canonical":"https:\/\/www.lauracosta.com\/ca\/dime-que-colores-sueles-llevar-y-te-dire-como-eres\/","og_locale":"ca_ES","og_type":"article","og_title":"Dime, qu\u00e9 colores sueles llevar, y te dir\u00e9 c\u00f3mo eres - Laura Costa","og_description":"El color \u00e9s un element de summa import\u00e0ncia a l&#8217;hora d&#8217;escollir la indument\u00e0ria i els accessoris que ens posem. \u00c9s una eina que ens ajuda a transmetre i que a m\u00e9s ens pot arribar a embellir notablement. Totes les persones solem decantar-nos per unes tonalitats o unes altres, i aix\u00f2 t\u00e9 el seu perqu\u00e8 impl\u00edcit. [&hellip;]","og_url":"https:\/\/www.lauracosta.com\/ca\/dime-que-colores-sueles-llevar-y-te-dire-como-eres\/","og_site_name":"Laura Costa","article_published_time":"2015-09-12T07:28:40+00:00","og_image":[{"width":736,"height":1225,"url":"https:\/\/www.lauracosta.com\/wp-content\/uploads\/2024\/11\/Mens-2014015-Fall-Winter-Colors-Trend-Council.jpg","type":"image\/jpeg"}],"author":"factoryfy","twitter_card":"summary_large_image","twitter_misc":{"Escrit per":"factoryfy","Temps estimat de lectura":"1 minut"},"schema":{"@context":"https:\/\/schema.org","@graph":[{"@type":"Article","@id":"https:\/\/www.lauracosta.com\/ca\/dime-que-colores-sueles-llevar-y-te-dire-como-eres\/#article","isPartOf":{"@id":"https:\/\/www.lauracosta.com\/ca\/dime-que-colores-sueles-llevar-y-te-dire-como-eres\/"},"author":{"name":"factoryfy","@id":"https:\/\/www.lauracosta.com\/#\/schema\/person\/88a3aa3a762e09aa91cddc385661d3d9"},"headline":"Dime, qu\u00e9 colores sueles llevar, y te dir\u00e9 c\u00f3mo eres","datePublished":"2015-09-12T07:28:40+00:00","mainEntityOfPage":{"@id":"https:\/\/www.lauracosta.com\/ca\/dime-que-colores-sueles-llevar-y-te-dire-como-eres\/"},"wordCount":280,"publisher":{"@id":"https:\/\/www.lauracosta.com\/#organization"},"image":{"@id":"https:\/\/www.lauracosta.com\/ca\/dime-que-colores-sueles-llevar-y-te-dire-como-eres\/#primaryimage"},"thumbnailUrl":"https:\/\/www.lauracosta.com\/wp-content\/uploads\/2024\/11\/Mens-2014015-Fall-Winter-Colors-Trend-Council.jpg","keywords":["accesorios","color","indumentaria","Personal Shopper"],"articleSection":["Blog"],"inLanguage":"ca"},{"@type":"WebPage","@id":"https:\/\/www.lauracosta.com\/ca\/dime-que-colores-sueles-llevar-y-te-dire-como-eres\/","url":"https:\/\/www.lauracosta.com\/ca\/dime-que-colores-sueles-llevar-y-te-dire-como-eres\/","name":"Dime, qu\u00e9 colores sueles llevar, y te dir\u00e9 c\u00f3mo eres - Laura Costa","isPartOf":{"@id":"https:\/\/www.lauracosta.com\/#website"},"primaryImageOfPage":{"@id":"https:\/\/www.lauracosta.com\/ca\/dime-que-colores-sueles-llevar-y-te-dire-como-eres\/#primaryimage"},"image":{"@id":"https:\/\/www.lauracosta.com\/ca\/dime-que-colores-sueles-llevar-y-te-dire-como-eres\/#primaryimage"},"thumbnailUrl":"https:\/\/www.lauracosta.com\/wp-content\/uploads\/2024\/11\/Mens-2014015-Fall-Winter-Colors-Trend-Council.jpg","datePublished":"2015-09-12T07:28:40+00:00","breadcrumb":{"@id":"https:\/\/www.lauracosta.com\/ca\/dime-que-colores-sueles-llevar-y-te-dire-como-eres\/#breadcrumb"},"inLanguage":"ca","potentialAction":[{"@type":"ReadAction","target":["https:\/\/www.lauracosta.com\/ca\/dime-que-colores-sueles-llevar-y-te-dire-como-eres\/"]}]},{"@type":"ImageObject","inLanguage":"ca","@id":"https:\/\/www.lauracosta.com\/ca\/dime-que-colores-sueles-llevar-y-te-dire-como-eres\/#primaryimage","url":"https:\/\/www.lauracosta.com\/wp-content\/uploads\/2024\/11\/Mens-2014015-Fall-Winter-Colors-Trend-Council.jpg","contentUrl":"https:\/\/www.lauracosta.com\/wp-content\/uploads\/2024\/11\/Mens-2014015-Fall-Winter-Colors-Trend-Council.jpg","width":736,"height":1225},{"@type":"BreadcrumbList","@id":"https:\/\/www.lauracosta.com\/ca\/dime-que-colores-sueles-llevar-y-te-dire-como-eres\/#breadcrumb","itemListElement":[{"@type":"ListItem","position":1,"name":"Portada","item":"https:\/\/www.lauracosta.com\/"},{"@type":"ListItem","position":2,"name":"Dime, qu\u00e9 colores sueles llevar, y te dir\u00e9 c\u00f3mo eres"}]},{"@type":"WebSite","@id":"https:\/\/www.lauracosta.com\/#website","url":"https:\/\/www.lauracosta.com\/","name":"Laura Costa","description":"Asesor\u00eda de imagen &amp; Personal Shopper","publisher":{"@id":"https:\/\/www.lauracosta.com\/#organization"},"potentialAction":[{"@type":"SearchAction","target":{"@type":"EntryPoint","urlTemplate":"https:\/\/www.lauracosta.com\/?s={search_term_string}"},"query-input":{"@type":"PropertyValueSpecification","valueRequired":true,"valueName":"search_term_string"}}],"inLanguage":"ca"},{"@type":"Organization","@id":"https:\/\/www.lauracosta.com\/#organization","name":"Laura Costa","url":"https:\/\/www.lauracosta.com\/","logo":{"@type":"ImageObject","inLanguage":"ca","@id":"https:\/\/www.lauracosta.com\/#\/schema\/logo\/image\/","url":"https:\/\/www.lauracosta.com\/wp-content\/uploads\/2024\/11\/laura-costa-imagen-696.jpg","contentUrl":"https:\/\/www.lauracosta.com\/wp-content\/uploads\/2024\/11\/laura-costa-imagen-696.jpg","width":696,"height":696,"caption":"Laura Costa"},"image":{"@id":"https:\/\/www.lauracosta.com\/#\/schema\/logo\/image\/"}},{"@type":"Person","@id":"https:\/\/www.lauracosta.com\/#\/schema\/person\/88a3aa3a762e09aa91cddc385661d3d9","name":"factoryfy","image":{"@type":"ImageObject","inLanguage":"ca","@id":"https:\/\/secure.gravatar.com\/avatar\/f6b08826744ac84b5c5730915ab186e60373c936b9668ce079c076fa428c7725?s=96&d=mm&r=g","url":"https:\/\/secure.gravatar.com\/avatar\/f6b08826744ac84b5c5730915ab186e60373c936b9668ce079c076fa428c7725?s=96&d=mm&r=g","contentUrl":"https:\/\/secure.gravatar.com\/avatar\/f6b08826744ac84b5c5730915ab186e60373c936b9668ce079c076fa428c7725?s=96&d=mm&r=g","caption":"factoryfy"},"sameAs":["https:\/\/www.lauracosta.com"]}]}},"_links":{"self":[{"href":"https:\/\/www.lauracosta.com\/ca\/wp-json\/wp\/v2\/posts\/4772","targetHints":{"allow":["GET"]}}],"collection":[{"href":"https:\/\/www.lauracosta.com\/ca\/wp-json\/wp\/v2\/posts"}],"about":[{"href":"https:\/\/www.lauracosta.com\/ca\/wp-json\/wp\/v2\/types\/post"}],"author":[{"embeddable":true,"href":"https:\/\/www.lauracosta.com\/ca\/wp-json\/wp\/v2\/users\/1"}],"replies":[{"embeddable":true,"href":"https:\/\/www.lauracosta.com\/ca\/wp-json\/wp\/v2\/comments?post=4772"}],"version-history":[{"count":0,"href":"https:\/\/www.lauracosta.com\/ca\/wp-json\/wp\/v2\/posts\/4772\/revisions"}],"wp:featuredmedia":[{"embeddable":true,"href":"https:\/\/www.lauracosta.com\/ca\/wp-json\/wp\/v2\/media\/3035"}],"wp:attachment":[{"href":"https:\/\/www.lauracosta.com\/ca\/wp-json\/wp\/v2\/media?parent=4772"}],"wp:term":[{"taxonomy":"category","embeddable":true,"href":"https:\/\/www.lauracosta.com\/ca\/wp-json\/wp\/v2\/categories?post=4772"},{"taxonomy":"post_tag","embeddable":true,"href":"https:\/\/www.lauracosta.com\/ca\/wp-json\/wp\/v2\/tags?post=4772"}],"curies":[{"name":"wp","href":"https:\/\/api.w.org\/{rel}","templated":true}]}}