{"id":4776,"date":"2015-04-27T11:14:50","date_gmt":"2015-04-27T09:14:50","guid":{"rendered":"https:\/\/www.lauracosta.com\/personal-shopper-barcelona\/"},"modified":"2024-11-14T10:45:46","modified_gmt":"2024-11-14T09:45:46","slug":"personal-shopper-barcelona","status":"publish","type":"post","link":"https:\/\/www.lauracosta.com\/ca\/personal-shopper-barcelona\/","title":{"rendered":"Personal Shopper Barcelona"},"content":{"rendered":"<p>Dels meus recorreguts per les tendes de Barcelona us deixo els <strong><em>\u201cMust\u201d<\/em> de la temporada per a ELLS.<\/strong><\/p>\n<p>Peces pr\u00e0ctiques, c\u00f2modes i elegants amb les quals aconseguireu <strong>una imatge \u00fanica<\/strong>.<\/p>\n<p><strong>CA\u00c7ADORA DE PELL VELVET<\/strong><\/p>\n<p>Fugim de les t\u00edpiques ca\u00e7adores de pell en negre o marr\u00f3, per presentar una pe\u00e7a elegant chic, molt vers\u00e0til i de f\u00e0cil combinaci\u00f3.<\/p>\n<p>De la marca Lotusse, m&#8217;he topat amb aquesta ca\u00e7adora de pell lleugera amb aspecte envellit, en un to exclusiu.<\/p>\n<p><a href=\"https:\/\/www.lauracosta.com\/wp-content\/uploads\/2024\/11\/P546S_VELVET_CIELO_01.jpg\"><img fetchpriority=\"high\" decoding=\"async\" class=\"alignnone wp-image-1267 size-medium\" src=\"https:\/\/www.lauracosta.com\/wp-content\/uploads\/2024\/11\/P546S_VELVET_CIELO_01-300x206.jpg\" alt=\"P546S_VELVET_CIELO_01\" width=\"300\" height=\"206\" \/><\/a><\/p>\n<p><strong>LA CAMISA BLAVA O BLANCA<\/strong><\/p>\n<p>Un cl\u00e0ssic que no pot faltar, i que cal renovar cada temporada, ja que els colors clars perden molt amb \u00a0els rentats.<\/p>\n<p>Apostem per la camisa cl\u00e0ssica per\u00f2 amb alguns detalls que aporten aquest toc actual.<\/p>\n<p>He escollit dues opcions de la marca Florentino, la camisa blanca amb butxaca de trau estampat i tapeta en color, i la blau gel amb estampaci\u00f3 discreta.<\/p>\n<p><img decoding=\"async\" class=\"alignnone wp-image-1269 size-medium\" src=\"https:\/\/www.lauracosta.com\/wp-content\/uploads\/2024\/11\/fiorentino-camisa-blanca-197x300.jpg\" width=\"197\" height=\"300\" \/><a href=\"https:\/\/www.lauracosta.com\/wp-content\/uploads\/2024\/11\/fiorentino-camisa-azul.jpg\"><img decoding=\"async\" class=\"alignnone wp-image-1270 size-medium\" src=\"https:\/\/www.lauracosta.com\/wp-content\/uploads\/2024\/11\/fiorentino-camisa-azul-197x300.jpg\" alt=\"Fiorentino camisa azul\" width=\"197\" height=\"300\" \/><\/a><\/p>\n<p><strong>JEANS ELEGANT<\/strong><\/p>\n<p>Aquesta \u00e9s una pe\u00e7a clau de <strong>fons d&#8217;armari<\/strong>, no pot faltar mai. En teixit <em>denim encerat<\/em> \u00e9s ideal.<\/p>\n<p>El patr\u00f3 \u00e9s el t\u00edpic d&#8217;un jeans cinc butxaques, per\u00f2 el teixit li aporta aquest aspecte de <strong>sport de luxe<\/strong>, tan en tend\u00e8ncia actualment.<\/p>\n<p><img loading=\"lazy\" decoding=\"async\" class=\"alignnone wp-image-2959 size-medium\" src=\"https:\/\/www.lauracosta.com\/wp-content\/uploads\/2024\/11\/jeans-197x300.jpg\" width=\"197\" height=\"300\" \/><\/p>\n<p><strong>FULARD<\/strong><\/p>\n<p>Accessori que cada vegada es fa m\u00e9s imprescindible per a l&#8217;home. Ens permet acolorir el look amb estampacions i colors m\u00e9s atrevits.<\/p>\n<p>De IKKS, en tons blaus i negres, colors molt afavoridors i de f\u00e0cil coordinaci\u00f3.<\/p>\n<p><a href=\"https:\/\/www.lauracosta.com\/wp-content\/uploads\/2024\/11\/IKKS-fulard.jpg\"><img loading=\"lazy\" decoding=\"async\" class=\"alignnone size-medium wp-image-1276\" src=\"https:\/\/www.lauracosta.com\/wp-content\/uploads\/2024\/11\/IKKS-fulard-300x300.jpg\" alt=\"IKKS fulard\" width=\"300\" height=\"300\" \/><\/a><\/p>\n<p><strong>CAL\u00c7AT<\/strong><\/p>\n<p>El model<strong> Oxford<\/strong>, fant\u00e0stics per trepitjar fort!<\/p>\n<p>En blau o camel de la marca Lottusse, o combinant diferents tons de Luigi Spago, elegants i fant\u00e0stics, realment \u00fanics, s\u00f3n els meus favorits!!<\/p>\n<p><img loading=\"lazy\" decoding=\"async\" class=\"alignnone wp-image-2960 size-medium\" src=\"https:\/\/www.lauracosta.com\/wp-content\/uploads\/2024\/11\/oxford-azul-300x206.jpg\" width=\"300\" height=\"206\" \/><img loading=\"lazy\" decoding=\"async\" class=\"alignnone wp-image-2962 size-medium\" src=\"https:\/\/www.lauracosta.com\/wp-content\/uploads\/2024\/11\/luigi-spago-300x202.jpg\" width=\"300\" height=\"202\" \/><\/p>\n","protected":false},"excerpt":{"rendered":"<p>Dels meus recorreguts per les tendes de Barcelona us deixo els \u201cMust\u201d de la temporada per a ELLS. Peces pr\u00e0ctiques, c\u00f2modes i elegants amb les quals aconseguireu una imatge \u00fanica. CA\u00c7ADORA DE PELL VELVET Fugim de les t\u00edpiques ca\u00e7adores de pell en negre o marr\u00f3, per presentar una pe\u00e7a elegant chic, molt vers\u00e0til i de [&hellip;]<\/p>\n","protected":false},"author":1,"featured_media":2980,"comment_status":"closed","ping_status":"closed","sticky":false,"template":"","format":"standard","meta":{"_joinchat":[],"footnotes":""},"categories":[48],"tags":[],"class_list":["post-4776","post","type-post","status-publish","format-standard","has-post-thumbnail","hentry","category-blog-ca"],"yoast_head":"<!-- This site is optimized with the Yoast SEO plugin v27.5 - https:\/\/yoast.com\/product\/yoast-seo-wordpress\/ -->\n<title>Personal Shopper Barcelona - Laura Costa<\/title>\n<meta name=\"robots\" content=\"index, follow, max-snippet:-1, max-image-preview:large, max-video-preview:-1\" \/>\n<link rel=\"canonical\" href=\"https:\/\/www.lauracosta.com\/ca\/personal-shopper-barcelona\/\" \/>\n<meta property=\"og:locale\" content=\"ca_ES\" \/>\n<meta property=\"og:type\" content=\"article\" \/>\n<meta property=\"og:title\" content=\"Personal Shopper Barcelona - Laura Costa\" \/>\n<meta property=\"og:description\" content=\"Dels meus recorreguts per les tendes de Barcelona us deixo els \u201cMust\u201d de la temporada per a ELLS. Peces pr\u00e0ctiques, c\u00f2modes i elegants amb les quals aconseguireu una imatge \u00fanica. CA\u00c7ADORA DE PELL VELVET Fugim de les t\u00edpiques ca\u00e7adores de pell en negre o marr\u00f3, per presentar una pe\u00e7a elegant chic, molt vers\u00e0til i de [&hellip;]\" \/>\n<meta property=\"og:url\" content=\"https:\/\/www.lauracosta.com\/ca\/personal-shopper-barcelona\/\" \/>\n<meta property=\"og:site_name\" content=\"Laura Costa\" \/>\n<meta property=\"article:published_time\" content=\"2015-04-27T09:14:50+00:00\" \/>\n<meta property=\"article:modified_time\" content=\"2024-11-14T09:45:46+00:00\" \/>\n<meta property=\"og:image\" content=\"https:\/\/www.lauracosta.com\/wp-content\/uploads\/2024\/11\/Shopper-Hombre.png\" \/>\n\t<meta property=\"og:image:width\" content=\"810\" \/>\n\t<meta property=\"og:image:height\" content=\"1154\" \/>\n\t<meta property=\"og:image:type\" content=\"image\/png\" \/>\n<meta name=\"author\" content=\"factoryfy\" \/>\n<meta name=\"twitter:card\" content=\"summary_large_image\" \/>\n<meta name=\"twitter:label1\" content=\"Escrit per\" \/>\n\t<meta name=\"twitter:data1\" content=\"factoryfy\" \/>\n\t<meta name=\"twitter:label2\" content=\"Temps estimat de lectura\" \/>\n\t<meta name=\"twitter:data2\" content=\"1 minut\" \/>\n<script type=\"application\/ld+json\" class=\"yoast-schema-graph\">{\"@context\":\"https:\\\/\\\/schema.org\",\"@graph\":[{\"@type\":\"Article\",\"@id\":\"https:\\\/\\\/www.lauracosta.com\\\/ca\\\/personal-shopper-barcelona\\\/#article\",\"isPartOf\":{\"@id\":\"https:\\\/\\\/www.lauracosta.com\\\/ca\\\/personal-shopper-barcelona\\\/\"},\"author\":{\"name\":\"factoryfy\",\"@id\":\"https:\\\/\\\/www.lauracosta.com\\\/#\\\/schema\\\/person\\\/88a3aa3a762e09aa91cddc385661d3d9\"},\"headline\":\"Personal Shopper Barcelona\",\"datePublished\":\"2015-04-27T09:14:50+00:00\",\"dateModified\":\"2024-11-14T09:45:46+00:00\",\"mainEntityOfPage\":{\"@id\":\"https:\\\/\\\/www.lauracosta.com\\\/ca\\\/personal-shopper-barcelona\\\/\"},\"wordCount\":285,\"publisher\":{\"@id\":\"https:\\\/\\\/www.lauracosta.com\\\/#organization\"},\"image\":{\"@id\":\"https:\\\/\\\/www.lauracosta.com\\\/ca\\\/personal-shopper-barcelona\\\/#primaryimage\"},\"thumbnailUrl\":\"https:\\\/\\\/www.lauracosta.com\\\/wp-content\\\/uploads\\\/2024\\\/11\\\/Shopper-Hombre.png\",\"articleSection\":[\"Blog\"],\"inLanguage\":\"ca\"},{\"@type\":\"WebPage\",\"@id\":\"https:\\\/\\\/www.lauracosta.com\\\/ca\\\/personal-shopper-barcelona\\\/\",\"url\":\"https:\\\/\\\/www.lauracosta.com\\\/ca\\\/personal-shopper-barcelona\\\/\",\"name\":\"Personal Shopper Barcelona - Laura Costa\",\"isPartOf\":{\"@id\":\"https:\\\/\\\/www.lauracosta.com\\\/#website\"},\"primaryImageOfPage\":{\"@id\":\"https:\\\/\\\/www.lauracosta.com\\\/ca\\\/personal-shopper-barcelona\\\/#primaryimage\"},\"image\":{\"@id\":\"https:\\\/\\\/www.lauracosta.com\\\/ca\\\/personal-shopper-barcelona\\\/#primaryimage\"},\"thumbnailUrl\":\"https:\\\/\\\/www.lauracosta.com\\\/wp-content\\\/uploads\\\/2024\\\/11\\\/Shopper-Hombre.png\",\"datePublished\":\"2015-04-27T09:14:50+00:00\",\"dateModified\":\"2024-11-14T09:45:46+00:00\",\"breadcrumb\":{\"@id\":\"https:\\\/\\\/www.lauracosta.com\\\/ca\\\/personal-shopper-barcelona\\\/#breadcrumb\"},\"inLanguage\":\"ca\",\"potentialAction\":[{\"@type\":\"ReadAction\",\"target\":[\"https:\\\/\\\/www.lauracosta.com\\\/ca\\\/personal-shopper-barcelona\\\/\"]}]},{\"@type\":\"ImageObject\",\"inLanguage\":\"ca\",\"@id\":\"https:\\\/\\\/www.lauracosta.com\\\/ca\\\/personal-shopper-barcelona\\\/#primaryimage\",\"url\":\"https:\\\/\\\/www.lauracosta.com\\\/wp-content\\\/uploads\\\/2024\\\/11\\\/Shopper-Hombre.png\",\"contentUrl\":\"https:\\\/\\\/www.lauracosta.com\\\/wp-content\\\/uploads\\\/2024\\\/11\\\/Shopper-Hombre.png\",\"width\":810,\"height\":1154},{\"@type\":\"BreadcrumbList\",\"@id\":\"https:\\\/\\\/www.lauracosta.com\\\/ca\\\/personal-shopper-barcelona\\\/#breadcrumb\",\"itemListElement\":[{\"@type\":\"ListItem\",\"position\":1,\"name\":\"Portada\",\"item\":\"https:\\\/\\\/www.lauracosta.com\\\/\"},{\"@type\":\"ListItem\",\"position\":2,\"name\":\"Personal Shopper Barcelona\"}]},{\"@type\":\"WebSite\",\"@id\":\"https:\\\/\\\/www.lauracosta.com\\\/#website\",\"url\":\"https:\\\/\\\/www.lauracosta.com\\\/\",\"name\":\"Laura Costa\",\"description\":\"Asesor\u00eda de imagen &amp; Personal Shopper\",\"publisher\":{\"@id\":\"https:\\\/\\\/www.lauracosta.com\\\/#organization\"},\"potentialAction\":[{\"@type\":\"SearchAction\",\"target\":{\"@type\":\"EntryPoint\",\"urlTemplate\":\"https:\\\/\\\/www.lauracosta.com\\\/?s={search_term_string}\"},\"query-input\":{\"@type\":\"PropertyValueSpecification\",\"valueRequired\":true,\"valueName\":\"search_term_string\"}}],\"inLanguage\":\"ca\"},{\"@type\":\"Organization\",\"@id\":\"https:\\\/\\\/www.lauracosta.com\\\/#organization\",\"name\":\"Laura Costa\",\"url\":\"https:\\\/\\\/www.lauracosta.com\\\/\",\"logo\":{\"@type\":\"ImageObject\",\"inLanguage\":\"ca\",\"@id\":\"https:\\\/\\\/www.lauracosta.com\\\/#\\\/schema\\\/logo\\\/image\\\/\",\"url\":\"https:\\\/\\\/www.lauracosta.com\\\/wp-content\\\/uploads\\\/2024\\\/11\\\/laura-costa-imagen-696.jpg\",\"contentUrl\":\"https:\\\/\\\/www.lauracosta.com\\\/wp-content\\\/uploads\\\/2024\\\/11\\\/laura-costa-imagen-696.jpg\",\"width\":696,\"height\":696,\"caption\":\"Laura Costa\"},\"image\":{\"@id\":\"https:\\\/\\\/www.lauracosta.com\\\/#\\\/schema\\\/logo\\\/image\\\/\"}},{\"@type\":\"Person\",\"@id\":\"https:\\\/\\\/www.lauracosta.com\\\/#\\\/schema\\\/person\\\/88a3aa3a762e09aa91cddc385661d3d9\",\"name\":\"factoryfy\",\"image\":{\"@type\":\"ImageObject\",\"inLanguage\":\"ca\",\"@id\":\"https:\\\/\\\/secure.gravatar.com\\\/avatar\\\/f6b08826744ac84b5c5730915ab186e60373c936b9668ce079c076fa428c7725?s=96&d=mm&r=g\",\"url\":\"https:\\\/\\\/secure.gravatar.com\\\/avatar\\\/f6b08826744ac84b5c5730915ab186e60373c936b9668ce079c076fa428c7725?s=96&d=mm&r=g\",\"contentUrl\":\"https:\\\/\\\/secure.gravatar.com\\\/avatar\\\/f6b08826744ac84b5c5730915ab186e60373c936b9668ce079c076fa428c7725?s=96&d=mm&r=g\",\"caption\":\"factoryfy\"},\"sameAs\":[\"https:\\\/\\\/www.lauracosta.com\"]}]}<\/script>\n<!-- \/ Yoast SEO plugin. -->","yoast_head_json":{"title":"Personal Shopper Barcelona - Laura Costa","robots":{"index":"index","follow":"follow","max-snippet":"max-snippet:-1","max-image-preview":"max-image-preview:large","max-video-preview":"max-video-preview:-1"},"canonical":"https:\/\/www.lauracosta.com\/ca\/personal-shopper-barcelona\/","og_locale":"ca_ES","og_type":"article","og_title":"Personal Shopper Barcelona - Laura Costa","og_description":"Dels meus recorreguts per les tendes de Barcelona us deixo els \u201cMust\u201d de la temporada per a ELLS. Peces pr\u00e0ctiques, c\u00f2modes i elegants amb les quals aconseguireu una imatge \u00fanica. CA\u00c7ADORA DE PELL VELVET Fugim de les t\u00edpiques ca\u00e7adores de pell en negre o marr\u00f3, per presentar una pe\u00e7a elegant chic, molt vers\u00e0til i de [&hellip;]","og_url":"https:\/\/www.lauracosta.com\/ca\/personal-shopper-barcelona\/","og_site_name":"Laura Costa","article_published_time":"2015-04-27T09:14:50+00:00","article_modified_time":"2024-11-14T09:45:46+00:00","og_image":[{"width":810,"height":1154,"url":"https:\/\/www.lauracosta.com\/wp-content\/uploads\/2024\/11\/Shopper-Hombre.png","type":"image\/png"}],"author":"factoryfy","twitter_card":"summary_large_image","twitter_misc":{"Escrit per":"factoryfy","Temps estimat de lectura":"1 minut"},"schema":{"@context":"https:\/\/schema.org","@graph":[{"@type":"Article","@id":"https:\/\/www.lauracosta.com\/ca\/personal-shopper-barcelona\/#article","isPartOf":{"@id":"https:\/\/www.lauracosta.com\/ca\/personal-shopper-barcelona\/"},"author":{"name":"factoryfy","@id":"https:\/\/www.lauracosta.com\/#\/schema\/person\/88a3aa3a762e09aa91cddc385661d3d9"},"headline":"Personal Shopper Barcelona","datePublished":"2015-04-27T09:14:50+00:00","dateModified":"2024-11-14T09:45:46+00:00","mainEntityOfPage":{"@id":"https:\/\/www.lauracosta.com\/ca\/personal-shopper-barcelona\/"},"wordCount":285,"publisher":{"@id":"https:\/\/www.lauracosta.com\/#organization"},"image":{"@id":"https:\/\/www.lauracosta.com\/ca\/personal-shopper-barcelona\/#primaryimage"},"thumbnailUrl":"https:\/\/www.lauracosta.com\/wp-content\/uploads\/2024\/11\/Shopper-Hombre.png","articleSection":["Blog"],"inLanguage":"ca"},{"@type":"WebPage","@id":"https:\/\/www.lauracosta.com\/ca\/personal-shopper-barcelona\/","url":"https:\/\/www.lauracosta.com\/ca\/personal-shopper-barcelona\/","name":"Personal Shopper Barcelona - Laura Costa","isPartOf":{"@id":"https:\/\/www.lauracosta.com\/#website"},"primaryImageOfPage":{"@id":"https:\/\/www.lauracosta.com\/ca\/personal-shopper-barcelona\/#primaryimage"},"image":{"@id":"https:\/\/www.lauracosta.com\/ca\/personal-shopper-barcelona\/#primaryimage"},"thumbnailUrl":"https:\/\/www.lauracosta.com\/wp-content\/uploads\/2024\/11\/Shopper-Hombre.png","datePublished":"2015-04-27T09:14:50+00:00","dateModified":"2024-11-14T09:45:46+00:00","breadcrumb":{"@id":"https:\/\/www.lauracosta.com\/ca\/personal-shopper-barcelona\/#breadcrumb"},"inLanguage":"ca","potentialAction":[{"@type":"ReadAction","target":["https:\/\/www.lauracosta.com\/ca\/personal-shopper-barcelona\/"]}]},{"@type":"ImageObject","inLanguage":"ca","@id":"https:\/\/www.lauracosta.com\/ca\/personal-shopper-barcelona\/#primaryimage","url":"https:\/\/www.lauracosta.com\/wp-content\/uploads\/2024\/11\/Shopper-Hombre.png","contentUrl":"https:\/\/www.lauracosta.com\/wp-content\/uploads\/2024\/11\/Shopper-Hombre.png","width":810,"height":1154},{"@type":"BreadcrumbList","@id":"https:\/\/www.lauracosta.com\/ca\/personal-shopper-barcelona\/#breadcrumb","itemListElement":[{"@type":"ListItem","position":1,"name":"Portada","item":"https:\/\/www.lauracosta.com\/"},{"@type":"ListItem","position":2,"name":"Personal Shopper Barcelona"}]},{"@type":"WebSite","@id":"https:\/\/www.lauracosta.com\/#website","url":"https:\/\/www.lauracosta.com\/","name":"Laura Costa","description":"Asesor\u00eda de imagen &amp; Personal Shopper","publisher":{"@id":"https:\/\/www.lauracosta.com\/#organization"},"potentialAction":[{"@type":"SearchAction","target":{"@type":"EntryPoint","urlTemplate":"https:\/\/www.lauracosta.com\/?s={search_term_string}"},"query-input":{"@type":"PropertyValueSpecification","valueRequired":true,"valueName":"search_term_string"}}],"inLanguage":"ca"},{"@type":"Organization","@id":"https:\/\/www.lauracosta.com\/#organization","name":"Laura Costa","url":"https:\/\/www.lauracosta.com\/","logo":{"@type":"ImageObject","inLanguage":"ca","@id":"https:\/\/www.lauracosta.com\/#\/schema\/logo\/image\/","url":"https:\/\/www.lauracosta.com\/wp-content\/uploads\/2024\/11\/laura-costa-imagen-696.jpg","contentUrl":"https:\/\/www.lauracosta.com\/wp-content\/uploads\/2024\/11\/laura-costa-imagen-696.jpg","width":696,"height":696,"caption":"Laura Costa"},"image":{"@id":"https:\/\/www.lauracosta.com\/#\/schema\/logo\/image\/"}},{"@type":"Person","@id":"https:\/\/www.lauracosta.com\/#\/schema\/person\/88a3aa3a762e09aa91cddc385661d3d9","name":"factoryfy","image":{"@type":"ImageObject","inLanguage":"ca","@id":"https:\/\/secure.gravatar.com\/avatar\/f6b08826744ac84b5c5730915ab186e60373c936b9668ce079c076fa428c7725?s=96&d=mm&r=g","url":"https:\/\/secure.gravatar.com\/avatar\/f6b08826744ac84b5c5730915ab186e60373c936b9668ce079c076fa428c7725?s=96&d=mm&r=g","contentUrl":"https:\/\/secure.gravatar.com\/avatar\/f6b08826744ac84b5c5730915ab186e60373c936b9668ce079c076fa428c7725?s=96&d=mm&r=g","caption":"factoryfy"},"sameAs":["https:\/\/www.lauracosta.com"]}]}},"_links":{"self":[{"href":"https:\/\/www.lauracosta.com\/ca\/wp-json\/wp\/v2\/posts\/4776","targetHints":{"allow":["GET"]}}],"collection":[{"href":"https:\/\/www.lauracosta.com\/ca\/wp-json\/wp\/v2\/posts"}],"about":[{"href":"https:\/\/www.lauracosta.com\/ca\/wp-json\/wp\/v2\/types\/post"}],"author":[{"embeddable":true,"href":"https:\/\/www.lauracosta.com\/ca\/wp-json\/wp\/v2\/users\/1"}],"replies":[{"embeddable":true,"href":"https:\/\/www.lauracosta.com\/ca\/wp-json\/wp\/v2\/comments?post=4776"}],"version-history":[{"count":1,"href":"https:\/\/www.lauracosta.com\/ca\/wp-json\/wp\/v2\/posts\/4776\/revisions"}],"predecessor-version":[{"id":4777,"href":"https:\/\/www.lauracosta.com\/ca\/wp-json\/wp\/v2\/posts\/4776\/revisions\/4777"}],"wp:featuredmedia":[{"embeddable":true,"href":"https:\/\/www.lauracosta.com\/ca\/wp-json\/wp\/v2\/media\/2980"}],"wp:attachment":[{"href":"https:\/\/www.lauracosta.com\/ca\/wp-json\/wp\/v2\/media?parent=4776"}],"wp:term":[{"taxonomy":"category","embeddable":true,"href":"https:\/\/www.lauracosta.com\/ca\/wp-json\/wp\/v2\/categories?post=4776"},{"taxonomy":"post_tag","embeddable":true,"href":"https:\/\/www.lauracosta.com\/ca\/wp-json\/wp\/v2\/tags?post=4776"}],"curies":[{"name":"wp","href":"https:\/\/api.w.org\/{rel}","templated":true}]}}