{"id":4779,"date":"2015-04-14T16:56:59","date_gmt":"2015-04-14T14:56:59","guid":{"rendered":"https:\/\/www.lauracosta.com\/los-habitos-en-el-cambio-de-imagen\/"},"modified":"2015-04-14T16:56:59","modified_gmt":"2015-04-14T14:56:59","slug":"hablemos-de-habitos","status":"publish","type":"post","link":"https:\/\/www.lauracosta.com\/ca\/hablemos-de-habitos\/","title":{"rendered":"Los &#8220;H\u00c1BITOS&#8221; en el cambio de imagen"},"content":{"rendered":"<p>La definici\u00f3 de la paraula h\u00e0bit segons Wilkipedia: comportament d&#8217;una persona, repetit regularment<\/p>\n<p>En les meves sessions amb clients particulars i amb empreses, sempre esmento aquesta paraula, <strong>h\u00e0bit<\/strong>.<\/p>\n<p>-Per qu\u00e8 s\u00f3n tan importants els h\u00e0bits quan una persona pret\u00e9n un <strong>canvi d&#8217;imatge<\/strong>?<\/p>\n<p>Perqu\u00e8 sense ells, el <strong>canvi d&#8217;imatge<\/strong> seria \u00fanicament momentani.<\/p>\n<p>Els puc assessorar, ajudar, ensenyar, per\u00f2 els que realment han de treballar i integrar nous h\u00e0bits s\u00f3n els clients, sense aquests h\u00e0bits no hi ha una continu\u00eftat. Aquesta \u00e9s la part una mica m\u00e9s complicada<\/p>\n<p>Jo els acompanyo en el primer pas, els dono les pautes, i despr\u00e9s cal seguir; aix\u00f2 s\u00ed, sempre amb el meu suport incondicional pels dubtes que poguessin sorgir en el cam\u00ed.<\/p>\n<p>Us animo a incorporar nous h\u00e0bits en el vostre dia a dia, nom\u00e9s s\u00f3n petites passes per estar millor i sentir-se estupendament, com TU et mereixes!<\/p>\n<ul>\n<li><strong>Retocar la barba,<\/strong> si portes barba, que no sigui per deixadesa, cuida-la, que et serveixi per demostrar que ets un home polit<\/li>\n<li><strong>Maquillar-se cada dia,<\/strong> el maquillatge ha de ser natural, no \u00e9s tan important la quantitat de productes com la col\u00b7locaci\u00f3 i les tonalitats.\u00a0El maquillatge veseix el rostre de la dona<\/li>\n<li><strong>Dedicar temps al pentinat<\/strong>, utilitzaci\u00f3 de productes d&#8217;acabat i assecat per estar impecables.\u00a0Per a les noies recollits extremats, please res de cues!!!<\/li>\n<li><strong>Preparar cada nit l&#8217;estilisme de l&#8217;endem\u00e0,\u00a0<\/strong>en funci\u00f3 de les necessitats externes.\u00a0Pensant quina imatge vull transmetre?<\/li>\n<li><strong>Alternar els accessoris, <\/strong>\u00f2ptica, rellotge, foulard, collarets&#8230;<\/li>\n<li><strong>Netejar el cal\u00e7at. <\/strong>El cal\u00e7at \u00e9s l&#8217;accessori <em>estrella<\/em>, per\u00f2 tamb\u00e9 el m\u00e9s oblidat. Una sabata ben llustrada sempre d\u00f3na l&#8217;acabat ideal<\/li>\n<\/ul>\n","protected":false},"excerpt":{"rendered":"<p>La definici\u00f3 de la paraula h\u00e0bit segons Wilkipedia: comportament d&#8217;una persona, repetit regularment En les meves sessions amb clients particulars i amb empreses, sempre esmento aquesta paraula, h\u00e0bit. -Per qu\u00e8 s\u00f3n tan importants els h\u00e0bits quan una persona pret\u00e9n un canvi d&#8217;imatge? Perqu\u00e8 sense ells, el canvi d&#8217;imatge seria \u00fanicament momentani. Els puc assessorar, ajudar, [&hellip;]<\/p>\n","protected":false},"author":1,"featured_media":2947,"comment_status":"closed","ping_status":"closed","sticky":false,"template":"","format":"standard","meta":{"_joinchat":[],"footnotes":""},"categories":[48],"tags":[114,160,67,87,161,162,163,64,45,92,74,78],"class_list":["post-4779","post","type-post","status-publish","format-standard","has-post-thumbnail","hentry","category-blog-ca","tag-accesorios","tag-asesor-de-imagen-personal","tag-asesorar","tag-barba","tag-cambio-de-imagen","tag-estilismo","tag-habitos","tag-imagen","tag-indumentaria","tag-maquillaje","tag-peinado","tag-personal-shopper"],"yoast_head":"<!-- This site is optimized with the Yoast SEO plugin v27.5 - https:\/\/yoast.com\/product\/yoast-seo-wordpress\/ -->\n<title>Los &quot;H\u00c1BITOS&quot; en el cambio de imagen - Laura Costa<\/title>\n<meta name=\"robots\" content=\"index, follow, max-snippet:-1, max-image-preview:large, max-video-preview:-1\" \/>\n<link rel=\"canonical\" href=\"https:\/\/www.lauracosta.com\/ca\/los-habitos-en-el-cambio-de-imagen\/\" \/>\n<meta property=\"og:locale\" content=\"ca_ES\" \/>\n<meta property=\"og:type\" content=\"article\" \/>\n<meta property=\"og:title\" content=\"Los &quot;H\u00c1BITOS&quot; en el cambio de imagen - Laura Costa\" \/>\n<meta property=\"og:description\" content=\"La definici\u00f3 de la paraula h\u00e0bit segons Wilkipedia: comportament d&#8217;una persona, repetit regularment En les meves sessions amb clients particulars i amb empreses, sempre esmento aquesta paraula, h\u00e0bit. -Per qu\u00e8 s\u00f3n tan importants els h\u00e0bits quan una persona pret\u00e9n un canvi d&#8217;imatge? Perqu\u00e8 sense ells, el canvi d&#8217;imatge seria \u00fanicament momentani. Els puc assessorar, ajudar, [&hellip;]\" \/>\n<meta property=\"og:url\" content=\"https:\/\/www.lauracosta.com\/ca\/los-habitos-en-el-cambio-de-imagen\/\" \/>\n<meta property=\"og:site_name\" content=\"Laura Costa\" \/>\n<meta property=\"article:published_time\" content=\"2015-04-14T14:56:59+00:00\" \/>\n<meta property=\"og:image\" content=\"https:\/\/www.lauracosta.com\/wp-content\/uploads\/2024\/11\/Barba-1.jpg\" \/>\n\t<meta property=\"og:image:width\" content=\"600\" \/>\n\t<meta property=\"og:image:height\" content=\"399\" \/>\n\t<meta property=\"og:image:type\" content=\"image\/jpeg\" \/>\n<meta name=\"author\" content=\"factoryfy\" \/>\n<meta name=\"twitter:card\" content=\"summary_large_image\" \/>\n<meta name=\"twitter:label1\" content=\"Escrit per\" \/>\n\t<meta name=\"twitter:data1\" content=\"factoryfy\" \/>\n\t<meta name=\"twitter:label2\" content=\"Temps estimat de lectura\" \/>\n\t<meta name=\"twitter:data2\" content=\"1 minut\" \/>\n<script type=\"application\/ld+json\" class=\"yoast-schema-graph\">{\"@context\":\"https:\\\/\\\/schema.org\",\"@graph\":[{\"@type\":\"Article\",\"@id\":\"https:\\\/\\\/www.lauracosta.com\\\/ca\\\/los-habitos-en-el-cambio-de-imagen\\\/#article\",\"isPartOf\":{\"@id\":\"https:\\\/\\\/www.lauracosta.com\\\/ca\\\/los-habitos-en-el-cambio-de-imagen\\\/\"},\"author\":{\"name\":\"factoryfy\",\"@id\":\"https:\\\/\\\/www.lauracosta.com\\\/#\\\/schema\\\/person\\\/88a3aa3a762e09aa91cddc385661d3d9\"},\"headline\":\"Los &#8220;H\u00c1BITOS&#8221; en el cambio de imagen\",\"datePublished\":\"2015-04-14T14:56:59+00:00\",\"mainEntityOfPage\":{\"@id\":\"https:\\\/\\\/www.lauracosta.com\\\/ca\\\/los-habitos-en-el-cambio-de-imagen\\\/\"},\"wordCount\":299,\"publisher\":{\"@id\":\"https:\\\/\\\/www.lauracosta.com\\\/#organization\"},\"image\":{\"@id\":\"https:\\\/\\\/www.lauracosta.com\\\/ca\\\/los-habitos-en-el-cambio-de-imagen\\\/#primaryimage\"},\"thumbnailUrl\":\"https:\\\/\\\/www.lauracosta.com\\\/wp-content\\\/uploads\\\/2024\\\/11\\\/Barba-1.jpg\",\"keywords\":[\"accesorios\",\"asesor de imagen personal\",\"asesorar\",\"barba\",\"cambio de imagen\",\"estilismo\",\"h\u00e1bitos\",\"imagen\",\"indumentaria\",\"maquillaje\",\"peinado\",\"Personal Shopper\"],\"articleSection\":[\"Blog\"],\"inLanguage\":\"ca\"},{\"@type\":\"WebPage\",\"@id\":\"https:\\\/\\\/www.lauracosta.com\\\/ca\\\/los-habitos-en-el-cambio-de-imagen\\\/\",\"url\":\"https:\\\/\\\/www.lauracosta.com\\\/ca\\\/los-habitos-en-el-cambio-de-imagen\\\/\",\"name\":\"Los \\\"H\u00c1BITOS\\\" en el cambio de imagen - Laura Costa\",\"isPartOf\":{\"@id\":\"https:\\\/\\\/www.lauracosta.com\\\/#website\"},\"primaryImageOfPage\":{\"@id\":\"https:\\\/\\\/www.lauracosta.com\\\/ca\\\/los-habitos-en-el-cambio-de-imagen\\\/#primaryimage\"},\"image\":{\"@id\":\"https:\\\/\\\/www.lauracosta.com\\\/ca\\\/los-habitos-en-el-cambio-de-imagen\\\/#primaryimage\"},\"thumbnailUrl\":\"https:\\\/\\\/www.lauracosta.com\\\/wp-content\\\/uploads\\\/2024\\\/11\\\/Barba-1.jpg\",\"datePublished\":\"2015-04-14T14:56:59+00:00\",\"breadcrumb\":{\"@id\":\"https:\\\/\\\/www.lauracosta.com\\\/ca\\\/los-habitos-en-el-cambio-de-imagen\\\/#breadcrumb\"},\"inLanguage\":\"ca\",\"potentialAction\":[{\"@type\":\"ReadAction\",\"target\":[\"https:\\\/\\\/www.lauracosta.com\\\/ca\\\/los-habitos-en-el-cambio-de-imagen\\\/\"]}]},{\"@type\":\"ImageObject\",\"inLanguage\":\"ca\",\"@id\":\"https:\\\/\\\/www.lauracosta.com\\\/ca\\\/los-habitos-en-el-cambio-de-imagen\\\/#primaryimage\",\"url\":\"https:\\\/\\\/www.lauracosta.com\\\/wp-content\\\/uploads\\\/2024\\\/11\\\/Barba-1.jpg\",\"contentUrl\":\"https:\\\/\\\/www.lauracosta.com\\\/wp-content\\\/uploads\\\/2024\\\/11\\\/Barba-1.jpg\",\"width\":600,\"height\":399},{\"@type\":\"BreadcrumbList\",\"@id\":\"https:\\\/\\\/www.lauracosta.com\\\/ca\\\/los-habitos-en-el-cambio-de-imagen\\\/#breadcrumb\",\"itemListElement\":[{\"@type\":\"ListItem\",\"position\":1,\"name\":\"Portada\",\"item\":\"https:\\\/\\\/www.lauracosta.com\\\/\"},{\"@type\":\"ListItem\",\"position\":2,\"name\":\"Los &#8220;H\u00c1BITOS&#8221; en el cambio de imagen\"}]},{\"@type\":\"WebSite\",\"@id\":\"https:\\\/\\\/www.lauracosta.com\\\/#website\",\"url\":\"https:\\\/\\\/www.lauracosta.com\\\/\",\"name\":\"Laura Costa\",\"description\":\"Asesor\u00eda de imagen &amp; Personal Shopper\",\"publisher\":{\"@id\":\"https:\\\/\\\/www.lauracosta.com\\\/#organization\"},\"potentialAction\":[{\"@type\":\"SearchAction\",\"target\":{\"@type\":\"EntryPoint\",\"urlTemplate\":\"https:\\\/\\\/www.lauracosta.com\\\/?s={search_term_string}\"},\"query-input\":{\"@type\":\"PropertyValueSpecification\",\"valueRequired\":true,\"valueName\":\"search_term_string\"}}],\"inLanguage\":\"ca\"},{\"@type\":\"Organization\",\"@id\":\"https:\\\/\\\/www.lauracosta.com\\\/#organization\",\"name\":\"Laura Costa\",\"url\":\"https:\\\/\\\/www.lauracosta.com\\\/\",\"logo\":{\"@type\":\"ImageObject\",\"inLanguage\":\"ca\",\"@id\":\"https:\\\/\\\/www.lauracosta.com\\\/#\\\/schema\\\/logo\\\/image\\\/\",\"url\":\"https:\\\/\\\/www.lauracosta.com\\\/wp-content\\\/uploads\\\/2024\\\/11\\\/laura-costa-imagen-696.jpg\",\"contentUrl\":\"https:\\\/\\\/www.lauracosta.com\\\/wp-content\\\/uploads\\\/2024\\\/11\\\/laura-costa-imagen-696.jpg\",\"width\":696,\"height\":696,\"caption\":\"Laura Costa\"},\"image\":{\"@id\":\"https:\\\/\\\/www.lauracosta.com\\\/#\\\/schema\\\/logo\\\/image\\\/\"}},{\"@type\":\"Person\",\"@id\":\"https:\\\/\\\/www.lauracosta.com\\\/#\\\/schema\\\/person\\\/88a3aa3a762e09aa91cddc385661d3d9\",\"name\":\"factoryfy\",\"image\":{\"@type\":\"ImageObject\",\"inLanguage\":\"ca\",\"@id\":\"https:\\\/\\\/secure.gravatar.com\\\/avatar\\\/f6b08826744ac84b5c5730915ab186e60373c936b9668ce079c076fa428c7725?s=96&d=mm&r=g\",\"url\":\"https:\\\/\\\/secure.gravatar.com\\\/avatar\\\/f6b08826744ac84b5c5730915ab186e60373c936b9668ce079c076fa428c7725?s=96&d=mm&r=g\",\"contentUrl\":\"https:\\\/\\\/secure.gravatar.com\\\/avatar\\\/f6b08826744ac84b5c5730915ab186e60373c936b9668ce079c076fa428c7725?s=96&d=mm&r=g\",\"caption\":\"factoryfy\"},\"sameAs\":[\"https:\\\/\\\/www.lauracosta.com\"]}]}<\/script>\n<!-- \/ Yoast SEO plugin. -->","yoast_head_json":{"title":"Los \"H\u00c1BITOS\" en el cambio de imagen - Laura Costa","robots":{"index":"index","follow":"follow","max-snippet":"max-snippet:-1","max-image-preview":"max-image-preview:large","max-video-preview":"max-video-preview:-1"},"canonical":"https:\/\/www.lauracosta.com\/ca\/los-habitos-en-el-cambio-de-imagen\/","og_locale":"ca_ES","og_type":"article","og_title":"Los \"H\u00c1BITOS\" en el cambio de imagen - Laura Costa","og_description":"La definici\u00f3 de la paraula h\u00e0bit segons Wilkipedia: comportament d&#8217;una persona, repetit regularment En les meves sessions amb clients particulars i amb empreses, sempre esmento aquesta paraula, h\u00e0bit. -Per qu\u00e8 s\u00f3n tan importants els h\u00e0bits quan una persona pret\u00e9n un canvi d&#8217;imatge? Perqu\u00e8 sense ells, el canvi d&#8217;imatge seria \u00fanicament momentani. Els puc assessorar, ajudar, [&hellip;]","og_url":"https:\/\/www.lauracosta.com\/ca\/los-habitos-en-el-cambio-de-imagen\/","og_site_name":"Laura Costa","article_published_time":"2015-04-14T14:56:59+00:00","og_image":[{"width":600,"height":399,"url":"https:\/\/www.lauracosta.com\/wp-content\/uploads\/2024\/11\/Barba-1.jpg","type":"image\/jpeg"}],"author":"factoryfy","twitter_card":"summary_large_image","twitter_misc":{"Escrit per":"factoryfy","Temps estimat de lectura":"1 minut"},"schema":{"@context":"https:\/\/schema.org","@graph":[{"@type":"Article","@id":"https:\/\/www.lauracosta.com\/ca\/los-habitos-en-el-cambio-de-imagen\/#article","isPartOf":{"@id":"https:\/\/www.lauracosta.com\/ca\/los-habitos-en-el-cambio-de-imagen\/"},"author":{"name":"factoryfy","@id":"https:\/\/www.lauracosta.com\/#\/schema\/person\/88a3aa3a762e09aa91cddc385661d3d9"},"headline":"Los &#8220;H\u00c1BITOS&#8221; en el cambio de imagen","datePublished":"2015-04-14T14:56:59+00:00","mainEntityOfPage":{"@id":"https:\/\/www.lauracosta.com\/ca\/los-habitos-en-el-cambio-de-imagen\/"},"wordCount":299,"publisher":{"@id":"https:\/\/www.lauracosta.com\/#organization"},"image":{"@id":"https:\/\/www.lauracosta.com\/ca\/los-habitos-en-el-cambio-de-imagen\/#primaryimage"},"thumbnailUrl":"https:\/\/www.lauracosta.com\/wp-content\/uploads\/2024\/11\/Barba-1.jpg","keywords":["accesorios","asesor de imagen personal","asesorar","barba","cambio de imagen","estilismo","h\u00e1bitos","imagen","indumentaria","maquillaje","peinado","Personal Shopper"],"articleSection":["Blog"],"inLanguage":"ca"},{"@type":"WebPage","@id":"https:\/\/www.lauracosta.com\/ca\/los-habitos-en-el-cambio-de-imagen\/","url":"https:\/\/www.lauracosta.com\/ca\/los-habitos-en-el-cambio-de-imagen\/","name":"Los \"H\u00c1BITOS\" en el cambio de imagen - Laura Costa","isPartOf":{"@id":"https:\/\/www.lauracosta.com\/#website"},"primaryImageOfPage":{"@id":"https:\/\/www.lauracosta.com\/ca\/los-habitos-en-el-cambio-de-imagen\/#primaryimage"},"image":{"@id":"https:\/\/www.lauracosta.com\/ca\/los-habitos-en-el-cambio-de-imagen\/#primaryimage"},"thumbnailUrl":"https:\/\/www.lauracosta.com\/wp-content\/uploads\/2024\/11\/Barba-1.jpg","datePublished":"2015-04-14T14:56:59+00:00","breadcrumb":{"@id":"https:\/\/www.lauracosta.com\/ca\/los-habitos-en-el-cambio-de-imagen\/#breadcrumb"},"inLanguage":"ca","potentialAction":[{"@type":"ReadAction","target":["https:\/\/www.lauracosta.com\/ca\/los-habitos-en-el-cambio-de-imagen\/"]}]},{"@type":"ImageObject","inLanguage":"ca","@id":"https:\/\/www.lauracosta.com\/ca\/los-habitos-en-el-cambio-de-imagen\/#primaryimage","url":"https:\/\/www.lauracosta.com\/wp-content\/uploads\/2024\/11\/Barba-1.jpg","contentUrl":"https:\/\/www.lauracosta.com\/wp-content\/uploads\/2024\/11\/Barba-1.jpg","width":600,"height":399},{"@type":"BreadcrumbList","@id":"https:\/\/www.lauracosta.com\/ca\/los-habitos-en-el-cambio-de-imagen\/#breadcrumb","itemListElement":[{"@type":"ListItem","position":1,"name":"Portada","item":"https:\/\/www.lauracosta.com\/"},{"@type":"ListItem","position":2,"name":"Los &#8220;H\u00c1BITOS&#8221; en el cambio de imagen"}]},{"@type":"WebSite","@id":"https:\/\/www.lauracosta.com\/#website","url":"https:\/\/www.lauracosta.com\/","name":"Laura Costa","description":"Asesor\u00eda de imagen &amp; Personal Shopper","publisher":{"@id":"https:\/\/www.lauracosta.com\/#organization"},"potentialAction":[{"@type":"SearchAction","target":{"@type":"EntryPoint","urlTemplate":"https:\/\/www.lauracosta.com\/?s={search_term_string}"},"query-input":{"@type":"PropertyValueSpecification","valueRequired":true,"valueName":"search_term_string"}}],"inLanguage":"ca"},{"@type":"Organization","@id":"https:\/\/www.lauracosta.com\/#organization","name":"Laura Costa","url":"https:\/\/www.lauracosta.com\/","logo":{"@type":"ImageObject","inLanguage":"ca","@id":"https:\/\/www.lauracosta.com\/#\/schema\/logo\/image\/","url":"https:\/\/www.lauracosta.com\/wp-content\/uploads\/2024\/11\/laura-costa-imagen-696.jpg","contentUrl":"https:\/\/www.lauracosta.com\/wp-content\/uploads\/2024\/11\/laura-costa-imagen-696.jpg","width":696,"height":696,"caption":"Laura Costa"},"image":{"@id":"https:\/\/www.lauracosta.com\/#\/schema\/logo\/image\/"}},{"@type":"Person","@id":"https:\/\/www.lauracosta.com\/#\/schema\/person\/88a3aa3a762e09aa91cddc385661d3d9","name":"factoryfy","image":{"@type":"ImageObject","inLanguage":"ca","@id":"https:\/\/secure.gravatar.com\/avatar\/f6b08826744ac84b5c5730915ab186e60373c936b9668ce079c076fa428c7725?s=96&d=mm&r=g","url":"https:\/\/secure.gravatar.com\/avatar\/f6b08826744ac84b5c5730915ab186e60373c936b9668ce079c076fa428c7725?s=96&d=mm&r=g","contentUrl":"https:\/\/secure.gravatar.com\/avatar\/f6b08826744ac84b5c5730915ab186e60373c936b9668ce079c076fa428c7725?s=96&d=mm&r=g","caption":"factoryfy"},"sameAs":["https:\/\/www.lauracosta.com"]}]}},"_links":{"self":[{"href":"https:\/\/www.lauracosta.com\/ca\/wp-json\/wp\/v2\/posts\/4779","targetHints":{"allow":["GET"]}}],"collection":[{"href":"https:\/\/www.lauracosta.com\/ca\/wp-json\/wp\/v2\/posts"}],"about":[{"href":"https:\/\/www.lauracosta.com\/ca\/wp-json\/wp\/v2\/types\/post"}],"author":[{"embeddable":true,"href":"https:\/\/www.lauracosta.com\/ca\/wp-json\/wp\/v2\/users\/1"}],"replies":[{"embeddable":true,"href":"https:\/\/www.lauracosta.com\/ca\/wp-json\/wp\/v2\/comments?post=4779"}],"version-history":[{"count":0,"href":"https:\/\/www.lauracosta.com\/ca\/wp-json\/wp\/v2\/posts\/4779\/revisions"}],"wp:featuredmedia":[{"embeddable":true,"href":"https:\/\/www.lauracosta.com\/ca\/wp-json\/wp\/v2\/media\/2947"}],"wp:attachment":[{"href":"https:\/\/www.lauracosta.com\/ca\/wp-json\/wp\/v2\/media?parent=4779"}],"wp:term":[{"taxonomy":"category","embeddable":true,"href":"https:\/\/www.lauracosta.com\/ca\/wp-json\/wp\/v2\/categories?post=4779"},{"taxonomy":"post_tag","embeddable":true,"href":"https:\/\/www.lauracosta.com\/ca\/wp-json\/wp\/v2\/tags?post=4779"}],"curies":[{"name":"wp","href":"https:\/\/api.w.org\/{rel}","templated":true}]}}