{"id":4795,"date":"2014-10-27T10:44:18","date_gmt":"2014-10-27T09:44:18","guid":{"rendered":"https:\/\/www.lauracosta.com\/los-calcetines-colores-rayas-estampados\/"},"modified":"2024-11-14T10:50:57","modified_gmt":"2024-11-14T09:50:57","slug":"los-calcetines-colores-rayas-estampados","status":"publish","type":"post","link":"https:\/\/www.lauracosta.com\/ca\/los-calcetines-colores-rayas-estampados\/","title":{"rendered":"Los calcetines: colores, rayas, estampados&#8230;"},"content":{"rendered":"<div>\n<p>Els mitjons s\u00f3n un accessori interessant.<\/p>\n<p>Moltes vegades no som conscients de la import\u00e0ncia que tenen i de l&#8217;efecte que podem aconseguir en la nostra imatge.<\/p>\n<p>Segons el protocol, els mitjons han de ser al to de la sabata o dels pantalons.<\/p>\n<\/div>\n<div id=\"traduccio\">\n<p>Si escollim est\u00e0 \u00faltima opci\u00f3, a nivell visual aconseguirem estilitzar m\u00e9s les cames, ja que els mitjons i pantalons seran del mateix color, i nom\u00e9s destacar\u00e0 la sabata.<\/p>\n<p>Per\u00f2 com tot en aquesta vida, les tend\u00e8ncies van canviant, si busquem una imatge cl\u00e0ssica hem de seguir aquestes normes al peu de la lletra, per\u00f2 si per contra volem ser m\u00e9s creatius, distingits i marcar un estil diferent, podem escollir altres opcions m\u00e9s divertides i igual d&#8217;elegants.<\/p>\n<p>Per exemple:<\/p>\n<p>Mitjons al to de la corbata<\/p>\n<p><a href=\"https:\/\/www.lauracosta.com\/wp-content\/uploads\/2024\/11\/bdb3ff63c599a76d974b5717f71accf6.jpg\"><img fetchpriority=\"high\" decoding=\"async\" class=\"alignnone size-medium wp-image-818\" src=\"https:\/\/www.lauracosta.com\/wp-content\/uploads\/2024\/11\/bdb3ff63c599a76d974b5717f71accf6-300x300.jpg\" alt=\"sta Asesora de imagen personal I Personal Shopper\" width=\"300\" height=\"300\" \/><\/a><\/p>\n<p>Mitjons que combinin dos o m\u00e9s tons, a ratlles i en colors semblats a la resta de la indument\u00e0ria<\/p>\n<p><img decoding=\"async\" class=\"alignnone wp-image-2978 size-medium\" src=\"https:\/\/www.lauracosta.com\/wp-content\/uploads\/2024\/11\/james-marsden-221x300.jpg\" width=\"221\" height=\"300\" \/><\/p>\n<p>Mitjons estampats amb colors atrevits, per aconseguir un toc informal a la teva imatge<\/p>\n<p><a href=\"https:\/\/www.lauracosta.com\/wp-content\/uploads\/2024\/11\/happy-socks-2013-fall-winter-lookbook-7.jpg\"><img decoding=\"async\" class=\"alignnone size-medium wp-image-819\" src=\"https:\/\/www.lauracosta.com\/wp-content\/uploads\/2024\/11\/happy-socks-2013-fall-winter-lookbook-7.jpg\" alt=\"CalcetinesI Laura Costa Asesora de imagen personal I Personal Shopper\" \/><\/a><\/p>\n<p>Recorda que els mitjons blancs han de reservar-se \u00fanicament per jugar al tennis o practicar esports.<\/p>\n<\/div>\n","protected":false},"excerpt":{"rendered":"<p>Els mitjons s\u00f3n un accessori interessant. Moltes vegades no som conscients de la import\u00e0ncia que tenen i de l&#8217;efecte que podem aconseguir en la nostra imatge. Segons el protocol, els mitjons han de ser al to de la sabata o dels pantalons. Si escollim est\u00e0 \u00faltima opci\u00f3, a nivell visual aconseguirem estilitzar m\u00e9s les cames, [&hellip;]<\/p>\n","protected":false},"author":1,"featured_media":3267,"comment_status":"closed","ping_status":"closed","sticky":false,"template":"","format":"standard","meta":{"_joinchat":[],"footnotes":""},"categories":[48],"tags":[114,61,247,243,245,78,248],"class_list":["post-4795","post","type-post","status-publish","format-standard","has-post-thumbnail","hentry","category-blog-ca","tag-accesorios","tag-asesoria-de-imagen","tag-calcetines","tag-colores","tag-estampados","tag-personal-shopper","tag-rayas"],"yoast_head":"<!-- This site is optimized with the Yoast SEO plugin v27.5 - https:\/\/yoast.com\/product\/yoast-seo-wordpress\/ -->\n<title>Los calcetines: colores, rayas, estampados... - Laura Costa<\/title>\n<meta name=\"robots\" content=\"index, follow, max-snippet:-1, max-image-preview:large, max-video-preview:-1\" \/>\n<link rel=\"canonical\" href=\"https:\/\/www.lauracosta.com\/ca\/los-calcetines-colores-rayas-estampados\/\" \/>\n<meta property=\"og:locale\" content=\"ca_ES\" \/>\n<meta property=\"og:type\" content=\"article\" \/>\n<meta property=\"og:title\" content=\"Los calcetines: colores, rayas, estampados... - Laura Costa\" \/>\n<meta property=\"og:description\" content=\"Els mitjons s\u00f3n un accessori interessant. Moltes vegades no som conscients de la import\u00e0ncia que tenen i de l&#8217;efecte que podem aconseguir en la nostra imatge. Segons el protocol, els mitjons han de ser al to de la sabata o dels pantalons. Si escollim est\u00e0 \u00faltima opci\u00f3, a nivell visual aconseguirem estilitzar m\u00e9s les cames, [&hellip;]\" \/>\n<meta property=\"og:url\" content=\"https:\/\/www.lauracosta.com\/ca\/los-calcetines-colores-rayas-estampados\/\" \/>\n<meta property=\"og:site_name\" content=\"Laura Costa\" \/>\n<meta property=\"article:published_time\" content=\"2014-10-27T09:44:18+00:00\" \/>\n<meta property=\"article:modified_time\" content=\"2024-11-14T09:50:57+00:00\" \/>\n<meta property=\"og:image\" content=\"https:\/\/www.lauracosta.com\/wp-content\/uploads\/2024\/11\/Calcetines.jpg\" \/>\n\t<meta property=\"og:image:width\" content=\"564\" \/>\n\t<meta property=\"og:image:height\" content=\"846\" \/>\n\t<meta property=\"og:image:type\" content=\"image\/jpeg\" \/>\n<meta name=\"author\" content=\"factoryfy\" \/>\n<meta name=\"twitter:card\" content=\"summary_large_image\" \/>\n<meta name=\"twitter:label1\" content=\"Escrit per\" \/>\n\t<meta name=\"twitter:data1\" content=\"factoryfy\" \/>\n\t<meta name=\"twitter:label2\" content=\"Temps estimat de lectura\" \/>\n\t<meta name=\"twitter:data2\" content=\"1 minut\" \/>\n<script type=\"application\/ld+json\" class=\"yoast-schema-graph\">{\"@context\":\"https:\\\/\\\/schema.org\",\"@graph\":[{\"@type\":\"Article\",\"@id\":\"https:\\\/\\\/www.lauracosta.com\\\/ca\\\/los-calcetines-colores-rayas-estampados\\\/#article\",\"isPartOf\":{\"@id\":\"https:\\\/\\\/www.lauracosta.com\\\/ca\\\/los-calcetines-colores-rayas-estampados\\\/\"},\"author\":{\"name\":\"factoryfy\",\"@id\":\"https:\\\/\\\/www.lauracosta.com\\\/#\\\/schema\\\/person\\\/88a3aa3a762e09aa91cddc385661d3d9\"},\"headline\":\"Los calcetines: colores, rayas, estampados&#8230;\",\"datePublished\":\"2014-10-27T09:44:18+00:00\",\"dateModified\":\"2024-11-14T09:50:57+00:00\",\"mainEntityOfPage\":{\"@id\":\"https:\\\/\\\/www.lauracosta.com\\\/ca\\\/los-calcetines-colores-rayas-estampados\\\/\"},\"wordCount\":192,\"publisher\":{\"@id\":\"https:\\\/\\\/www.lauracosta.com\\\/#organization\"},\"image\":{\"@id\":\"https:\\\/\\\/www.lauracosta.com\\\/ca\\\/los-calcetines-colores-rayas-estampados\\\/#primaryimage\"},\"thumbnailUrl\":\"https:\\\/\\\/www.lauracosta.com\\\/wp-content\\\/uploads\\\/2024\\\/11\\\/Calcetines.jpg\",\"keywords\":[\"accesorios\",\"Asesor\u00eda de imagen\",\"calcetines\",\"colores\",\"estampados\",\"Personal Shopper\",\"rayas\"],\"articleSection\":[\"Blog\"],\"inLanguage\":\"ca\"},{\"@type\":\"WebPage\",\"@id\":\"https:\\\/\\\/www.lauracosta.com\\\/ca\\\/los-calcetines-colores-rayas-estampados\\\/\",\"url\":\"https:\\\/\\\/www.lauracosta.com\\\/ca\\\/los-calcetines-colores-rayas-estampados\\\/\",\"name\":\"Los calcetines: colores, rayas, estampados... - Laura Costa\",\"isPartOf\":{\"@id\":\"https:\\\/\\\/www.lauracosta.com\\\/#website\"},\"primaryImageOfPage\":{\"@id\":\"https:\\\/\\\/www.lauracosta.com\\\/ca\\\/los-calcetines-colores-rayas-estampados\\\/#primaryimage\"},\"image\":{\"@id\":\"https:\\\/\\\/www.lauracosta.com\\\/ca\\\/los-calcetines-colores-rayas-estampados\\\/#primaryimage\"},\"thumbnailUrl\":\"https:\\\/\\\/www.lauracosta.com\\\/wp-content\\\/uploads\\\/2024\\\/11\\\/Calcetines.jpg\",\"datePublished\":\"2014-10-27T09:44:18+00:00\",\"dateModified\":\"2024-11-14T09:50:57+00:00\",\"breadcrumb\":{\"@id\":\"https:\\\/\\\/www.lauracosta.com\\\/ca\\\/los-calcetines-colores-rayas-estampados\\\/#breadcrumb\"},\"inLanguage\":\"ca\",\"potentialAction\":[{\"@type\":\"ReadAction\",\"target\":[\"https:\\\/\\\/www.lauracosta.com\\\/ca\\\/los-calcetines-colores-rayas-estampados\\\/\"]}]},{\"@type\":\"ImageObject\",\"inLanguage\":\"ca\",\"@id\":\"https:\\\/\\\/www.lauracosta.com\\\/ca\\\/los-calcetines-colores-rayas-estampados\\\/#primaryimage\",\"url\":\"https:\\\/\\\/www.lauracosta.com\\\/wp-content\\\/uploads\\\/2024\\\/11\\\/Calcetines.jpg\",\"contentUrl\":\"https:\\\/\\\/www.lauracosta.com\\\/wp-content\\\/uploads\\\/2024\\\/11\\\/Calcetines.jpg\",\"width\":564,\"height\":846},{\"@type\":\"BreadcrumbList\",\"@id\":\"https:\\\/\\\/www.lauracosta.com\\\/ca\\\/los-calcetines-colores-rayas-estampados\\\/#breadcrumb\",\"itemListElement\":[{\"@type\":\"ListItem\",\"position\":1,\"name\":\"Portada\",\"item\":\"https:\\\/\\\/www.lauracosta.com\\\/\"},{\"@type\":\"ListItem\",\"position\":2,\"name\":\"Los calcetines: colores, rayas, estampados&#8230;\"}]},{\"@type\":\"WebSite\",\"@id\":\"https:\\\/\\\/www.lauracosta.com\\\/#website\",\"url\":\"https:\\\/\\\/www.lauracosta.com\\\/\",\"name\":\"Laura Costa\",\"description\":\"Asesor\u00eda de imagen &amp; Personal Shopper\",\"publisher\":{\"@id\":\"https:\\\/\\\/www.lauracosta.com\\\/#organization\"},\"potentialAction\":[{\"@type\":\"SearchAction\",\"target\":{\"@type\":\"EntryPoint\",\"urlTemplate\":\"https:\\\/\\\/www.lauracosta.com\\\/?s={search_term_string}\"},\"query-input\":{\"@type\":\"PropertyValueSpecification\",\"valueRequired\":true,\"valueName\":\"search_term_string\"}}],\"inLanguage\":\"ca\"},{\"@type\":\"Organization\",\"@id\":\"https:\\\/\\\/www.lauracosta.com\\\/#organization\",\"name\":\"Laura Costa\",\"url\":\"https:\\\/\\\/www.lauracosta.com\\\/\",\"logo\":{\"@type\":\"ImageObject\",\"inLanguage\":\"ca\",\"@id\":\"https:\\\/\\\/www.lauracosta.com\\\/#\\\/schema\\\/logo\\\/image\\\/\",\"url\":\"https:\\\/\\\/www.lauracosta.com\\\/wp-content\\\/uploads\\\/2024\\\/11\\\/laura-costa-imagen-696.jpg\",\"contentUrl\":\"https:\\\/\\\/www.lauracosta.com\\\/wp-content\\\/uploads\\\/2024\\\/11\\\/laura-costa-imagen-696.jpg\",\"width\":696,\"height\":696,\"caption\":\"Laura Costa\"},\"image\":{\"@id\":\"https:\\\/\\\/www.lauracosta.com\\\/#\\\/schema\\\/logo\\\/image\\\/\"}},{\"@type\":\"Person\",\"@id\":\"https:\\\/\\\/www.lauracosta.com\\\/#\\\/schema\\\/person\\\/88a3aa3a762e09aa91cddc385661d3d9\",\"name\":\"factoryfy\",\"image\":{\"@type\":\"ImageObject\",\"inLanguage\":\"ca\",\"@id\":\"https:\\\/\\\/secure.gravatar.com\\\/avatar\\\/f6b08826744ac84b5c5730915ab186e60373c936b9668ce079c076fa428c7725?s=96&d=mm&r=g\",\"url\":\"https:\\\/\\\/secure.gravatar.com\\\/avatar\\\/f6b08826744ac84b5c5730915ab186e60373c936b9668ce079c076fa428c7725?s=96&d=mm&r=g\",\"contentUrl\":\"https:\\\/\\\/secure.gravatar.com\\\/avatar\\\/f6b08826744ac84b5c5730915ab186e60373c936b9668ce079c076fa428c7725?s=96&d=mm&r=g\",\"caption\":\"factoryfy\"},\"sameAs\":[\"https:\\\/\\\/www.lauracosta.com\"]}]}<\/script>\n<!-- \/ Yoast SEO plugin. -->","yoast_head_json":{"title":"Los calcetines: colores, rayas, estampados... - Laura Costa","robots":{"index":"index","follow":"follow","max-snippet":"max-snippet:-1","max-image-preview":"max-image-preview:large","max-video-preview":"max-video-preview:-1"},"canonical":"https:\/\/www.lauracosta.com\/ca\/los-calcetines-colores-rayas-estampados\/","og_locale":"ca_ES","og_type":"article","og_title":"Los calcetines: colores, rayas, estampados... - Laura Costa","og_description":"Els mitjons s\u00f3n un accessori interessant. Moltes vegades no som conscients de la import\u00e0ncia que tenen i de l&#8217;efecte que podem aconseguir en la nostra imatge. Segons el protocol, els mitjons han de ser al to de la sabata o dels pantalons. Si escollim est\u00e0 \u00faltima opci\u00f3, a nivell visual aconseguirem estilitzar m\u00e9s les cames, [&hellip;]","og_url":"https:\/\/www.lauracosta.com\/ca\/los-calcetines-colores-rayas-estampados\/","og_site_name":"Laura Costa","article_published_time":"2014-10-27T09:44:18+00:00","article_modified_time":"2024-11-14T09:50:57+00:00","og_image":[{"width":564,"height":846,"url":"https:\/\/www.lauracosta.com\/wp-content\/uploads\/2024\/11\/Calcetines.jpg","type":"image\/jpeg"}],"author":"factoryfy","twitter_card":"summary_large_image","twitter_misc":{"Escrit per":"factoryfy","Temps estimat de lectura":"1 minut"},"schema":{"@context":"https:\/\/schema.org","@graph":[{"@type":"Article","@id":"https:\/\/www.lauracosta.com\/ca\/los-calcetines-colores-rayas-estampados\/#article","isPartOf":{"@id":"https:\/\/www.lauracosta.com\/ca\/los-calcetines-colores-rayas-estampados\/"},"author":{"name":"factoryfy","@id":"https:\/\/www.lauracosta.com\/#\/schema\/person\/88a3aa3a762e09aa91cddc385661d3d9"},"headline":"Los calcetines: colores, rayas, estampados&#8230;","datePublished":"2014-10-27T09:44:18+00:00","dateModified":"2024-11-14T09:50:57+00:00","mainEntityOfPage":{"@id":"https:\/\/www.lauracosta.com\/ca\/los-calcetines-colores-rayas-estampados\/"},"wordCount":192,"publisher":{"@id":"https:\/\/www.lauracosta.com\/#organization"},"image":{"@id":"https:\/\/www.lauracosta.com\/ca\/los-calcetines-colores-rayas-estampados\/#primaryimage"},"thumbnailUrl":"https:\/\/www.lauracosta.com\/wp-content\/uploads\/2024\/11\/Calcetines.jpg","keywords":["accesorios","Asesor\u00eda de imagen","calcetines","colores","estampados","Personal Shopper","rayas"],"articleSection":["Blog"],"inLanguage":"ca"},{"@type":"WebPage","@id":"https:\/\/www.lauracosta.com\/ca\/los-calcetines-colores-rayas-estampados\/","url":"https:\/\/www.lauracosta.com\/ca\/los-calcetines-colores-rayas-estampados\/","name":"Los calcetines: colores, rayas, estampados... - Laura Costa","isPartOf":{"@id":"https:\/\/www.lauracosta.com\/#website"},"primaryImageOfPage":{"@id":"https:\/\/www.lauracosta.com\/ca\/los-calcetines-colores-rayas-estampados\/#primaryimage"},"image":{"@id":"https:\/\/www.lauracosta.com\/ca\/los-calcetines-colores-rayas-estampados\/#primaryimage"},"thumbnailUrl":"https:\/\/www.lauracosta.com\/wp-content\/uploads\/2024\/11\/Calcetines.jpg","datePublished":"2014-10-27T09:44:18+00:00","dateModified":"2024-11-14T09:50:57+00:00","breadcrumb":{"@id":"https:\/\/www.lauracosta.com\/ca\/los-calcetines-colores-rayas-estampados\/#breadcrumb"},"inLanguage":"ca","potentialAction":[{"@type":"ReadAction","target":["https:\/\/www.lauracosta.com\/ca\/los-calcetines-colores-rayas-estampados\/"]}]},{"@type":"ImageObject","inLanguage":"ca","@id":"https:\/\/www.lauracosta.com\/ca\/los-calcetines-colores-rayas-estampados\/#primaryimage","url":"https:\/\/www.lauracosta.com\/wp-content\/uploads\/2024\/11\/Calcetines.jpg","contentUrl":"https:\/\/www.lauracosta.com\/wp-content\/uploads\/2024\/11\/Calcetines.jpg","width":564,"height":846},{"@type":"BreadcrumbList","@id":"https:\/\/www.lauracosta.com\/ca\/los-calcetines-colores-rayas-estampados\/#breadcrumb","itemListElement":[{"@type":"ListItem","position":1,"name":"Portada","item":"https:\/\/www.lauracosta.com\/"},{"@type":"ListItem","position":2,"name":"Los calcetines: colores, rayas, estampados&#8230;"}]},{"@type":"WebSite","@id":"https:\/\/www.lauracosta.com\/#website","url":"https:\/\/www.lauracosta.com\/","name":"Laura Costa","description":"Asesor\u00eda de imagen &amp; Personal Shopper","publisher":{"@id":"https:\/\/www.lauracosta.com\/#organization"},"potentialAction":[{"@type":"SearchAction","target":{"@type":"EntryPoint","urlTemplate":"https:\/\/www.lauracosta.com\/?s={search_term_string}"},"query-input":{"@type":"PropertyValueSpecification","valueRequired":true,"valueName":"search_term_string"}}],"inLanguage":"ca"},{"@type":"Organization","@id":"https:\/\/www.lauracosta.com\/#organization","name":"Laura Costa","url":"https:\/\/www.lauracosta.com\/","logo":{"@type":"ImageObject","inLanguage":"ca","@id":"https:\/\/www.lauracosta.com\/#\/schema\/logo\/image\/","url":"https:\/\/www.lauracosta.com\/wp-content\/uploads\/2024\/11\/laura-costa-imagen-696.jpg","contentUrl":"https:\/\/www.lauracosta.com\/wp-content\/uploads\/2024\/11\/laura-costa-imagen-696.jpg","width":696,"height":696,"caption":"Laura Costa"},"image":{"@id":"https:\/\/www.lauracosta.com\/#\/schema\/logo\/image\/"}},{"@type":"Person","@id":"https:\/\/www.lauracosta.com\/#\/schema\/person\/88a3aa3a762e09aa91cddc385661d3d9","name":"factoryfy","image":{"@type":"ImageObject","inLanguage":"ca","@id":"https:\/\/secure.gravatar.com\/avatar\/f6b08826744ac84b5c5730915ab186e60373c936b9668ce079c076fa428c7725?s=96&d=mm&r=g","url":"https:\/\/secure.gravatar.com\/avatar\/f6b08826744ac84b5c5730915ab186e60373c936b9668ce079c076fa428c7725?s=96&d=mm&r=g","contentUrl":"https:\/\/secure.gravatar.com\/avatar\/f6b08826744ac84b5c5730915ab186e60373c936b9668ce079c076fa428c7725?s=96&d=mm&r=g","caption":"factoryfy"},"sameAs":["https:\/\/www.lauracosta.com"]}]}},"_links":{"self":[{"href":"https:\/\/www.lauracosta.com\/ca\/wp-json\/wp\/v2\/posts\/4795","targetHints":{"allow":["GET"]}}],"collection":[{"href":"https:\/\/www.lauracosta.com\/ca\/wp-json\/wp\/v2\/posts"}],"about":[{"href":"https:\/\/www.lauracosta.com\/ca\/wp-json\/wp\/v2\/types\/post"}],"author":[{"embeddable":true,"href":"https:\/\/www.lauracosta.com\/ca\/wp-json\/wp\/v2\/users\/1"}],"replies":[{"embeddable":true,"href":"https:\/\/www.lauracosta.com\/ca\/wp-json\/wp\/v2\/comments?post=4795"}],"version-history":[{"count":1,"href":"https:\/\/www.lauracosta.com\/ca\/wp-json\/wp\/v2\/posts\/4795\/revisions"}],"predecessor-version":[{"id":4796,"href":"https:\/\/www.lauracosta.com\/ca\/wp-json\/wp\/v2\/posts\/4795\/revisions\/4796"}],"wp:featuredmedia":[{"embeddable":true,"href":"https:\/\/www.lauracosta.com\/ca\/wp-json\/wp\/v2\/media\/3267"}],"wp:attachment":[{"href":"https:\/\/www.lauracosta.com\/ca\/wp-json\/wp\/v2\/media?parent=4795"}],"wp:term":[{"taxonomy":"category","embeddable":true,"href":"https:\/\/www.lauracosta.com\/ca\/wp-json\/wp\/v2\/categories?post=4795"},{"taxonomy":"post_tag","embeddable":true,"href":"https:\/\/www.lauracosta.com\/ca\/wp-json\/wp\/v2\/tags?post=4795"}],"curies":[{"name":"wp","href":"https:\/\/api.w.org\/{rel}","templated":true}]}}