{"id":4797,"date":"2014-10-08T09:50:30","date_gmt":"2014-10-08T07:50:30","guid":{"rendered":"https:\/\/www.lauracosta.com\/consejos-para-acertar-en-la-eleccion-de-la-corbata\/"},"modified":"2014-10-08T09:50:30","modified_gmt":"2014-10-08T07:50:30","slug":"consejos-para-acertar-en-la-eleccion-de-la-corbata","status":"publish","type":"post","link":"https:\/\/www.lauracosta.com\/ca\/consejos-para-acertar-en-la-eleccion-de-la-corbata\/","title":{"rendered":"Consejos para acertar en la elecci\u00f3n de la corbata"},"content":{"rendered":"<p><span style=\"color: #000000;\">La corbata \u00e9s l&#8217;accessori en la indument\u00e0ria masculina que m\u00e9s crida l&#8217;atenci\u00f3. No \u00e9s en va que les dones ens fixem sempre en aquest complement.<\/span><\/p>\n<p><span style=\"color: #000000;\">Aqu\u00ed us escric algunes pautes per encertar en l&#8217;elecci\u00f3:<\/span><\/p>\n<p><span style=\"color: #000000;\"><strong>L&#8217;amplada de la pala<\/strong><\/span><\/p>\n<p><span style=\"color: #000000;\">\u00c9s important no deixar-se portar per les tend\u00e8ncies, l&#8217;elecci\u00f3 de l&#8217;ample de la corbata estar\u00e0 en funci\u00f3 de la tipologia corporal del client.<\/span><\/p>\n<p><span style=\"color: #000000;\">Si un home \u00e9s molt corpulent li aconsellarem una corbata de pala ampla o mitjana, ja que si la pos\u00e9ssim una corbata estreta aix\u00f2 accentuaria m\u00e9s el volum del seu cos.<\/span><\/p>\n<p><span style=\"color: #000000;\"><strong>La llargada de la corbata<\/strong><\/span><\/p>\n<p><span style=\"color: #000000;\">La corbata un cop anusada mai ha de sobrepassar el cintur\u00f3<\/span><\/p>\n<p><span style=\"color: #000000;\"><strong>Teixits<\/strong><\/span><\/p>\n<p><span style=\"color: #000000;\">La majoria solen ser de seda, per\u00f2 cal assegurar-se que es tracta d&#8217;un teixit 100% d&#8217;aquest material.<\/span><\/p>\n<p><span style=\"color: #000000;\">Tamb\u00e9 poden ser de llana, est genero estar\u00e0 reservat \u00fanicament a l&#8217;hivern i heu de tenir present que us conferir\u00e0 una imatge una miqueta r\u00fastica.<\/span><\/p>\n<p><span style=\"color: #000000;\"><strong>L&#8217;estampat, el color i la combinaci\u00f3 amb la camisa<\/strong><\/span><\/p>\n<p><span style=\"color: #000000;\">Si el disseny \u00e9s molt atrevit, pel que fa a l&#8217;estampat o als colors del mateix, recomanem combinar-la amb una camisa m\u00e9s discreta.<\/span><\/p>\n<p><span style=\"color: #000000;\">El color blanc o gris perla en les camises aix\u00ed com el blau p\u00e0l\u00b7lid, seran cl\u00e0ssics comodins que facilitaran l&#8217;encert en les combinacions.<\/span><\/p>\n<p><span style=\"color: #000000;\">Cal tenir clar qu\u00e8 volem transmetre i a partir d&#8217;aquesta idea, buscar l&#8217;harmonia o el contrast entre el color de la camisa i la corbata.<\/span> <span style=\"color: #000000;\">Aix\u00f2 s\u00ed, millor no barrejar estampats i ratlles.<\/span><\/p>\n<p><span style=\"color: #000000;\">Tot la resta estar\u00e0 perm\u00e8s, el m\u00e9s important ser\u00e0 sentir-se i veure&#8217;s b\u00e9.<\/span><\/p>\n<p><span style=\"color: #000000;\"><strong>-Com saber si est\u00e0 ben confeccionada?<\/strong><\/span><\/p>\n<p><span style=\"color: #000000;\">Les corbates han d&#8217;estar elaborades de forma artesanal a m\u00e0.<\/span><\/p>\n<p><span style=\"color: #000000;\">Una manera de saber que aquesta ben tallada i confeccionada, \u00e9s prendre-la per la meitat i comprovar que la part gruixuda i prima pengen rectes.<\/span><\/p>\n","protected":false},"excerpt":{"rendered":"<p>La corbata \u00e9s l&#8217;accessori en la indument\u00e0ria masculina que m\u00e9s crida l&#8217;atenci\u00f3. No \u00e9s en va que les dones ens fixem sempre en aquest complement. Aqu\u00ed us escric algunes pautes per encertar en l&#8217;elecci\u00f3: L&#8217;amplada de la pala \u00c9s important no deixar-se portar per les tend\u00e8ncies, l&#8217;elecci\u00f3 de l&#8217;ample de la corbata estar\u00e0 en funci\u00f3 [&hellip;]<\/p>\n","protected":false},"author":1,"featured_media":3247,"comment_status":"closed","ping_status":"closed","sticky":false,"template":"","format":"standard","meta":{"_joinchat":[],"footnotes":""},"categories":[48],"tags":[114,61,243,244,181,150,245,184,246,78],"class_list":["post-4797","post","type-post","status-publish","format-standard","has-post-thumbnail","hentry","category-blog-ca","tag-accesorios","tag-asesoria-de-imagen","tag-colores","tag-combinaciones","tag-complementos","tag-corbata","tag-estampados","tag-hombre","tag-kinnus","tag-personal-shopper"],"yoast_head":"<!-- This site is optimized with the Yoast SEO plugin v27.5 - https:\/\/yoast.com\/product\/yoast-seo-wordpress\/ -->\n<title>Consejos para acertar en la elecci\u00f3n de la corbata - Laura Costa<\/title>\n<meta name=\"robots\" content=\"index, follow, max-snippet:-1, max-image-preview:large, max-video-preview:-1\" \/>\n<link rel=\"canonical\" href=\"https:\/\/www.lauracosta.com\/ca\/consejos-para-acertar-en-la-eleccion-de-la-corbata\/\" \/>\n<meta property=\"og:locale\" content=\"ca_ES\" \/>\n<meta property=\"og:type\" content=\"article\" \/>\n<meta property=\"og:title\" content=\"Consejos para acertar en la elecci\u00f3n de la corbata - Laura Costa\" \/>\n<meta property=\"og:description\" content=\"La corbata \u00e9s l&#8217;accessori en la indument\u00e0ria masculina que m\u00e9s crida l&#8217;atenci\u00f3. No \u00e9s en va que les dones ens fixem sempre en aquest complement. Aqu\u00ed us escric algunes pautes per encertar en l&#8217;elecci\u00f3: L&#8217;amplada de la pala \u00c9s important no deixar-se portar per les tend\u00e8ncies, l&#8217;elecci\u00f3 de l&#8217;ample de la corbata estar\u00e0 en funci\u00f3 [&hellip;]\" \/>\n<meta property=\"og:url\" content=\"https:\/\/www.lauracosta.com\/ca\/consejos-para-acertar-en-la-eleccion-de-la-corbata\/\" \/>\n<meta property=\"og:site_name\" content=\"Laura Costa\" \/>\n<meta property=\"article:published_time\" content=\"2014-10-08T07:50:30+00:00\" \/>\n<meta property=\"og:image\" content=\"https:\/\/www.lauracosta.com\/wp-content\/uploads\/2024\/11\/corbatas.jpg\" \/>\n\t<meta property=\"og:image:width\" content=\"500\" \/>\n\t<meta property=\"og:image:height\" content=\"366\" \/>\n\t<meta property=\"og:image:type\" content=\"image\/jpeg\" \/>\n<meta name=\"author\" content=\"factoryfy\" \/>\n<meta name=\"twitter:card\" content=\"summary_large_image\" \/>\n<meta name=\"twitter:label1\" content=\"Escrit per\" \/>\n\t<meta name=\"twitter:data1\" content=\"factoryfy\" \/>\n\t<meta name=\"twitter:label2\" content=\"Temps estimat de lectura\" \/>\n\t<meta name=\"twitter:data2\" content=\"2 minuts\" \/>\n<script type=\"application\/ld+json\" class=\"yoast-schema-graph\">{\"@context\":\"https:\\\/\\\/schema.org\",\"@graph\":[{\"@type\":\"Article\",\"@id\":\"https:\\\/\\\/www.lauracosta.com\\\/ca\\\/consejos-para-acertar-en-la-eleccion-de-la-corbata\\\/#article\",\"isPartOf\":{\"@id\":\"https:\\\/\\\/www.lauracosta.com\\\/ca\\\/consejos-para-acertar-en-la-eleccion-de-la-corbata\\\/\"},\"author\":{\"name\":\"factoryfy\",\"@id\":\"https:\\\/\\\/www.lauracosta.com\\\/#\\\/schema\\\/person\\\/88a3aa3a762e09aa91cddc385661d3d9\"},\"headline\":\"Consejos para acertar en la elecci\u00f3n de la corbata\",\"datePublished\":\"2014-10-08T07:50:30+00:00\",\"mainEntityOfPage\":{\"@id\":\"https:\\\/\\\/www.lauracosta.com\\\/ca\\\/consejos-para-acertar-en-la-eleccion-de-la-corbata\\\/\"},\"wordCount\":330,\"publisher\":{\"@id\":\"https:\\\/\\\/www.lauracosta.com\\\/#organization\"},\"image\":{\"@id\":\"https:\\\/\\\/www.lauracosta.com\\\/ca\\\/consejos-para-acertar-en-la-eleccion-de-la-corbata\\\/#primaryimage\"},\"thumbnailUrl\":\"https:\\\/\\\/www.lauracosta.com\\\/wp-content\\\/uploads\\\/2024\\\/11\\\/corbatas.jpg\",\"keywords\":[\"accesorios\",\"Asesor\u00eda de imagen\",\"colores\",\"combinaciones\",\"complementos\",\"Corbata\",\"estampados\",\"hombre\",\"Kinnus\",\"Personal Shopper\"],\"articleSection\":[\"Blog\"],\"inLanguage\":\"ca\"},{\"@type\":\"WebPage\",\"@id\":\"https:\\\/\\\/www.lauracosta.com\\\/ca\\\/consejos-para-acertar-en-la-eleccion-de-la-corbata\\\/\",\"url\":\"https:\\\/\\\/www.lauracosta.com\\\/ca\\\/consejos-para-acertar-en-la-eleccion-de-la-corbata\\\/\",\"name\":\"Consejos para acertar en la elecci\u00f3n de la corbata - Laura Costa\",\"isPartOf\":{\"@id\":\"https:\\\/\\\/www.lauracosta.com\\\/#website\"},\"primaryImageOfPage\":{\"@id\":\"https:\\\/\\\/www.lauracosta.com\\\/ca\\\/consejos-para-acertar-en-la-eleccion-de-la-corbata\\\/#primaryimage\"},\"image\":{\"@id\":\"https:\\\/\\\/www.lauracosta.com\\\/ca\\\/consejos-para-acertar-en-la-eleccion-de-la-corbata\\\/#primaryimage\"},\"thumbnailUrl\":\"https:\\\/\\\/www.lauracosta.com\\\/wp-content\\\/uploads\\\/2024\\\/11\\\/corbatas.jpg\",\"datePublished\":\"2014-10-08T07:50:30+00:00\",\"breadcrumb\":{\"@id\":\"https:\\\/\\\/www.lauracosta.com\\\/ca\\\/consejos-para-acertar-en-la-eleccion-de-la-corbata\\\/#breadcrumb\"},\"inLanguage\":\"ca\",\"potentialAction\":[{\"@type\":\"ReadAction\",\"target\":[\"https:\\\/\\\/www.lauracosta.com\\\/ca\\\/consejos-para-acertar-en-la-eleccion-de-la-corbata\\\/\"]}]},{\"@type\":\"ImageObject\",\"inLanguage\":\"ca\",\"@id\":\"https:\\\/\\\/www.lauracosta.com\\\/ca\\\/consejos-para-acertar-en-la-eleccion-de-la-corbata\\\/#primaryimage\",\"url\":\"https:\\\/\\\/www.lauracosta.com\\\/wp-content\\\/uploads\\\/2024\\\/11\\\/corbatas.jpg\",\"contentUrl\":\"https:\\\/\\\/www.lauracosta.com\\\/wp-content\\\/uploads\\\/2024\\\/11\\\/corbatas.jpg\",\"width\":500,\"height\":366},{\"@type\":\"BreadcrumbList\",\"@id\":\"https:\\\/\\\/www.lauracosta.com\\\/ca\\\/consejos-para-acertar-en-la-eleccion-de-la-corbata\\\/#breadcrumb\",\"itemListElement\":[{\"@type\":\"ListItem\",\"position\":1,\"name\":\"Portada\",\"item\":\"https:\\\/\\\/www.lauracosta.com\\\/\"},{\"@type\":\"ListItem\",\"position\":2,\"name\":\"Consejos para acertar en la elecci\u00f3n de la corbata\"}]},{\"@type\":\"WebSite\",\"@id\":\"https:\\\/\\\/www.lauracosta.com\\\/#website\",\"url\":\"https:\\\/\\\/www.lauracosta.com\\\/\",\"name\":\"Laura Costa\",\"description\":\"Asesor\u00eda de imagen &amp; Personal Shopper\",\"publisher\":{\"@id\":\"https:\\\/\\\/www.lauracosta.com\\\/#organization\"},\"potentialAction\":[{\"@type\":\"SearchAction\",\"target\":{\"@type\":\"EntryPoint\",\"urlTemplate\":\"https:\\\/\\\/www.lauracosta.com\\\/?s={search_term_string}\"},\"query-input\":{\"@type\":\"PropertyValueSpecification\",\"valueRequired\":true,\"valueName\":\"search_term_string\"}}],\"inLanguage\":\"ca\"},{\"@type\":\"Organization\",\"@id\":\"https:\\\/\\\/www.lauracosta.com\\\/#organization\",\"name\":\"Laura Costa\",\"url\":\"https:\\\/\\\/www.lauracosta.com\\\/\",\"logo\":{\"@type\":\"ImageObject\",\"inLanguage\":\"ca\",\"@id\":\"https:\\\/\\\/www.lauracosta.com\\\/#\\\/schema\\\/logo\\\/image\\\/\",\"url\":\"https:\\\/\\\/www.lauracosta.com\\\/wp-content\\\/uploads\\\/2024\\\/11\\\/laura-costa-imagen-696.jpg\",\"contentUrl\":\"https:\\\/\\\/www.lauracosta.com\\\/wp-content\\\/uploads\\\/2024\\\/11\\\/laura-costa-imagen-696.jpg\",\"width\":696,\"height\":696,\"caption\":\"Laura Costa\"},\"image\":{\"@id\":\"https:\\\/\\\/www.lauracosta.com\\\/#\\\/schema\\\/logo\\\/image\\\/\"}},{\"@type\":\"Person\",\"@id\":\"https:\\\/\\\/www.lauracosta.com\\\/#\\\/schema\\\/person\\\/88a3aa3a762e09aa91cddc385661d3d9\",\"name\":\"factoryfy\",\"image\":{\"@type\":\"ImageObject\",\"inLanguage\":\"ca\",\"@id\":\"https:\\\/\\\/secure.gravatar.com\\\/avatar\\\/f6b08826744ac84b5c5730915ab186e60373c936b9668ce079c076fa428c7725?s=96&d=mm&r=g\",\"url\":\"https:\\\/\\\/secure.gravatar.com\\\/avatar\\\/f6b08826744ac84b5c5730915ab186e60373c936b9668ce079c076fa428c7725?s=96&d=mm&r=g\",\"contentUrl\":\"https:\\\/\\\/secure.gravatar.com\\\/avatar\\\/f6b08826744ac84b5c5730915ab186e60373c936b9668ce079c076fa428c7725?s=96&d=mm&r=g\",\"caption\":\"factoryfy\"},\"sameAs\":[\"https:\\\/\\\/www.lauracosta.com\"]}]}<\/script>\n<!-- \/ Yoast SEO plugin. -->","yoast_head_json":{"title":"Consejos para acertar en la elecci\u00f3n de la corbata - Laura Costa","robots":{"index":"index","follow":"follow","max-snippet":"max-snippet:-1","max-image-preview":"max-image-preview:large","max-video-preview":"max-video-preview:-1"},"canonical":"https:\/\/www.lauracosta.com\/ca\/consejos-para-acertar-en-la-eleccion-de-la-corbata\/","og_locale":"ca_ES","og_type":"article","og_title":"Consejos para acertar en la elecci\u00f3n de la corbata - Laura Costa","og_description":"La corbata \u00e9s l&#8217;accessori en la indument\u00e0ria masculina que m\u00e9s crida l&#8217;atenci\u00f3. No \u00e9s en va que les dones ens fixem sempre en aquest complement. Aqu\u00ed us escric algunes pautes per encertar en l&#8217;elecci\u00f3: L&#8217;amplada de la pala \u00c9s important no deixar-se portar per les tend\u00e8ncies, l&#8217;elecci\u00f3 de l&#8217;ample de la corbata estar\u00e0 en funci\u00f3 [&hellip;]","og_url":"https:\/\/www.lauracosta.com\/ca\/consejos-para-acertar-en-la-eleccion-de-la-corbata\/","og_site_name":"Laura Costa","article_published_time":"2014-10-08T07:50:30+00:00","og_image":[{"width":500,"height":366,"url":"https:\/\/www.lauracosta.com\/wp-content\/uploads\/2024\/11\/corbatas.jpg","type":"image\/jpeg"}],"author":"factoryfy","twitter_card":"summary_large_image","twitter_misc":{"Escrit per":"factoryfy","Temps estimat de lectura":"2 minuts"},"schema":{"@context":"https:\/\/schema.org","@graph":[{"@type":"Article","@id":"https:\/\/www.lauracosta.com\/ca\/consejos-para-acertar-en-la-eleccion-de-la-corbata\/#article","isPartOf":{"@id":"https:\/\/www.lauracosta.com\/ca\/consejos-para-acertar-en-la-eleccion-de-la-corbata\/"},"author":{"name":"factoryfy","@id":"https:\/\/www.lauracosta.com\/#\/schema\/person\/88a3aa3a762e09aa91cddc385661d3d9"},"headline":"Consejos para acertar en la elecci\u00f3n de la corbata","datePublished":"2014-10-08T07:50:30+00:00","mainEntityOfPage":{"@id":"https:\/\/www.lauracosta.com\/ca\/consejos-para-acertar-en-la-eleccion-de-la-corbata\/"},"wordCount":330,"publisher":{"@id":"https:\/\/www.lauracosta.com\/#organization"},"image":{"@id":"https:\/\/www.lauracosta.com\/ca\/consejos-para-acertar-en-la-eleccion-de-la-corbata\/#primaryimage"},"thumbnailUrl":"https:\/\/www.lauracosta.com\/wp-content\/uploads\/2024\/11\/corbatas.jpg","keywords":["accesorios","Asesor\u00eda de imagen","colores","combinaciones","complementos","Corbata","estampados","hombre","Kinnus","Personal Shopper"],"articleSection":["Blog"],"inLanguage":"ca"},{"@type":"WebPage","@id":"https:\/\/www.lauracosta.com\/ca\/consejos-para-acertar-en-la-eleccion-de-la-corbata\/","url":"https:\/\/www.lauracosta.com\/ca\/consejos-para-acertar-en-la-eleccion-de-la-corbata\/","name":"Consejos para acertar en la elecci\u00f3n de la corbata - Laura Costa","isPartOf":{"@id":"https:\/\/www.lauracosta.com\/#website"},"primaryImageOfPage":{"@id":"https:\/\/www.lauracosta.com\/ca\/consejos-para-acertar-en-la-eleccion-de-la-corbata\/#primaryimage"},"image":{"@id":"https:\/\/www.lauracosta.com\/ca\/consejos-para-acertar-en-la-eleccion-de-la-corbata\/#primaryimage"},"thumbnailUrl":"https:\/\/www.lauracosta.com\/wp-content\/uploads\/2024\/11\/corbatas.jpg","datePublished":"2014-10-08T07:50:30+00:00","breadcrumb":{"@id":"https:\/\/www.lauracosta.com\/ca\/consejos-para-acertar-en-la-eleccion-de-la-corbata\/#breadcrumb"},"inLanguage":"ca","potentialAction":[{"@type":"ReadAction","target":["https:\/\/www.lauracosta.com\/ca\/consejos-para-acertar-en-la-eleccion-de-la-corbata\/"]}]},{"@type":"ImageObject","inLanguage":"ca","@id":"https:\/\/www.lauracosta.com\/ca\/consejos-para-acertar-en-la-eleccion-de-la-corbata\/#primaryimage","url":"https:\/\/www.lauracosta.com\/wp-content\/uploads\/2024\/11\/corbatas.jpg","contentUrl":"https:\/\/www.lauracosta.com\/wp-content\/uploads\/2024\/11\/corbatas.jpg","width":500,"height":366},{"@type":"BreadcrumbList","@id":"https:\/\/www.lauracosta.com\/ca\/consejos-para-acertar-en-la-eleccion-de-la-corbata\/#breadcrumb","itemListElement":[{"@type":"ListItem","position":1,"name":"Portada","item":"https:\/\/www.lauracosta.com\/"},{"@type":"ListItem","position":2,"name":"Consejos para acertar en la elecci\u00f3n de la corbata"}]},{"@type":"WebSite","@id":"https:\/\/www.lauracosta.com\/#website","url":"https:\/\/www.lauracosta.com\/","name":"Laura Costa","description":"Asesor\u00eda de imagen &amp; Personal Shopper","publisher":{"@id":"https:\/\/www.lauracosta.com\/#organization"},"potentialAction":[{"@type":"SearchAction","target":{"@type":"EntryPoint","urlTemplate":"https:\/\/www.lauracosta.com\/?s={search_term_string}"},"query-input":{"@type":"PropertyValueSpecification","valueRequired":true,"valueName":"search_term_string"}}],"inLanguage":"ca"},{"@type":"Organization","@id":"https:\/\/www.lauracosta.com\/#organization","name":"Laura Costa","url":"https:\/\/www.lauracosta.com\/","logo":{"@type":"ImageObject","inLanguage":"ca","@id":"https:\/\/www.lauracosta.com\/#\/schema\/logo\/image\/","url":"https:\/\/www.lauracosta.com\/wp-content\/uploads\/2024\/11\/laura-costa-imagen-696.jpg","contentUrl":"https:\/\/www.lauracosta.com\/wp-content\/uploads\/2024\/11\/laura-costa-imagen-696.jpg","width":696,"height":696,"caption":"Laura Costa"},"image":{"@id":"https:\/\/www.lauracosta.com\/#\/schema\/logo\/image\/"}},{"@type":"Person","@id":"https:\/\/www.lauracosta.com\/#\/schema\/person\/88a3aa3a762e09aa91cddc385661d3d9","name":"factoryfy","image":{"@type":"ImageObject","inLanguage":"ca","@id":"https:\/\/secure.gravatar.com\/avatar\/f6b08826744ac84b5c5730915ab186e60373c936b9668ce079c076fa428c7725?s=96&d=mm&r=g","url":"https:\/\/secure.gravatar.com\/avatar\/f6b08826744ac84b5c5730915ab186e60373c936b9668ce079c076fa428c7725?s=96&d=mm&r=g","contentUrl":"https:\/\/secure.gravatar.com\/avatar\/f6b08826744ac84b5c5730915ab186e60373c936b9668ce079c076fa428c7725?s=96&d=mm&r=g","caption":"factoryfy"},"sameAs":["https:\/\/www.lauracosta.com"]}]}},"_links":{"self":[{"href":"https:\/\/www.lauracosta.com\/ca\/wp-json\/wp\/v2\/posts\/4797","targetHints":{"allow":["GET"]}}],"collection":[{"href":"https:\/\/www.lauracosta.com\/ca\/wp-json\/wp\/v2\/posts"}],"about":[{"href":"https:\/\/www.lauracosta.com\/ca\/wp-json\/wp\/v2\/types\/post"}],"author":[{"embeddable":true,"href":"https:\/\/www.lauracosta.com\/ca\/wp-json\/wp\/v2\/users\/1"}],"replies":[{"embeddable":true,"href":"https:\/\/www.lauracosta.com\/ca\/wp-json\/wp\/v2\/comments?post=4797"}],"version-history":[{"count":0,"href":"https:\/\/www.lauracosta.com\/ca\/wp-json\/wp\/v2\/posts\/4797\/revisions"}],"wp:featuredmedia":[{"embeddable":true,"href":"https:\/\/www.lauracosta.com\/ca\/wp-json\/wp\/v2\/media\/3247"}],"wp:attachment":[{"href":"https:\/\/www.lauracosta.com\/ca\/wp-json\/wp\/v2\/media?parent=4797"}],"wp:term":[{"taxonomy":"category","embeddable":true,"href":"https:\/\/www.lauracosta.com\/ca\/wp-json\/wp\/v2\/categories?post=4797"},{"taxonomy":"post_tag","embeddable":true,"href":"https:\/\/www.lauracosta.com\/ca\/wp-json\/wp\/v2\/tags?post=4797"}],"curies":[{"name":"wp","href":"https:\/\/api.w.org\/{rel}","templated":true}]}}