{"id":4800,"date":"2014-08-03T16:47:29","date_gmt":"2014-08-03T14:47:29","guid":{"rendered":"https:\/\/www.lauracosta.com\/vuelve-al-trabajo-mejor-imagen\/"},"modified":"2016-07-26T15:52:56","modified_gmt":"2016-07-26T13:52:56","slug":"vuelve-al-trabajo-con-tu-mejor-imagen","status":"publish","type":"post","link":"https:\/\/www.lauracosta.com\/ca\/vuelve-al-trabajo-con-tu-mejor-imagen\/","title":{"rendered":"Vuelve al trabajo, con TU mejor IMAGEN"},"content":{"rendered":"<p>Prepara&#8217;t per afrontar la tornada a la feina amb <strong>LA TEVA MILLOR IMATGE!!<\/strong><\/p>\n<p><strong>El servei d&#8217;Assessoria Expr\u00e9s a preu de promoci\u00f3: <del>150<\/del>\u00a0\u00a0130 euros<\/strong><\/p>\n<p>Dues hores de consells per a TU, sobre qualsevol tema referent a LA TEVA imatge:<br \/>\nPentinat, indument\u00e0ria, accessoris, color&#8230; <strong>TOT EL QUE NECESSITIS<\/strong><\/p>\n<p>Promoci\u00f3 v\u00e0lida del 15 d&#8217;Agost \u00a0al 30 de Setembre<\/p>\n<p>Demana&#8217;t hora: 654 40 40 28<\/p>\n","protected":false},"excerpt":{"rendered":"<p>Prepara&#8217;t per afrontar la tornada a la feina amb LA TEVA MILLOR IMATGE!! El servei d&#8217;Assessoria Expr\u00e9s a preu de promoci\u00f3: 150\u00a0\u00a0130 euros Dues hores de consells per a TU, sobre qualsevol tema referent a LA TEVA imatge: Pentinat, indument\u00e0ria, accessoris, color&#8230; TOT EL QUE NECESSITIS Promoci\u00f3 v\u00e0lida del 15 d&#8217;Agost \u00a0al 30 de Setembre [&hellip;]<\/p>\n","protected":false},"author":1,"featured_media":3232,"comment_status":"closed","ping_status":"closed","sticky":false,"template":"","format":"standard","meta":{"_joinchat":[],"footnotes":""},"categories":[54],"tags":[114,179,45,92,110],"class_list":["post-4800","post","type-post","status-publish","format-standard","has-post-thumbnail","hentry","category-promocio","tag-accesorios","tag-asesoria-de-imagen-expres","tag-indumentaria","tag-maquillaje","tag-test-del-color"],"yoast_head":"<!-- This site is optimized with the Yoast SEO plugin v27.5 - https:\/\/yoast.com\/product\/yoast-seo-wordpress\/ -->\n<title>Vuelve al trabajo, con TU mejor IMAGEN - Laura Costa<\/title>\n<meta name=\"robots\" content=\"index, follow, max-snippet:-1, max-image-preview:large, max-video-preview:-1\" \/>\n<link rel=\"canonical\" href=\"https:\/\/www.lauracosta.com\/ca\/vuelve-al-trabajo-mejor-imagen\/\" \/>\n<meta property=\"og:locale\" content=\"ca_ES\" \/>\n<meta property=\"og:type\" content=\"article\" \/>\n<meta property=\"og:title\" content=\"Vuelve al trabajo, con TU mejor IMAGEN - Laura Costa\" \/>\n<meta property=\"og:description\" content=\"Prepara&#8217;t per afrontar la tornada a la feina amb LA TEVA MILLOR IMATGE!! El servei d&#8217;Assessoria Expr\u00e9s a preu de promoci\u00f3: 150\u00a0\u00a0130 euros Dues hores de consells per a TU, sobre qualsevol tema referent a LA TEVA imatge: Pentinat, indument\u00e0ria, accessoris, color&#8230; TOT EL QUE NECESSITIS Promoci\u00f3 v\u00e0lida del 15 d&#8217;Agost \u00a0al 30 de Setembre [&hellip;]\" \/>\n<meta property=\"og:url\" content=\"https:\/\/www.lauracosta.com\/ca\/vuelve-al-trabajo-mejor-imagen\/\" \/>\n<meta property=\"og:site_name\" content=\"Laura Costa\" \/>\n<meta property=\"article:published_time\" content=\"2014-08-03T14:47:29+00:00\" \/>\n<meta property=\"article:modified_time\" content=\"2016-07-26T13:52:56+00:00\" \/>\n<meta property=\"og:image\" content=\"https:\/\/www.lauracosta.com\/wp-content\/uploads\/2024\/11\/empleado-feliz-04.jpg\" \/>\n\t<meta property=\"og:image:width\" content=\"450\" \/>\n\t<meta property=\"og:image:height\" content=\"306\" \/>\n\t<meta property=\"og:image:type\" content=\"image\/jpeg\" \/>\n<meta name=\"author\" content=\"factoryfy\" \/>\n<meta name=\"twitter:card\" content=\"summary_large_image\" \/>\n<meta name=\"twitter:label1\" content=\"Escrit per\" \/>\n\t<meta name=\"twitter:data1\" content=\"factoryfy\" \/>\n<script type=\"application\/ld+json\" class=\"yoast-schema-graph\">{\"@context\":\"https:\\\/\\\/schema.org\",\"@graph\":[{\"@type\":\"Article\",\"@id\":\"https:\\\/\\\/www.lauracosta.com\\\/ca\\\/vuelve-al-trabajo-mejor-imagen\\\/#article\",\"isPartOf\":{\"@id\":\"https:\\\/\\\/www.lauracosta.com\\\/ca\\\/vuelve-al-trabajo-mejor-imagen\\\/\"},\"author\":{\"name\":\"factoryfy\",\"@id\":\"https:\\\/\\\/www.lauracosta.com\\\/#\\\/schema\\\/person\\\/88a3aa3a762e09aa91cddc385661d3d9\"},\"headline\":\"Vuelve al trabajo, con TU mejor IMAGEN\",\"datePublished\":\"2014-08-03T14:47:29+00:00\",\"dateModified\":\"2016-07-26T13:52:56+00:00\",\"mainEntityOfPage\":{\"@id\":\"https:\\\/\\\/www.lauracosta.com\\\/ca\\\/vuelve-al-trabajo-mejor-imagen\\\/\"},\"wordCount\":68,\"publisher\":{\"@id\":\"https:\\\/\\\/www.lauracosta.com\\\/#organization\"},\"image\":{\"@id\":\"https:\\\/\\\/www.lauracosta.com\\\/ca\\\/vuelve-al-trabajo-mejor-imagen\\\/#primaryimage\"},\"thumbnailUrl\":\"https:\\\/\\\/www.lauracosta.com\\\/wp-content\\\/uploads\\\/2024\\\/11\\\/empleado-feliz-04.jpg\",\"keywords\":[\"accesorios\",\"Asesor\u00eda de imagen Expr\u00e9s\",\"indumentaria\",\"maquillaje\",\"test del color\"],\"articleSection\":[\"Promocio\"],\"inLanguage\":\"ca\"},{\"@type\":\"WebPage\",\"@id\":\"https:\\\/\\\/www.lauracosta.com\\\/ca\\\/vuelve-al-trabajo-mejor-imagen\\\/\",\"url\":\"https:\\\/\\\/www.lauracosta.com\\\/ca\\\/vuelve-al-trabajo-mejor-imagen\\\/\",\"name\":\"Vuelve al trabajo, con TU mejor IMAGEN - Laura Costa\",\"isPartOf\":{\"@id\":\"https:\\\/\\\/www.lauracosta.com\\\/#website\"},\"primaryImageOfPage\":{\"@id\":\"https:\\\/\\\/www.lauracosta.com\\\/ca\\\/vuelve-al-trabajo-mejor-imagen\\\/#primaryimage\"},\"image\":{\"@id\":\"https:\\\/\\\/www.lauracosta.com\\\/ca\\\/vuelve-al-trabajo-mejor-imagen\\\/#primaryimage\"},\"thumbnailUrl\":\"https:\\\/\\\/www.lauracosta.com\\\/wp-content\\\/uploads\\\/2024\\\/11\\\/empleado-feliz-04.jpg\",\"datePublished\":\"2014-08-03T14:47:29+00:00\",\"dateModified\":\"2016-07-26T13:52:56+00:00\",\"breadcrumb\":{\"@id\":\"https:\\\/\\\/www.lauracosta.com\\\/ca\\\/vuelve-al-trabajo-mejor-imagen\\\/#breadcrumb\"},\"inLanguage\":\"ca\",\"potentialAction\":[{\"@type\":\"ReadAction\",\"target\":[\"https:\\\/\\\/www.lauracosta.com\\\/ca\\\/vuelve-al-trabajo-mejor-imagen\\\/\"]}]},{\"@type\":\"ImageObject\",\"inLanguage\":\"ca\",\"@id\":\"https:\\\/\\\/www.lauracosta.com\\\/ca\\\/vuelve-al-trabajo-mejor-imagen\\\/#primaryimage\",\"url\":\"https:\\\/\\\/www.lauracosta.com\\\/wp-content\\\/uploads\\\/2024\\\/11\\\/empleado-feliz-04.jpg\",\"contentUrl\":\"https:\\\/\\\/www.lauracosta.com\\\/wp-content\\\/uploads\\\/2024\\\/11\\\/empleado-feliz-04.jpg\",\"width\":450,\"height\":306},{\"@type\":\"BreadcrumbList\",\"@id\":\"https:\\\/\\\/www.lauracosta.com\\\/ca\\\/vuelve-al-trabajo-mejor-imagen\\\/#breadcrumb\",\"itemListElement\":[{\"@type\":\"ListItem\",\"position\":1,\"name\":\"Portada\",\"item\":\"https:\\\/\\\/www.lauracosta.com\\\/\"},{\"@type\":\"ListItem\",\"position\":2,\"name\":\"Vuelve al trabajo, con TU mejor IMAGEN\"}]},{\"@type\":\"WebSite\",\"@id\":\"https:\\\/\\\/www.lauracosta.com\\\/#website\",\"url\":\"https:\\\/\\\/www.lauracosta.com\\\/\",\"name\":\"Laura Costa\",\"description\":\"Asesor\u00eda de imagen &amp; Personal Shopper\",\"publisher\":{\"@id\":\"https:\\\/\\\/www.lauracosta.com\\\/#organization\"},\"potentialAction\":[{\"@type\":\"SearchAction\",\"target\":{\"@type\":\"EntryPoint\",\"urlTemplate\":\"https:\\\/\\\/www.lauracosta.com\\\/?s={search_term_string}\"},\"query-input\":{\"@type\":\"PropertyValueSpecification\",\"valueRequired\":true,\"valueName\":\"search_term_string\"}}],\"inLanguage\":\"ca\"},{\"@type\":\"Organization\",\"@id\":\"https:\\\/\\\/www.lauracosta.com\\\/#organization\",\"name\":\"Laura Costa\",\"url\":\"https:\\\/\\\/www.lauracosta.com\\\/\",\"logo\":{\"@type\":\"ImageObject\",\"inLanguage\":\"ca\",\"@id\":\"https:\\\/\\\/www.lauracosta.com\\\/#\\\/schema\\\/logo\\\/image\\\/\",\"url\":\"https:\\\/\\\/www.lauracosta.com\\\/wp-content\\\/uploads\\\/2024\\\/11\\\/laura-costa-imagen-696.jpg\",\"contentUrl\":\"https:\\\/\\\/www.lauracosta.com\\\/wp-content\\\/uploads\\\/2024\\\/11\\\/laura-costa-imagen-696.jpg\",\"width\":696,\"height\":696,\"caption\":\"Laura Costa\"},\"image\":{\"@id\":\"https:\\\/\\\/www.lauracosta.com\\\/#\\\/schema\\\/logo\\\/image\\\/\"}},{\"@type\":\"Person\",\"@id\":\"https:\\\/\\\/www.lauracosta.com\\\/#\\\/schema\\\/person\\\/88a3aa3a762e09aa91cddc385661d3d9\",\"name\":\"factoryfy\",\"image\":{\"@type\":\"ImageObject\",\"inLanguage\":\"ca\",\"@id\":\"https:\\\/\\\/secure.gravatar.com\\\/avatar\\\/f6b08826744ac84b5c5730915ab186e60373c936b9668ce079c076fa428c7725?s=96&d=mm&r=g\",\"url\":\"https:\\\/\\\/secure.gravatar.com\\\/avatar\\\/f6b08826744ac84b5c5730915ab186e60373c936b9668ce079c076fa428c7725?s=96&d=mm&r=g\",\"contentUrl\":\"https:\\\/\\\/secure.gravatar.com\\\/avatar\\\/f6b08826744ac84b5c5730915ab186e60373c936b9668ce079c076fa428c7725?s=96&d=mm&r=g\",\"caption\":\"factoryfy\"},\"sameAs\":[\"https:\\\/\\\/www.lauracosta.com\"]}]}<\/script>\n<!-- \/ Yoast SEO plugin. -->","yoast_head_json":{"title":"Vuelve al trabajo, con TU mejor IMAGEN - Laura Costa","robots":{"index":"index","follow":"follow","max-snippet":"max-snippet:-1","max-image-preview":"max-image-preview:large","max-video-preview":"max-video-preview:-1"},"canonical":"https:\/\/www.lauracosta.com\/ca\/vuelve-al-trabajo-mejor-imagen\/","og_locale":"ca_ES","og_type":"article","og_title":"Vuelve al trabajo, con TU mejor IMAGEN - Laura Costa","og_description":"Prepara&#8217;t per afrontar la tornada a la feina amb LA TEVA MILLOR IMATGE!! El servei d&#8217;Assessoria Expr\u00e9s a preu de promoci\u00f3: 150\u00a0\u00a0130 euros Dues hores de consells per a TU, sobre qualsevol tema referent a LA TEVA imatge: Pentinat, indument\u00e0ria, accessoris, color&#8230; TOT EL QUE NECESSITIS Promoci\u00f3 v\u00e0lida del 15 d&#8217;Agost \u00a0al 30 de Setembre [&hellip;]","og_url":"https:\/\/www.lauracosta.com\/ca\/vuelve-al-trabajo-mejor-imagen\/","og_site_name":"Laura Costa","article_published_time":"2014-08-03T14:47:29+00:00","article_modified_time":"2016-07-26T13:52:56+00:00","og_image":[{"width":450,"height":306,"url":"https:\/\/www.lauracosta.com\/wp-content\/uploads\/2024\/11\/empleado-feliz-04.jpg","type":"image\/jpeg"}],"author":"factoryfy","twitter_card":"summary_large_image","twitter_misc":{"Escrit per":"factoryfy"},"schema":{"@context":"https:\/\/schema.org","@graph":[{"@type":"Article","@id":"https:\/\/www.lauracosta.com\/ca\/vuelve-al-trabajo-mejor-imagen\/#article","isPartOf":{"@id":"https:\/\/www.lauracosta.com\/ca\/vuelve-al-trabajo-mejor-imagen\/"},"author":{"name":"factoryfy","@id":"https:\/\/www.lauracosta.com\/#\/schema\/person\/88a3aa3a762e09aa91cddc385661d3d9"},"headline":"Vuelve al trabajo, con TU mejor IMAGEN","datePublished":"2014-08-03T14:47:29+00:00","dateModified":"2016-07-26T13:52:56+00:00","mainEntityOfPage":{"@id":"https:\/\/www.lauracosta.com\/ca\/vuelve-al-trabajo-mejor-imagen\/"},"wordCount":68,"publisher":{"@id":"https:\/\/www.lauracosta.com\/#organization"},"image":{"@id":"https:\/\/www.lauracosta.com\/ca\/vuelve-al-trabajo-mejor-imagen\/#primaryimage"},"thumbnailUrl":"https:\/\/www.lauracosta.com\/wp-content\/uploads\/2024\/11\/empleado-feliz-04.jpg","keywords":["accesorios","Asesor\u00eda de imagen Expr\u00e9s","indumentaria","maquillaje","test del color"],"articleSection":["Promocio"],"inLanguage":"ca"},{"@type":"WebPage","@id":"https:\/\/www.lauracosta.com\/ca\/vuelve-al-trabajo-mejor-imagen\/","url":"https:\/\/www.lauracosta.com\/ca\/vuelve-al-trabajo-mejor-imagen\/","name":"Vuelve al trabajo, con TU mejor IMAGEN - Laura Costa","isPartOf":{"@id":"https:\/\/www.lauracosta.com\/#website"},"primaryImageOfPage":{"@id":"https:\/\/www.lauracosta.com\/ca\/vuelve-al-trabajo-mejor-imagen\/#primaryimage"},"image":{"@id":"https:\/\/www.lauracosta.com\/ca\/vuelve-al-trabajo-mejor-imagen\/#primaryimage"},"thumbnailUrl":"https:\/\/www.lauracosta.com\/wp-content\/uploads\/2024\/11\/empleado-feliz-04.jpg","datePublished":"2014-08-03T14:47:29+00:00","dateModified":"2016-07-26T13:52:56+00:00","breadcrumb":{"@id":"https:\/\/www.lauracosta.com\/ca\/vuelve-al-trabajo-mejor-imagen\/#breadcrumb"},"inLanguage":"ca","potentialAction":[{"@type":"ReadAction","target":["https:\/\/www.lauracosta.com\/ca\/vuelve-al-trabajo-mejor-imagen\/"]}]},{"@type":"ImageObject","inLanguage":"ca","@id":"https:\/\/www.lauracosta.com\/ca\/vuelve-al-trabajo-mejor-imagen\/#primaryimage","url":"https:\/\/www.lauracosta.com\/wp-content\/uploads\/2024\/11\/empleado-feliz-04.jpg","contentUrl":"https:\/\/www.lauracosta.com\/wp-content\/uploads\/2024\/11\/empleado-feliz-04.jpg","width":450,"height":306},{"@type":"BreadcrumbList","@id":"https:\/\/www.lauracosta.com\/ca\/vuelve-al-trabajo-mejor-imagen\/#breadcrumb","itemListElement":[{"@type":"ListItem","position":1,"name":"Portada","item":"https:\/\/www.lauracosta.com\/"},{"@type":"ListItem","position":2,"name":"Vuelve al trabajo, con TU mejor IMAGEN"}]},{"@type":"WebSite","@id":"https:\/\/www.lauracosta.com\/#website","url":"https:\/\/www.lauracosta.com\/","name":"Laura Costa","description":"Asesor\u00eda de imagen &amp; Personal Shopper","publisher":{"@id":"https:\/\/www.lauracosta.com\/#organization"},"potentialAction":[{"@type":"SearchAction","target":{"@type":"EntryPoint","urlTemplate":"https:\/\/www.lauracosta.com\/?s={search_term_string}"},"query-input":{"@type":"PropertyValueSpecification","valueRequired":true,"valueName":"search_term_string"}}],"inLanguage":"ca"},{"@type":"Organization","@id":"https:\/\/www.lauracosta.com\/#organization","name":"Laura Costa","url":"https:\/\/www.lauracosta.com\/","logo":{"@type":"ImageObject","inLanguage":"ca","@id":"https:\/\/www.lauracosta.com\/#\/schema\/logo\/image\/","url":"https:\/\/www.lauracosta.com\/wp-content\/uploads\/2024\/11\/laura-costa-imagen-696.jpg","contentUrl":"https:\/\/www.lauracosta.com\/wp-content\/uploads\/2024\/11\/laura-costa-imagen-696.jpg","width":696,"height":696,"caption":"Laura Costa"},"image":{"@id":"https:\/\/www.lauracosta.com\/#\/schema\/logo\/image\/"}},{"@type":"Person","@id":"https:\/\/www.lauracosta.com\/#\/schema\/person\/88a3aa3a762e09aa91cddc385661d3d9","name":"factoryfy","image":{"@type":"ImageObject","inLanguage":"ca","@id":"https:\/\/secure.gravatar.com\/avatar\/f6b08826744ac84b5c5730915ab186e60373c936b9668ce079c076fa428c7725?s=96&d=mm&r=g","url":"https:\/\/secure.gravatar.com\/avatar\/f6b08826744ac84b5c5730915ab186e60373c936b9668ce079c076fa428c7725?s=96&d=mm&r=g","contentUrl":"https:\/\/secure.gravatar.com\/avatar\/f6b08826744ac84b5c5730915ab186e60373c936b9668ce079c076fa428c7725?s=96&d=mm&r=g","caption":"factoryfy"},"sameAs":["https:\/\/www.lauracosta.com"]}]}},"_links":{"self":[{"href":"https:\/\/www.lauracosta.com\/ca\/wp-json\/wp\/v2\/posts\/4800","targetHints":{"allow":["GET"]}}],"collection":[{"href":"https:\/\/www.lauracosta.com\/ca\/wp-json\/wp\/v2\/posts"}],"about":[{"href":"https:\/\/www.lauracosta.com\/ca\/wp-json\/wp\/v2\/types\/post"}],"author":[{"embeddable":true,"href":"https:\/\/www.lauracosta.com\/ca\/wp-json\/wp\/v2\/users\/1"}],"replies":[{"embeddable":true,"href":"https:\/\/www.lauracosta.com\/ca\/wp-json\/wp\/v2\/comments?post=4800"}],"version-history":[{"count":0,"href":"https:\/\/www.lauracosta.com\/ca\/wp-json\/wp\/v2\/posts\/4800\/revisions"}],"wp:featuredmedia":[{"embeddable":true,"href":"https:\/\/www.lauracosta.com\/ca\/wp-json\/wp\/v2\/media\/3232"}],"wp:attachment":[{"href":"https:\/\/www.lauracosta.com\/ca\/wp-json\/wp\/v2\/media?parent=4800"}],"wp:term":[{"taxonomy":"category","embeddable":true,"href":"https:\/\/www.lauracosta.com\/ca\/wp-json\/wp\/v2\/categories?post=4800"},{"taxonomy":"post_tag","embeddable":true,"href":"https:\/\/www.lauracosta.com\/ca\/wp-json\/wp\/v2\/tags?post=4800"}],"curies":[{"name":"wp","href":"https:\/\/api.w.org\/{rel}","templated":true}]}}