{"id":4812,"date":"2014-04-28T15:37:35","date_gmt":"2014-04-28T13:37:35","guid":{"rendered":"https:\/\/www.lauracosta.com\/como-un-cambio-de-imagen-puede-ser-el-inicio-de-un-cambio-de-vida\/"},"modified":"2014-04-28T15:37:35","modified_gmt":"2014-04-28T13:37:35","slug":"como-un-cambio-de-imagen-puede-ser-el-inicio-de-un-cambio-de-vida","status":"publish","type":"post","link":"https:\/\/www.lauracosta.com\/ca\/como-un-cambio-de-imagen-puede-ser-el-inicio-de-un-cambio-de-vida\/","title":{"rendered":"C\u00f3mo un cambio de imagen, puede ser el inicio de un cambio de vida"},"content":{"rendered":"<p>Fant\u00e0stic video de la transformaci\u00f3 d&#8217;imatge d&#8217;un homeless.<\/p>\n<p>M\u00e9s que mai, una imatge val m\u00e9s que mil paraules.<\/p>\n<p>-No t&#8217;ho perdis!<\/p>\n<p><a href=\"https:\/\/www.youtube.com\/watch?v=6a6VVncgHcY\">Veure v\u00eddeo<\/a><\/p>\n","protected":false},"excerpt":{"rendered":"<p>Fant\u00e0stic video de la transformaci\u00f3 d&#8217;imatge d&#8217;un homeless. M\u00e9s que mai, una imatge val m\u00e9s que mil paraules. -No t&#8217;ho perdis! Veure v\u00eddeo<\/p>\n","protected":false},"author":1,"featured_media":3188,"comment_status":"closed","ping_status":"closed","sticky":false,"template":"","format":"standard","meta":{"_joinchat":[],"footnotes":""},"categories":[48],"tags":[161,45,74,221],"class_list":["post-4812","post","type-post","status-publish","format-standard","has-post-thumbnail","hentry","category-blog-ca","tag-cambio-de-imagen","tag-indumentaria","tag-peinado","tag-transformacion"],"yoast_head":"<!-- This site is optimized with the Yoast SEO plugin v27.5 - https:\/\/yoast.com\/product\/yoast-seo-wordpress\/ -->\n<title>C\u00f3mo un cambio de imagen, puede ser el inicio de un cambio de vida - Laura Costa<\/title>\n<meta name=\"robots\" content=\"index, follow, max-snippet:-1, max-image-preview:large, max-video-preview:-1\" \/>\n<link rel=\"canonical\" href=\"https:\/\/www.lauracosta.com\/ca\/como-un-cambio-de-imagen-puede-ser-el-inicio-de-un-cambio-de-vida\/\" \/>\n<meta property=\"og:locale\" content=\"ca_ES\" \/>\n<meta property=\"og:type\" content=\"article\" \/>\n<meta property=\"og:title\" content=\"C\u00f3mo un cambio de imagen, puede ser el inicio de un cambio de vida - Laura Costa\" \/>\n<meta property=\"og:description\" content=\"Fant\u00e0stic video de la transformaci\u00f3 d&#8217;imatge d&#8217;un homeless. M\u00e9s que mai, una imatge val m\u00e9s que mil paraules. -No t&#8217;ho perdis! Veure v\u00eddeo\" \/>\n<meta property=\"og:url\" content=\"https:\/\/www.lauracosta.com\/ca\/como-un-cambio-de-imagen-puede-ser-el-inicio-de-un-cambio-de-vida\/\" \/>\n<meta property=\"og:site_name\" content=\"Laura Costa\" \/>\n<meta property=\"article:published_time\" content=\"2014-04-28T13:37:35+00:00\" \/>\n<meta property=\"og:image\" content=\"https:\/\/www.lauracosta.com\/wp-content\/uploads\/2024\/11\/Cambio-imagen.jpg\" \/>\n\t<meta property=\"og:image:width\" content=\"950\" \/>\n\t<meta property=\"og:image:height\" content=\"534\" \/>\n\t<meta property=\"og:image:type\" content=\"image\/jpeg\" \/>\n<meta name=\"author\" content=\"factoryfy\" \/>\n<meta name=\"twitter:card\" content=\"summary_large_image\" \/>\n<meta name=\"twitter:label1\" content=\"Escrit per\" \/>\n\t<meta name=\"twitter:data1\" content=\"factoryfy\" \/>\n<script type=\"application\/ld+json\" class=\"yoast-schema-graph\">{\"@context\":\"https:\\\/\\\/schema.org\",\"@graph\":[{\"@type\":\"Article\",\"@id\":\"https:\\\/\\\/www.lauracosta.com\\\/ca\\\/como-un-cambio-de-imagen-puede-ser-el-inicio-de-un-cambio-de-vida\\\/#article\",\"isPartOf\":{\"@id\":\"https:\\\/\\\/www.lauracosta.com\\\/ca\\\/como-un-cambio-de-imagen-puede-ser-el-inicio-de-un-cambio-de-vida\\\/\"},\"author\":{\"name\":\"factoryfy\",\"@id\":\"https:\\\/\\\/www.lauracosta.com\\\/#\\\/schema\\\/person\\\/88a3aa3a762e09aa91cddc385661d3d9\"},\"headline\":\"C\u00f3mo un cambio de imagen, puede ser el inicio de un cambio de vida\",\"datePublished\":\"2014-04-28T13:37:35+00:00\",\"mainEntityOfPage\":{\"@id\":\"https:\\\/\\\/www.lauracosta.com\\\/ca\\\/como-un-cambio-de-imagen-puede-ser-el-inicio-de-un-cambio-de-vida\\\/\"},\"wordCount\":45,\"publisher\":{\"@id\":\"https:\\\/\\\/www.lauracosta.com\\\/#organization\"},\"image\":{\"@id\":\"https:\\\/\\\/www.lauracosta.com\\\/ca\\\/como-un-cambio-de-imagen-puede-ser-el-inicio-de-un-cambio-de-vida\\\/#primaryimage\"},\"thumbnailUrl\":\"https:\\\/\\\/www.lauracosta.com\\\/wp-content\\\/uploads\\\/2024\\\/11\\\/Cambio-imagen.jpg\",\"keywords\":[\"cambio de imagen\",\"indumentaria\",\"peinado\",\"transformaci\u00f3n\"],\"articleSection\":[\"Blog\"],\"inLanguage\":\"ca\"},{\"@type\":\"WebPage\",\"@id\":\"https:\\\/\\\/www.lauracosta.com\\\/ca\\\/como-un-cambio-de-imagen-puede-ser-el-inicio-de-un-cambio-de-vida\\\/\",\"url\":\"https:\\\/\\\/www.lauracosta.com\\\/ca\\\/como-un-cambio-de-imagen-puede-ser-el-inicio-de-un-cambio-de-vida\\\/\",\"name\":\"C\u00f3mo un cambio de imagen, puede ser el inicio de un cambio de vida - Laura Costa\",\"isPartOf\":{\"@id\":\"https:\\\/\\\/www.lauracosta.com\\\/#website\"},\"primaryImageOfPage\":{\"@id\":\"https:\\\/\\\/www.lauracosta.com\\\/ca\\\/como-un-cambio-de-imagen-puede-ser-el-inicio-de-un-cambio-de-vida\\\/#primaryimage\"},\"image\":{\"@id\":\"https:\\\/\\\/www.lauracosta.com\\\/ca\\\/como-un-cambio-de-imagen-puede-ser-el-inicio-de-un-cambio-de-vida\\\/#primaryimage\"},\"thumbnailUrl\":\"https:\\\/\\\/www.lauracosta.com\\\/wp-content\\\/uploads\\\/2024\\\/11\\\/Cambio-imagen.jpg\",\"datePublished\":\"2014-04-28T13:37:35+00:00\",\"breadcrumb\":{\"@id\":\"https:\\\/\\\/www.lauracosta.com\\\/ca\\\/como-un-cambio-de-imagen-puede-ser-el-inicio-de-un-cambio-de-vida\\\/#breadcrumb\"},\"inLanguage\":\"ca\",\"potentialAction\":[{\"@type\":\"ReadAction\",\"target\":[\"https:\\\/\\\/www.lauracosta.com\\\/ca\\\/como-un-cambio-de-imagen-puede-ser-el-inicio-de-un-cambio-de-vida\\\/\"]}]},{\"@type\":\"ImageObject\",\"inLanguage\":\"ca\",\"@id\":\"https:\\\/\\\/www.lauracosta.com\\\/ca\\\/como-un-cambio-de-imagen-puede-ser-el-inicio-de-un-cambio-de-vida\\\/#primaryimage\",\"url\":\"https:\\\/\\\/www.lauracosta.com\\\/wp-content\\\/uploads\\\/2024\\\/11\\\/Cambio-imagen.jpg\",\"contentUrl\":\"https:\\\/\\\/www.lauracosta.com\\\/wp-content\\\/uploads\\\/2024\\\/11\\\/Cambio-imagen.jpg\",\"width\":950,\"height\":534},{\"@type\":\"BreadcrumbList\",\"@id\":\"https:\\\/\\\/www.lauracosta.com\\\/ca\\\/como-un-cambio-de-imagen-puede-ser-el-inicio-de-un-cambio-de-vida\\\/#breadcrumb\",\"itemListElement\":[{\"@type\":\"ListItem\",\"position\":1,\"name\":\"Portada\",\"item\":\"https:\\\/\\\/www.lauracosta.com\\\/\"},{\"@type\":\"ListItem\",\"position\":2,\"name\":\"C\u00f3mo un cambio de imagen, puede ser el inicio de un cambio de vida\"}]},{\"@type\":\"WebSite\",\"@id\":\"https:\\\/\\\/www.lauracosta.com\\\/#website\",\"url\":\"https:\\\/\\\/www.lauracosta.com\\\/\",\"name\":\"Laura Costa\",\"description\":\"Asesor\u00eda de imagen &amp; Personal Shopper\",\"publisher\":{\"@id\":\"https:\\\/\\\/www.lauracosta.com\\\/#organization\"},\"potentialAction\":[{\"@type\":\"SearchAction\",\"target\":{\"@type\":\"EntryPoint\",\"urlTemplate\":\"https:\\\/\\\/www.lauracosta.com\\\/?s={search_term_string}\"},\"query-input\":{\"@type\":\"PropertyValueSpecification\",\"valueRequired\":true,\"valueName\":\"search_term_string\"}}],\"inLanguage\":\"ca\"},{\"@type\":\"Organization\",\"@id\":\"https:\\\/\\\/www.lauracosta.com\\\/#organization\",\"name\":\"Laura Costa\",\"url\":\"https:\\\/\\\/www.lauracosta.com\\\/\",\"logo\":{\"@type\":\"ImageObject\",\"inLanguage\":\"ca\",\"@id\":\"https:\\\/\\\/www.lauracosta.com\\\/#\\\/schema\\\/logo\\\/image\\\/\",\"url\":\"https:\\\/\\\/www.lauracosta.com\\\/wp-content\\\/uploads\\\/2024\\\/11\\\/laura-costa-imagen-696.jpg\",\"contentUrl\":\"https:\\\/\\\/www.lauracosta.com\\\/wp-content\\\/uploads\\\/2024\\\/11\\\/laura-costa-imagen-696.jpg\",\"width\":696,\"height\":696,\"caption\":\"Laura Costa\"},\"image\":{\"@id\":\"https:\\\/\\\/www.lauracosta.com\\\/#\\\/schema\\\/logo\\\/image\\\/\"}},{\"@type\":\"Person\",\"@id\":\"https:\\\/\\\/www.lauracosta.com\\\/#\\\/schema\\\/person\\\/88a3aa3a762e09aa91cddc385661d3d9\",\"name\":\"factoryfy\",\"image\":{\"@type\":\"ImageObject\",\"inLanguage\":\"ca\",\"@id\":\"https:\\\/\\\/secure.gravatar.com\\\/avatar\\\/f6b08826744ac84b5c5730915ab186e60373c936b9668ce079c076fa428c7725?s=96&d=mm&r=g\",\"url\":\"https:\\\/\\\/secure.gravatar.com\\\/avatar\\\/f6b08826744ac84b5c5730915ab186e60373c936b9668ce079c076fa428c7725?s=96&d=mm&r=g\",\"contentUrl\":\"https:\\\/\\\/secure.gravatar.com\\\/avatar\\\/f6b08826744ac84b5c5730915ab186e60373c936b9668ce079c076fa428c7725?s=96&d=mm&r=g\",\"caption\":\"factoryfy\"},\"sameAs\":[\"https:\\\/\\\/www.lauracosta.com\"]}]}<\/script>\n<!-- \/ Yoast SEO plugin. -->","yoast_head_json":{"title":"C\u00f3mo un cambio de imagen, puede ser el inicio de un cambio de vida - Laura Costa","robots":{"index":"index","follow":"follow","max-snippet":"max-snippet:-1","max-image-preview":"max-image-preview:large","max-video-preview":"max-video-preview:-1"},"canonical":"https:\/\/www.lauracosta.com\/ca\/como-un-cambio-de-imagen-puede-ser-el-inicio-de-un-cambio-de-vida\/","og_locale":"ca_ES","og_type":"article","og_title":"C\u00f3mo un cambio de imagen, puede ser el inicio de un cambio de vida - Laura Costa","og_description":"Fant\u00e0stic video de la transformaci\u00f3 d&#8217;imatge d&#8217;un homeless. M\u00e9s que mai, una imatge val m\u00e9s que mil paraules. -No t&#8217;ho perdis! Veure v\u00eddeo","og_url":"https:\/\/www.lauracosta.com\/ca\/como-un-cambio-de-imagen-puede-ser-el-inicio-de-un-cambio-de-vida\/","og_site_name":"Laura Costa","article_published_time":"2014-04-28T13:37:35+00:00","og_image":[{"width":950,"height":534,"url":"https:\/\/www.lauracosta.com\/wp-content\/uploads\/2024\/11\/Cambio-imagen.jpg","type":"image\/jpeg"}],"author":"factoryfy","twitter_card":"summary_large_image","twitter_misc":{"Escrit per":"factoryfy"},"schema":{"@context":"https:\/\/schema.org","@graph":[{"@type":"Article","@id":"https:\/\/www.lauracosta.com\/ca\/como-un-cambio-de-imagen-puede-ser-el-inicio-de-un-cambio-de-vida\/#article","isPartOf":{"@id":"https:\/\/www.lauracosta.com\/ca\/como-un-cambio-de-imagen-puede-ser-el-inicio-de-un-cambio-de-vida\/"},"author":{"name":"factoryfy","@id":"https:\/\/www.lauracosta.com\/#\/schema\/person\/88a3aa3a762e09aa91cddc385661d3d9"},"headline":"C\u00f3mo un cambio de imagen, puede ser el inicio de un cambio de vida","datePublished":"2014-04-28T13:37:35+00:00","mainEntityOfPage":{"@id":"https:\/\/www.lauracosta.com\/ca\/como-un-cambio-de-imagen-puede-ser-el-inicio-de-un-cambio-de-vida\/"},"wordCount":45,"publisher":{"@id":"https:\/\/www.lauracosta.com\/#organization"},"image":{"@id":"https:\/\/www.lauracosta.com\/ca\/como-un-cambio-de-imagen-puede-ser-el-inicio-de-un-cambio-de-vida\/#primaryimage"},"thumbnailUrl":"https:\/\/www.lauracosta.com\/wp-content\/uploads\/2024\/11\/Cambio-imagen.jpg","keywords":["cambio de imagen","indumentaria","peinado","transformaci\u00f3n"],"articleSection":["Blog"],"inLanguage":"ca"},{"@type":"WebPage","@id":"https:\/\/www.lauracosta.com\/ca\/como-un-cambio-de-imagen-puede-ser-el-inicio-de-un-cambio-de-vida\/","url":"https:\/\/www.lauracosta.com\/ca\/como-un-cambio-de-imagen-puede-ser-el-inicio-de-un-cambio-de-vida\/","name":"C\u00f3mo un cambio de imagen, puede ser el inicio de un cambio de vida - Laura Costa","isPartOf":{"@id":"https:\/\/www.lauracosta.com\/#website"},"primaryImageOfPage":{"@id":"https:\/\/www.lauracosta.com\/ca\/como-un-cambio-de-imagen-puede-ser-el-inicio-de-un-cambio-de-vida\/#primaryimage"},"image":{"@id":"https:\/\/www.lauracosta.com\/ca\/como-un-cambio-de-imagen-puede-ser-el-inicio-de-un-cambio-de-vida\/#primaryimage"},"thumbnailUrl":"https:\/\/www.lauracosta.com\/wp-content\/uploads\/2024\/11\/Cambio-imagen.jpg","datePublished":"2014-04-28T13:37:35+00:00","breadcrumb":{"@id":"https:\/\/www.lauracosta.com\/ca\/como-un-cambio-de-imagen-puede-ser-el-inicio-de-un-cambio-de-vida\/#breadcrumb"},"inLanguage":"ca","potentialAction":[{"@type":"ReadAction","target":["https:\/\/www.lauracosta.com\/ca\/como-un-cambio-de-imagen-puede-ser-el-inicio-de-un-cambio-de-vida\/"]}]},{"@type":"ImageObject","inLanguage":"ca","@id":"https:\/\/www.lauracosta.com\/ca\/como-un-cambio-de-imagen-puede-ser-el-inicio-de-un-cambio-de-vida\/#primaryimage","url":"https:\/\/www.lauracosta.com\/wp-content\/uploads\/2024\/11\/Cambio-imagen.jpg","contentUrl":"https:\/\/www.lauracosta.com\/wp-content\/uploads\/2024\/11\/Cambio-imagen.jpg","width":950,"height":534},{"@type":"BreadcrumbList","@id":"https:\/\/www.lauracosta.com\/ca\/como-un-cambio-de-imagen-puede-ser-el-inicio-de-un-cambio-de-vida\/#breadcrumb","itemListElement":[{"@type":"ListItem","position":1,"name":"Portada","item":"https:\/\/www.lauracosta.com\/"},{"@type":"ListItem","position":2,"name":"C\u00f3mo un cambio de imagen, puede ser el inicio de un cambio de vida"}]},{"@type":"WebSite","@id":"https:\/\/www.lauracosta.com\/#website","url":"https:\/\/www.lauracosta.com\/","name":"Laura Costa","description":"Asesor\u00eda de imagen &amp; Personal Shopper","publisher":{"@id":"https:\/\/www.lauracosta.com\/#organization"},"potentialAction":[{"@type":"SearchAction","target":{"@type":"EntryPoint","urlTemplate":"https:\/\/www.lauracosta.com\/?s={search_term_string}"},"query-input":{"@type":"PropertyValueSpecification","valueRequired":true,"valueName":"search_term_string"}}],"inLanguage":"ca"},{"@type":"Organization","@id":"https:\/\/www.lauracosta.com\/#organization","name":"Laura Costa","url":"https:\/\/www.lauracosta.com\/","logo":{"@type":"ImageObject","inLanguage":"ca","@id":"https:\/\/www.lauracosta.com\/#\/schema\/logo\/image\/","url":"https:\/\/www.lauracosta.com\/wp-content\/uploads\/2024\/11\/laura-costa-imagen-696.jpg","contentUrl":"https:\/\/www.lauracosta.com\/wp-content\/uploads\/2024\/11\/laura-costa-imagen-696.jpg","width":696,"height":696,"caption":"Laura Costa"},"image":{"@id":"https:\/\/www.lauracosta.com\/#\/schema\/logo\/image\/"}},{"@type":"Person","@id":"https:\/\/www.lauracosta.com\/#\/schema\/person\/88a3aa3a762e09aa91cddc385661d3d9","name":"factoryfy","image":{"@type":"ImageObject","inLanguage":"ca","@id":"https:\/\/secure.gravatar.com\/avatar\/f6b08826744ac84b5c5730915ab186e60373c936b9668ce079c076fa428c7725?s=96&d=mm&r=g","url":"https:\/\/secure.gravatar.com\/avatar\/f6b08826744ac84b5c5730915ab186e60373c936b9668ce079c076fa428c7725?s=96&d=mm&r=g","contentUrl":"https:\/\/secure.gravatar.com\/avatar\/f6b08826744ac84b5c5730915ab186e60373c936b9668ce079c076fa428c7725?s=96&d=mm&r=g","caption":"factoryfy"},"sameAs":["https:\/\/www.lauracosta.com"]}]}},"_links":{"self":[{"href":"https:\/\/www.lauracosta.com\/ca\/wp-json\/wp\/v2\/posts\/4812","targetHints":{"allow":["GET"]}}],"collection":[{"href":"https:\/\/www.lauracosta.com\/ca\/wp-json\/wp\/v2\/posts"}],"about":[{"href":"https:\/\/www.lauracosta.com\/ca\/wp-json\/wp\/v2\/types\/post"}],"author":[{"embeddable":true,"href":"https:\/\/www.lauracosta.com\/ca\/wp-json\/wp\/v2\/users\/1"}],"replies":[{"embeddable":true,"href":"https:\/\/www.lauracosta.com\/ca\/wp-json\/wp\/v2\/comments?post=4812"}],"version-history":[{"count":0,"href":"https:\/\/www.lauracosta.com\/ca\/wp-json\/wp\/v2\/posts\/4812\/revisions"}],"wp:featuredmedia":[{"embeddable":true,"href":"https:\/\/www.lauracosta.com\/ca\/wp-json\/wp\/v2\/media\/3188"}],"wp:attachment":[{"href":"https:\/\/www.lauracosta.com\/ca\/wp-json\/wp\/v2\/media?parent=4812"}],"wp:term":[{"taxonomy":"category","embeddable":true,"href":"https:\/\/www.lauracosta.com\/ca\/wp-json\/wp\/v2\/categories?post=4812"},{"taxonomy":"post_tag","embeddable":true,"href":"https:\/\/www.lauracosta.com\/ca\/wp-json\/wp\/v2\/tags?post=4812"}],"curies":[{"name":"wp","href":"https:\/\/api.w.org\/{rel}","templated":true}]}}