{"id":4813,"date":"2014-04-24T15:24:07","date_gmt":"2014-04-24T13:24:07","guid":{"rendered":"https:\/\/www.lauracosta.com\/el-color-herramienta-fundamental-en-nuestra-imagen\/"},"modified":"2014-04-24T15:24:07","modified_gmt":"2014-04-24T13:24:07","slug":"el-color-herramienta-fundamental-en-nuestra-imagen","status":"publish","type":"post","link":"https:\/\/www.lauracosta.com\/ca\/el-color-herramienta-fundamental-en-nuestra-imagen\/","title":{"rendered":"El color, herramienta fundamental en nuestra imagen"},"content":{"rendered":"<p>El color \u00e9s una eina fonamental en la nostra imatge.<\/p>\n<p>Depenent del nostre aspecte f\u00edsic i del color del nostre cabell, pell i ulls, ens afavoreixen m\u00e9s unes tonalitats que unes altres, a m\u00e9s vestir-nos en un color o un altre t\u00e9 una gran influ\u00e8ncia tamb\u00e9 en la imatge que transmetem.<\/p>\n<p>Aquest any les tend\u00e8ncies ens marquen com a colors de temporada:<\/p>\n<p><strong>Els tons <em>pastels<\/em>:<\/strong> blau cel, rosa pal, violeta, mandarina<\/p>\n<p>La nostra imatge ser\u00e0 m\u00e9s dol\u00e7a i propera.<\/p>\n<p>Combinacions <em>bicolor<\/em> entre si s\u00f3n molt afavoridores: violeta i blau, rosa i violeta&#8230;<\/p>\n<p><strong>Els\u00a0<\/strong><strong>tons neutres:<\/strong> sorra i pedra<\/p>\n<p>La nostra imatge ser\u00e0 m\u00e9s discreta. Si no tens la pell bronzejada, s\u00f3n tonalitats que exigeixen un maquillatge m\u00e9s elaborat.<\/p>\n<p>Us aconsello combinar les peces en aquests colors amb accessoris en tonalitats m\u00e9s vives.<\/p>\n<p><strong>Els tons vius i brillants:<\/strong> groc, coral, blau intens, menta, turquesa i f\u00facsia<\/p>\n<p>La nostra imatge ser\u00e0 atrevida i jovial.<\/p>\n<p>Els colors m\u00e9s afavoridors d&#8217;aquestes games s\u00f3n en general, els blaus intensos, turqueses i el verd menta.<\/p>\n<p>El groc si no est\u00e1s bronzejat, \u00a0sol aportar llum cetrina al rostre.<\/p>\n<p>Combinacions opcionals:<\/p>\n<ul>\n<li>Amb colors b\u00e0sics com el negre, blau mar\u00ed, camel o blanc.<\/li>\n<li>Amb colors neutres<\/li>\n<li>Amb altres tons brillants de la mateixa intensitat<\/li>\n<\/ul>\n","protected":false},"excerpt":{"rendered":"<p>El color \u00e9s una eina fonamental en la nostra imatge. Depenent del nostre aspecte f\u00edsic i del color del nostre cabell, pell i ulls, ens afavoreixen m\u00e9s unes tonalitats que unes altres, a m\u00e9s vestir-nos en un color o un altre t\u00e9 una gran influ\u00e8ncia tamb\u00e9 en la imatge que transmetem. Aquest any les tend\u00e8ncies [&hellip;]<\/p>\n","protected":false},"author":1,"featured_media":3184,"comment_status":"closed","ping_status":"closed","sticky":false,"template":"","format":"standard","meta":{"_joinchat":[],"footnotes":""},"categories":[48],"tags":[61,185,95,162,64,45,116,219,220,110],"class_list":["post-4813","post","type-post","status-publish","format-standard","has-post-thumbnail","hentry","category-blog-ca","tag-asesoria-de-imagen","tag-belleza","tag-color","tag-estilismo","tag-imagen","tag-indumentaria","tag-shopper","tag-temporada-primavera-verano-2014","tag-tendencias","tag-test-del-color"],"yoast_head":"<!-- This site is optimized with the Yoast SEO plugin v27.5 - https:\/\/yoast.com\/product\/yoast-seo-wordpress\/ -->\n<title>El color, herramienta fundamental en nuestra imagen - Laura Costa<\/title>\n<meta name=\"robots\" content=\"index, follow, max-snippet:-1, max-image-preview:large, max-video-preview:-1\" \/>\n<link rel=\"canonical\" href=\"https:\/\/www.lauracosta.com\/ca\/el-color-herramienta-fundamental-en-nuestra-imagen\/\" \/>\n<meta property=\"og:locale\" content=\"ca_ES\" \/>\n<meta property=\"og:type\" content=\"article\" \/>\n<meta property=\"og:title\" content=\"El color, herramienta fundamental en nuestra imagen - Laura Costa\" \/>\n<meta property=\"og:description\" content=\"El color \u00e9s una eina fonamental en la nostra imatge. Depenent del nostre aspecte f\u00edsic i del color del nostre cabell, pell i ulls, ens afavoreixen m\u00e9s unes tonalitats que unes altres, a m\u00e9s vestir-nos en un color o un altre t\u00e9 una gran influ\u00e8ncia tamb\u00e9 en la imatge que transmetem. Aquest any les tend\u00e8ncies [&hellip;]\" \/>\n<meta property=\"og:url\" content=\"https:\/\/www.lauracosta.com\/ca\/el-color-herramienta-fundamental-en-nuestra-imagen\/\" \/>\n<meta property=\"og:site_name\" content=\"Laura Costa\" \/>\n<meta property=\"article:published_time\" content=\"2014-04-24T13:24:07+00:00\" \/>\n<meta property=\"og:image\" content=\"https:\/\/www.lauracosta.com\/wp-content\/uploads\/2024\/11\/Paleta-de-Color-primavera-2014.jpg\" \/>\n\t<meta property=\"og:image:width\" content=\"1600\" \/>\n\t<meta property=\"og:image:height\" content=\"1005\" \/>\n\t<meta property=\"og:image:type\" content=\"image\/jpeg\" \/>\n<meta name=\"author\" content=\"factoryfy\" \/>\n<meta name=\"twitter:card\" content=\"summary_large_image\" \/>\n<meta name=\"twitter:label1\" content=\"Escrit per\" \/>\n\t<meta name=\"twitter:data1\" content=\"factoryfy\" \/>\n\t<meta name=\"twitter:label2\" content=\"Temps estimat de lectura\" \/>\n\t<meta name=\"twitter:data2\" content=\"1 minut\" \/>\n<script type=\"application\/ld+json\" class=\"yoast-schema-graph\">{\"@context\":\"https:\\\/\\\/schema.org\",\"@graph\":[{\"@type\":\"Article\",\"@id\":\"https:\\\/\\\/www.lauracosta.com\\\/ca\\\/el-color-herramienta-fundamental-en-nuestra-imagen\\\/#article\",\"isPartOf\":{\"@id\":\"https:\\\/\\\/www.lauracosta.com\\\/ca\\\/el-color-herramienta-fundamental-en-nuestra-imagen\\\/\"},\"author\":{\"name\":\"factoryfy\",\"@id\":\"https:\\\/\\\/www.lauracosta.com\\\/#\\\/schema\\\/person\\\/88a3aa3a762e09aa91cddc385661d3d9\"},\"headline\":\"El color, herramienta fundamental en nuestra imagen\",\"datePublished\":\"2014-04-24T13:24:07+00:00\",\"mainEntityOfPage\":{\"@id\":\"https:\\\/\\\/www.lauracosta.com\\\/ca\\\/el-color-herramienta-fundamental-en-nuestra-imagen\\\/\"},\"wordCount\":230,\"publisher\":{\"@id\":\"https:\\\/\\\/www.lauracosta.com\\\/#organization\"},\"image\":{\"@id\":\"https:\\\/\\\/www.lauracosta.com\\\/ca\\\/el-color-herramienta-fundamental-en-nuestra-imagen\\\/#primaryimage\"},\"thumbnailUrl\":\"https:\\\/\\\/www.lauracosta.com\\\/wp-content\\\/uploads\\\/2024\\\/11\\\/Paleta-de-Color-primavera-2014.jpg\",\"keywords\":[\"Asesor\u00eda de imagen\",\"belleza\",\"color\",\"estilismo\",\"imagen\",\"indumentaria\",\"shopper\",\"temporada primavera verano 2014\",\"tendencias\",\"test del color\"],\"articleSection\":[\"Blog\"],\"inLanguage\":\"ca\"},{\"@type\":\"WebPage\",\"@id\":\"https:\\\/\\\/www.lauracosta.com\\\/ca\\\/el-color-herramienta-fundamental-en-nuestra-imagen\\\/\",\"url\":\"https:\\\/\\\/www.lauracosta.com\\\/ca\\\/el-color-herramienta-fundamental-en-nuestra-imagen\\\/\",\"name\":\"El color, herramienta fundamental en nuestra imagen - Laura Costa\",\"isPartOf\":{\"@id\":\"https:\\\/\\\/www.lauracosta.com\\\/#website\"},\"primaryImageOfPage\":{\"@id\":\"https:\\\/\\\/www.lauracosta.com\\\/ca\\\/el-color-herramienta-fundamental-en-nuestra-imagen\\\/#primaryimage\"},\"image\":{\"@id\":\"https:\\\/\\\/www.lauracosta.com\\\/ca\\\/el-color-herramienta-fundamental-en-nuestra-imagen\\\/#primaryimage\"},\"thumbnailUrl\":\"https:\\\/\\\/www.lauracosta.com\\\/wp-content\\\/uploads\\\/2024\\\/11\\\/Paleta-de-Color-primavera-2014.jpg\",\"datePublished\":\"2014-04-24T13:24:07+00:00\",\"breadcrumb\":{\"@id\":\"https:\\\/\\\/www.lauracosta.com\\\/ca\\\/el-color-herramienta-fundamental-en-nuestra-imagen\\\/#breadcrumb\"},\"inLanguage\":\"ca\",\"potentialAction\":[{\"@type\":\"ReadAction\",\"target\":[\"https:\\\/\\\/www.lauracosta.com\\\/ca\\\/el-color-herramienta-fundamental-en-nuestra-imagen\\\/\"]}]},{\"@type\":\"ImageObject\",\"inLanguage\":\"ca\",\"@id\":\"https:\\\/\\\/www.lauracosta.com\\\/ca\\\/el-color-herramienta-fundamental-en-nuestra-imagen\\\/#primaryimage\",\"url\":\"https:\\\/\\\/www.lauracosta.com\\\/wp-content\\\/uploads\\\/2024\\\/11\\\/Paleta-de-Color-primavera-2014.jpg\",\"contentUrl\":\"https:\\\/\\\/www.lauracosta.com\\\/wp-content\\\/uploads\\\/2024\\\/11\\\/Paleta-de-Color-primavera-2014.jpg\",\"width\":1600,\"height\":1005},{\"@type\":\"BreadcrumbList\",\"@id\":\"https:\\\/\\\/www.lauracosta.com\\\/ca\\\/el-color-herramienta-fundamental-en-nuestra-imagen\\\/#breadcrumb\",\"itemListElement\":[{\"@type\":\"ListItem\",\"position\":1,\"name\":\"Portada\",\"item\":\"https:\\\/\\\/www.lauracosta.com\\\/\"},{\"@type\":\"ListItem\",\"position\":2,\"name\":\"El color, herramienta fundamental en nuestra imagen\"}]},{\"@type\":\"WebSite\",\"@id\":\"https:\\\/\\\/www.lauracosta.com\\\/#website\",\"url\":\"https:\\\/\\\/www.lauracosta.com\\\/\",\"name\":\"Laura Costa\",\"description\":\"Asesor\u00eda de imagen &amp; Personal Shopper\",\"publisher\":{\"@id\":\"https:\\\/\\\/www.lauracosta.com\\\/#organization\"},\"potentialAction\":[{\"@type\":\"SearchAction\",\"target\":{\"@type\":\"EntryPoint\",\"urlTemplate\":\"https:\\\/\\\/www.lauracosta.com\\\/?s={search_term_string}\"},\"query-input\":{\"@type\":\"PropertyValueSpecification\",\"valueRequired\":true,\"valueName\":\"search_term_string\"}}],\"inLanguage\":\"ca\"},{\"@type\":\"Organization\",\"@id\":\"https:\\\/\\\/www.lauracosta.com\\\/#organization\",\"name\":\"Laura Costa\",\"url\":\"https:\\\/\\\/www.lauracosta.com\\\/\",\"logo\":{\"@type\":\"ImageObject\",\"inLanguage\":\"ca\",\"@id\":\"https:\\\/\\\/www.lauracosta.com\\\/#\\\/schema\\\/logo\\\/image\\\/\",\"url\":\"https:\\\/\\\/www.lauracosta.com\\\/wp-content\\\/uploads\\\/2024\\\/11\\\/laura-costa-imagen-696.jpg\",\"contentUrl\":\"https:\\\/\\\/www.lauracosta.com\\\/wp-content\\\/uploads\\\/2024\\\/11\\\/laura-costa-imagen-696.jpg\",\"width\":696,\"height\":696,\"caption\":\"Laura Costa\"},\"image\":{\"@id\":\"https:\\\/\\\/www.lauracosta.com\\\/#\\\/schema\\\/logo\\\/image\\\/\"}},{\"@type\":\"Person\",\"@id\":\"https:\\\/\\\/www.lauracosta.com\\\/#\\\/schema\\\/person\\\/88a3aa3a762e09aa91cddc385661d3d9\",\"name\":\"factoryfy\",\"image\":{\"@type\":\"ImageObject\",\"inLanguage\":\"ca\",\"@id\":\"https:\\\/\\\/secure.gravatar.com\\\/avatar\\\/f6b08826744ac84b5c5730915ab186e60373c936b9668ce079c076fa428c7725?s=96&d=mm&r=g\",\"url\":\"https:\\\/\\\/secure.gravatar.com\\\/avatar\\\/f6b08826744ac84b5c5730915ab186e60373c936b9668ce079c076fa428c7725?s=96&d=mm&r=g\",\"contentUrl\":\"https:\\\/\\\/secure.gravatar.com\\\/avatar\\\/f6b08826744ac84b5c5730915ab186e60373c936b9668ce079c076fa428c7725?s=96&d=mm&r=g\",\"caption\":\"factoryfy\"},\"sameAs\":[\"https:\\\/\\\/www.lauracosta.com\"]}]}<\/script>\n<!-- \/ Yoast SEO plugin. -->","yoast_head_json":{"title":"El color, herramienta fundamental en nuestra imagen - Laura Costa","robots":{"index":"index","follow":"follow","max-snippet":"max-snippet:-1","max-image-preview":"max-image-preview:large","max-video-preview":"max-video-preview:-1"},"canonical":"https:\/\/www.lauracosta.com\/ca\/el-color-herramienta-fundamental-en-nuestra-imagen\/","og_locale":"ca_ES","og_type":"article","og_title":"El color, herramienta fundamental en nuestra imagen - Laura Costa","og_description":"El color \u00e9s una eina fonamental en la nostra imatge. Depenent del nostre aspecte f\u00edsic i del color del nostre cabell, pell i ulls, ens afavoreixen m\u00e9s unes tonalitats que unes altres, a m\u00e9s vestir-nos en un color o un altre t\u00e9 una gran influ\u00e8ncia tamb\u00e9 en la imatge que transmetem. Aquest any les tend\u00e8ncies [&hellip;]","og_url":"https:\/\/www.lauracosta.com\/ca\/el-color-herramienta-fundamental-en-nuestra-imagen\/","og_site_name":"Laura Costa","article_published_time":"2014-04-24T13:24:07+00:00","og_image":[{"width":1600,"height":1005,"url":"https:\/\/www.lauracosta.com\/wp-content\/uploads\/2024\/11\/Paleta-de-Color-primavera-2014.jpg","type":"image\/jpeg"}],"author":"factoryfy","twitter_card":"summary_large_image","twitter_misc":{"Escrit per":"factoryfy","Temps estimat de lectura":"1 minut"},"schema":{"@context":"https:\/\/schema.org","@graph":[{"@type":"Article","@id":"https:\/\/www.lauracosta.com\/ca\/el-color-herramienta-fundamental-en-nuestra-imagen\/#article","isPartOf":{"@id":"https:\/\/www.lauracosta.com\/ca\/el-color-herramienta-fundamental-en-nuestra-imagen\/"},"author":{"name":"factoryfy","@id":"https:\/\/www.lauracosta.com\/#\/schema\/person\/88a3aa3a762e09aa91cddc385661d3d9"},"headline":"El color, herramienta fundamental en nuestra imagen","datePublished":"2014-04-24T13:24:07+00:00","mainEntityOfPage":{"@id":"https:\/\/www.lauracosta.com\/ca\/el-color-herramienta-fundamental-en-nuestra-imagen\/"},"wordCount":230,"publisher":{"@id":"https:\/\/www.lauracosta.com\/#organization"},"image":{"@id":"https:\/\/www.lauracosta.com\/ca\/el-color-herramienta-fundamental-en-nuestra-imagen\/#primaryimage"},"thumbnailUrl":"https:\/\/www.lauracosta.com\/wp-content\/uploads\/2024\/11\/Paleta-de-Color-primavera-2014.jpg","keywords":["Asesor\u00eda de imagen","belleza","color","estilismo","imagen","indumentaria","shopper","temporada primavera verano 2014","tendencias","test del color"],"articleSection":["Blog"],"inLanguage":"ca"},{"@type":"WebPage","@id":"https:\/\/www.lauracosta.com\/ca\/el-color-herramienta-fundamental-en-nuestra-imagen\/","url":"https:\/\/www.lauracosta.com\/ca\/el-color-herramienta-fundamental-en-nuestra-imagen\/","name":"El color, herramienta fundamental en nuestra imagen - Laura Costa","isPartOf":{"@id":"https:\/\/www.lauracosta.com\/#website"},"primaryImageOfPage":{"@id":"https:\/\/www.lauracosta.com\/ca\/el-color-herramienta-fundamental-en-nuestra-imagen\/#primaryimage"},"image":{"@id":"https:\/\/www.lauracosta.com\/ca\/el-color-herramienta-fundamental-en-nuestra-imagen\/#primaryimage"},"thumbnailUrl":"https:\/\/www.lauracosta.com\/wp-content\/uploads\/2024\/11\/Paleta-de-Color-primavera-2014.jpg","datePublished":"2014-04-24T13:24:07+00:00","breadcrumb":{"@id":"https:\/\/www.lauracosta.com\/ca\/el-color-herramienta-fundamental-en-nuestra-imagen\/#breadcrumb"},"inLanguage":"ca","potentialAction":[{"@type":"ReadAction","target":["https:\/\/www.lauracosta.com\/ca\/el-color-herramienta-fundamental-en-nuestra-imagen\/"]}]},{"@type":"ImageObject","inLanguage":"ca","@id":"https:\/\/www.lauracosta.com\/ca\/el-color-herramienta-fundamental-en-nuestra-imagen\/#primaryimage","url":"https:\/\/www.lauracosta.com\/wp-content\/uploads\/2024\/11\/Paleta-de-Color-primavera-2014.jpg","contentUrl":"https:\/\/www.lauracosta.com\/wp-content\/uploads\/2024\/11\/Paleta-de-Color-primavera-2014.jpg","width":1600,"height":1005},{"@type":"BreadcrumbList","@id":"https:\/\/www.lauracosta.com\/ca\/el-color-herramienta-fundamental-en-nuestra-imagen\/#breadcrumb","itemListElement":[{"@type":"ListItem","position":1,"name":"Portada","item":"https:\/\/www.lauracosta.com\/"},{"@type":"ListItem","position":2,"name":"El color, herramienta fundamental en nuestra imagen"}]},{"@type":"WebSite","@id":"https:\/\/www.lauracosta.com\/#website","url":"https:\/\/www.lauracosta.com\/","name":"Laura Costa","description":"Asesor\u00eda de imagen &amp; Personal Shopper","publisher":{"@id":"https:\/\/www.lauracosta.com\/#organization"},"potentialAction":[{"@type":"SearchAction","target":{"@type":"EntryPoint","urlTemplate":"https:\/\/www.lauracosta.com\/?s={search_term_string}"},"query-input":{"@type":"PropertyValueSpecification","valueRequired":true,"valueName":"search_term_string"}}],"inLanguage":"ca"},{"@type":"Organization","@id":"https:\/\/www.lauracosta.com\/#organization","name":"Laura Costa","url":"https:\/\/www.lauracosta.com\/","logo":{"@type":"ImageObject","inLanguage":"ca","@id":"https:\/\/www.lauracosta.com\/#\/schema\/logo\/image\/","url":"https:\/\/www.lauracosta.com\/wp-content\/uploads\/2024\/11\/laura-costa-imagen-696.jpg","contentUrl":"https:\/\/www.lauracosta.com\/wp-content\/uploads\/2024\/11\/laura-costa-imagen-696.jpg","width":696,"height":696,"caption":"Laura Costa"},"image":{"@id":"https:\/\/www.lauracosta.com\/#\/schema\/logo\/image\/"}},{"@type":"Person","@id":"https:\/\/www.lauracosta.com\/#\/schema\/person\/88a3aa3a762e09aa91cddc385661d3d9","name":"factoryfy","image":{"@type":"ImageObject","inLanguage":"ca","@id":"https:\/\/secure.gravatar.com\/avatar\/f6b08826744ac84b5c5730915ab186e60373c936b9668ce079c076fa428c7725?s=96&d=mm&r=g","url":"https:\/\/secure.gravatar.com\/avatar\/f6b08826744ac84b5c5730915ab186e60373c936b9668ce079c076fa428c7725?s=96&d=mm&r=g","contentUrl":"https:\/\/secure.gravatar.com\/avatar\/f6b08826744ac84b5c5730915ab186e60373c936b9668ce079c076fa428c7725?s=96&d=mm&r=g","caption":"factoryfy"},"sameAs":["https:\/\/www.lauracosta.com"]}]}},"_links":{"self":[{"href":"https:\/\/www.lauracosta.com\/ca\/wp-json\/wp\/v2\/posts\/4813","targetHints":{"allow":["GET"]}}],"collection":[{"href":"https:\/\/www.lauracosta.com\/ca\/wp-json\/wp\/v2\/posts"}],"about":[{"href":"https:\/\/www.lauracosta.com\/ca\/wp-json\/wp\/v2\/types\/post"}],"author":[{"embeddable":true,"href":"https:\/\/www.lauracosta.com\/ca\/wp-json\/wp\/v2\/users\/1"}],"replies":[{"embeddable":true,"href":"https:\/\/www.lauracosta.com\/ca\/wp-json\/wp\/v2\/comments?post=4813"}],"version-history":[{"count":0,"href":"https:\/\/www.lauracosta.com\/ca\/wp-json\/wp\/v2\/posts\/4813\/revisions"}],"wp:featuredmedia":[{"embeddable":true,"href":"https:\/\/www.lauracosta.com\/ca\/wp-json\/wp\/v2\/media\/3184"}],"wp:attachment":[{"href":"https:\/\/www.lauracosta.com\/ca\/wp-json\/wp\/v2\/media?parent=4813"}],"wp:term":[{"taxonomy":"category","embeddable":true,"href":"https:\/\/www.lauracosta.com\/ca\/wp-json\/wp\/v2\/categories?post=4813"},{"taxonomy":"post_tag","embeddable":true,"href":"https:\/\/www.lauracosta.com\/ca\/wp-json\/wp\/v2\/tags?post=4813"}],"curies":[{"name":"wp","href":"https:\/\/api.w.org\/{rel}","templated":true}]}}