{"id":4814,"date":"2014-04-21T16:44:38","date_gmt":"2014-04-21T14:44:38","guid":{"rendered":"https:\/\/www.lauracosta.com\/promocion-test-del-color\/"},"modified":"2016-07-26T15:53:00","modified_gmt":"2016-07-26T13:53:00","slug":"promocion-test-del-color","status":"publish","type":"post","link":"https:\/\/www.lauracosta.com\/ca\/promocion-test-del-color\/","title":{"rendered":"Promoci\u00f3n Test del Color"},"content":{"rendered":"<p>Primavera a TOT COLOR!<\/p>\n<p>Encara que les tend\u00e8ncies marquen els colors de cada temporada, no sempre s\u00f3n els tons que millor ens queden.<\/p>\n<p>Perqu\u00e8 s\u00e0pigues quins colors s\u00f3n els que m\u00e9s t&#8217;afavoreixen, i quina imatge transmets amb cada to, donem la benvinguda a la primavera amb una promoci\u00f3 especial:<\/p>\n<p><strong>El Test del Color a preu de promoci\u00f3: <del>150<\/del>\u00a0120 euros<\/strong><\/p>\n<p>Imprescindible per encertar en les\u00a0 compres de la nova temporada!!!<\/p>\n<p>Promoci\u00f3 v\u00e0lida durant tot el mes de maig<\/p>\n<p>Demana&#8217;t \u00a0hora: 654 40 40 28<\/p>\n","protected":false},"excerpt":{"rendered":"<p>Primavera a TOT COLOR! Encara que les tend\u00e8ncies marquen els colors de cada temporada, no sempre s\u00f3n els tons que millor ens queden. Perqu\u00e8 s\u00e0pigues quins colors s\u00f3n els que m\u00e9s t&#8217;afavoreixen, i quina imatge transmets amb cada to, donem la benvinguda a la primavera amb una promoci\u00f3 especial: El Test del Color a preu [&hellip;]<\/p>\n","protected":false},"author":1,"featured_media":3180,"comment_status":"closed","ping_status":"closed","sticky":false,"template":"","format":"standard","meta":{"_joinchat":[],"footnotes":""},"categories":[54],"tags":[66,61,77,45,78,116],"class_list":["post-4814","post","type-post","status-publish","format-standard","has-post-thumbnail","hentry","category-promocio","tag-asesor-de-imagen","tag-asesoria-de-imagen","tag-consejos","tag-indumentaria","tag-personal-shopper","tag-shopper"],"yoast_head":"<!-- This site is optimized with the Yoast SEO plugin v27.5 - https:\/\/yoast.com\/product\/yoast-seo-wordpress\/ -->\n<title>Promoci\u00f3n Test del Color - Laura Costa<\/title>\n<meta name=\"robots\" content=\"index, follow, max-snippet:-1, max-image-preview:large, max-video-preview:-1\" \/>\n<link rel=\"canonical\" href=\"https:\/\/www.lauracosta.com\/ca\/promocion-test-del-color\/\" \/>\n<meta property=\"og:locale\" content=\"ca_ES\" \/>\n<meta property=\"og:type\" content=\"article\" \/>\n<meta property=\"og:title\" content=\"Promoci\u00f3n Test del Color - Laura Costa\" \/>\n<meta property=\"og:description\" content=\"Primavera a TOT COLOR! Encara que les tend\u00e8ncies marquen els colors de cada temporada, no sempre s\u00f3n els tons que millor ens queden. Perqu\u00e8 s\u00e0pigues quins colors s\u00f3n els que m\u00e9s t&#8217;afavoreixen, i quina imatge transmets amb cada to, donem la benvinguda a la primavera amb una promoci\u00f3 especial: El Test del Color a preu [&hellip;]\" \/>\n<meta property=\"og:url\" content=\"https:\/\/www.lauracosta.com\/ca\/promocion-test-del-color\/\" \/>\n<meta property=\"og:site_name\" content=\"Laura Costa\" \/>\n<meta property=\"article:published_time\" content=\"2014-04-21T14:44:38+00:00\" \/>\n<meta property=\"article:modified_time\" content=\"2016-07-26T13:53:00+00:00\" \/>\n<meta property=\"og:image\" content=\"https:\/\/www.lauracosta.com\/wp-content\/uploads\/2024\/11\/camisetas-de-colores.jpg\" \/>\n\t<meta property=\"og:image:width\" content=\"283\" \/>\n\t<meta property=\"og:image:height\" content=\"311\" \/>\n\t<meta property=\"og:image:type\" content=\"image\/jpeg\" \/>\n<meta name=\"author\" content=\"factoryfy\" \/>\n<meta name=\"twitter:card\" content=\"summary_large_image\" \/>\n<meta name=\"twitter:label1\" content=\"Escrit per\" \/>\n\t<meta name=\"twitter:data1\" content=\"factoryfy\" \/>\n<script type=\"application\/ld+json\" class=\"yoast-schema-graph\">{\"@context\":\"https:\\\/\\\/schema.org\",\"@graph\":[{\"@type\":\"Article\",\"@id\":\"https:\\\/\\\/www.lauracosta.com\\\/ca\\\/promocion-test-del-color\\\/#article\",\"isPartOf\":{\"@id\":\"https:\\\/\\\/www.lauracosta.com\\\/ca\\\/promocion-test-del-color\\\/\"},\"author\":{\"name\":\"factoryfy\",\"@id\":\"https:\\\/\\\/www.lauracosta.com\\\/#\\\/schema\\\/person\\\/88a3aa3a762e09aa91cddc385661d3d9\"},\"headline\":\"Promoci\u00f3n Test del Color\",\"datePublished\":\"2014-04-21T14:44:38+00:00\",\"dateModified\":\"2016-07-26T13:53:00+00:00\",\"mainEntityOfPage\":{\"@id\":\"https:\\\/\\\/www.lauracosta.com\\\/ca\\\/promocion-test-del-color\\\/\"},\"wordCount\":91,\"publisher\":{\"@id\":\"https:\\\/\\\/www.lauracosta.com\\\/#organization\"},\"image\":{\"@id\":\"https:\\\/\\\/www.lauracosta.com\\\/ca\\\/promocion-test-del-color\\\/#primaryimage\"},\"thumbnailUrl\":\"https:\\\/\\\/www.lauracosta.com\\\/wp-content\\\/uploads\\\/2024\\\/11\\\/camisetas-de-colores.jpg\",\"keywords\":[\"Asesor de Imagen\",\"Asesor\u00eda de imagen\",\"consejos\",\"indumentaria\",\"Personal Shopper\",\"shopper\"],\"articleSection\":[\"Promocio\"],\"inLanguage\":\"ca\"},{\"@type\":\"WebPage\",\"@id\":\"https:\\\/\\\/www.lauracosta.com\\\/ca\\\/promocion-test-del-color\\\/\",\"url\":\"https:\\\/\\\/www.lauracosta.com\\\/ca\\\/promocion-test-del-color\\\/\",\"name\":\"Promoci\u00f3n Test del Color - Laura Costa\",\"isPartOf\":{\"@id\":\"https:\\\/\\\/www.lauracosta.com\\\/#website\"},\"primaryImageOfPage\":{\"@id\":\"https:\\\/\\\/www.lauracosta.com\\\/ca\\\/promocion-test-del-color\\\/#primaryimage\"},\"image\":{\"@id\":\"https:\\\/\\\/www.lauracosta.com\\\/ca\\\/promocion-test-del-color\\\/#primaryimage\"},\"thumbnailUrl\":\"https:\\\/\\\/www.lauracosta.com\\\/wp-content\\\/uploads\\\/2024\\\/11\\\/camisetas-de-colores.jpg\",\"datePublished\":\"2014-04-21T14:44:38+00:00\",\"dateModified\":\"2016-07-26T13:53:00+00:00\",\"breadcrumb\":{\"@id\":\"https:\\\/\\\/www.lauracosta.com\\\/ca\\\/promocion-test-del-color\\\/#breadcrumb\"},\"inLanguage\":\"ca\",\"potentialAction\":[{\"@type\":\"ReadAction\",\"target\":[\"https:\\\/\\\/www.lauracosta.com\\\/ca\\\/promocion-test-del-color\\\/\"]}]},{\"@type\":\"ImageObject\",\"inLanguage\":\"ca\",\"@id\":\"https:\\\/\\\/www.lauracosta.com\\\/ca\\\/promocion-test-del-color\\\/#primaryimage\",\"url\":\"https:\\\/\\\/www.lauracosta.com\\\/wp-content\\\/uploads\\\/2024\\\/11\\\/camisetas-de-colores.jpg\",\"contentUrl\":\"https:\\\/\\\/www.lauracosta.com\\\/wp-content\\\/uploads\\\/2024\\\/11\\\/camisetas-de-colores.jpg\",\"width\":283,\"height\":311},{\"@type\":\"BreadcrumbList\",\"@id\":\"https:\\\/\\\/www.lauracosta.com\\\/ca\\\/promocion-test-del-color\\\/#breadcrumb\",\"itemListElement\":[{\"@type\":\"ListItem\",\"position\":1,\"name\":\"Portada\",\"item\":\"https:\\\/\\\/www.lauracosta.com\\\/\"},{\"@type\":\"ListItem\",\"position\":2,\"name\":\"Promoci\u00f3n Test del Color\"}]},{\"@type\":\"WebSite\",\"@id\":\"https:\\\/\\\/www.lauracosta.com\\\/#website\",\"url\":\"https:\\\/\\\/www.lauracosta.com\\\/\",\"name\":\"Laura Costa\",\"description\":\"Asesor\u00eda de imagen &amp; Personal Shopper\",\"publisher\":{\"@id\":\"https:\\\/\\\/www.lauracosta.com\\\/#organization\"},\"potentialAction\":[{\"@type\":\"SearchAction\",\"target\":{\"@type\":\"EntryPoint\",\"urlTemplate\":\"https:\\\/\\\/www.lauracosta.com\\\/?s={search_term_string}\"},\"query-input\":{\"@type\":\"PropertyValueSpecification\",\"valueRequired\":true,\"valueName\":\"search_term_string\"}}],\"inLanguage\":\"ca\"},{\"@type\":\"Organization\",\"@id\":\"https:\\\/\\\/www.lauracosta.com\\\/#organization\",\"name\":\"Laura Costa\",\"url\":\"https:\\\/\\\/www.lauracosta.com\\\/\",\"logo\":{\"@type\":\"ImageObject\",\"inLanguage\":\"ca\",\"@id\":\"https:\\\/\\\/www.lauracosta.com\\\/#\\\/schema\\\/logo\\\/image\\\/\",\"url\":\"https:\\\/\\\/www.lauracosta.com\\\/wp-content\\\/uploads\\\/2024\\\/11\\\/laura-costa-imagen-696.jpg\",\"contentUrl\":\"https:\\\/\\\/www.lauracosta.com\\\/wp-content\\\/uploads\\\/2024\\\/11\\\/laura-costa-imagen-696.jpg\",\"width\":696,\"height\":696,\"caption\":\"Laura Costa\"},\"image\":{\"@id\":\"https:\\\/\\\/www.lauracosta.com\\\/#\\\/schema\\\/logo\\\/image\\\/\"}},{\"@type\":\"Person\",\"@id\":\"https:\\\/\\\/www.lauracosta.com\\\/#\\\/schema\\\/person\\\/88a3aa3a762e09aa91cddc385661d3d9\",\"name\":\"factoryfy\",\"image\":{\"@type\":\"ImageObject\",\"inLanguage\":\"ca\",\"@id\":\"https:\\\/\\\/secure.gravatar.com\\\/avatar\\\/f6b08826744ac84b5c5730915ab186e60373c936b9668ce079c076fa428c7725?s=96&d=mm&r=g\",\"url\":\"https:\\\/\\\/secure.gravatar.com\\\/avatar\\\/f6b08826744ac84b5c5730915ab186e60373c936b9668ce079c076fa428c7725?s=96&d=mm&r=g\",\"contentUrl\":\"https:\\\/\\\/secure.gravatar.com\\\/avatar\\\/f6b08826744ac84b5c5730915ab186e60373c936b9668ce079c076fa428c7725?s=96&d=mm&r=g\",\"caption\":\"factoryfy\"},\"sameAs\":[\"https:\\\/\\\/www.lauracosta.com\"]}]}<\/script>\n<!-- \/ Yoast SEO plugin. -->","yoast_head_json":{"title":"Promoci\u00f3n Test del Color - Laura Costa","robots":{"index":"index","follow":"follow","max-snippet":"max-snippet:-1","max-image-preview":"max-image-preview:large","max-video-preview":"max-video-preview:-1"},"canonical":"https:\/\/www.lauracosta.com\/ca\/promocion-test-del-color\/","og_locale":"ca_ES","og_type":"article","og_title":"Promoci\u00f3n Test del Color - Laura Costa","og_description":"Primavera a TOT COLOR! Encara que les tend\u00e8ncies marquen els colors de cada temporada, no sempre s\u00f3n els tons que millor ens queden. Perqu\u00e8 s\u00e0pigues quins colors s\u00f3n els que m\u00e9s t&#8217;afavoreixen, i quina imatge transmets amb cada to, donem la benvinguda a la primavera amb una promoci\u00f3 especial: El Test del Color a preu [&hellip;]","og_url":"https:\/\/www.lauracosta.com\/ca\/promocion-test-del-color\/","og_site_name":"Laura Costa","article_published_time":"2014-04-21T14:44:38+00:00","article_modified_time":"2016-07-26T13:53:00+00:00","og_image":[{"width":283,"height":311,"url":"https:\/\/www.lauracosta.com\/wp-content\/uploads\/2024\/11\/camisetas-de-colores.jpg","type":"image\/jpeg"}],"author":"factoryfy","twitter_card":"summary_large_image","twitter_misc":{"Escrit per":"factoryfy"},"schema":{"@context":"https:\/\/schema.org","@graph":[{"@type":"Article","@id":"https:\/\/www.lauracosta.com\/ca\/promocion-test-del-color\/#article","isPartOf":{"@id":"https:\/\/www.lauracosta.com\/ca\/promocion-test-del-color\/"},"author":{"name":"factoryfy","@id":"https:\/\/www.lauracosta.com\/#\/schema\/person\/88a3aa3a762e09aa91cddc385661d3d9"},"headline":"Promoci\u00f3n Test del Color","datePublished":"2014-04-21T14:44:38+00:00","dateModified":"2016-07-26T13:53:00+00:00","mainEntityOfPage":{"@id":"https:\/\/www.lauracosta.com\/ca\/promocion-test-del-color\/"},"wordCount":91,"publisher":{"@id":"https:\/\/www.lauracosta.com\/#organization"},"image":{"@id":"https:\/\/www.lauracosta.com\/ca\/promocion-test-del-color\/#primaryimage"},"thumbnailUrl":"https:\/\/www.lauracosta.com\/wp-content\/uploads\/2024\/11\/camisetas-de-colores.jpg","keywords":["Asesor de Imagen","Asesor\u00eda de imagen","consejos","indumentaria","Personal Shopper","shopper"],"articleSection":["Promocio"],"inLanguage":"ca"},{"@type":"WebPage","@id":"https:\/\/www.lauracosta.com\/ca\/promocion-test-del-color\/","url":"https:\/\/www.lauracosta.com\/ca\/promocion-test-del-color\/","name":"Promoci\u00f3n Test del Color - Laura Costa","isPartOf":{"@id":"https:\/\/www.lauracosta.com\/#website"},"primaryImageOfPage":{"@id":"https:\/\/www.lauracosta.com\/ca\/promocion-test-del-color\/#primaryimage"},"image":{"@id":"https:\/\/www.lauracosta.com\/ca\/promocion-test-del-color\/#primaryimage"},"thumbnailUrl":"https:\/\/www.lauracosta.com\/wp-content\/uploads\/2024\/11\/camisetas-de-colores.jpg","datePublished":"2014-04-21T14:44:38+00:00","dateModified":"2016-07-26T13:53:00+00:00","breadcrumb":{"@id":"https:\/\/www.lauracosta.com\/ca\/promocion-test-del-color\/#breadcrumb"},"inLanguage":"ca","potentialAction":[{"@type":"ReadAction","target":["https:\/\/www.lauracosta.com\/ca\/promocion-test-del-color\/"]}]},{"@type":"ImageObject","inLanguage":"ca","@id":"https:\/\/www.lauracosta.com\/ca\/promocion-test-del-color\/#primaryimage","url":"https:\/\/www.lauracosta.com\/wp-content\/uploads\/2024\/11\/camisetas-de-colores.jpg","contentUrl":"https:\/\/www.lauracosta.com\/wp-content\/uploads\/2024\/11\/camisetas-de-colores.jpg","width":283,"height":311},{"@type":"BreadcrumbList","@id":"https:\/\/www.lauracosta.com\/ca\/promocion-test-del-color\/#breadcrumb","itemListElement":[{"@type":"ListItem","position":1,"name":"Portada","item":"https:\/\/www.lauracosta.com\/"},{"@type":"ListItem","position":2,"name":"Promoci\u00f3n Test del Color"}]},{"@type":"WebSite","@id":"https:\/\/www.lauracosta.com\/#website","url":"https:\/\/www.lauracosta.com\/","name":"Laura Costa","description":"Asesor\u00eda de imagen &amp; Personal Shopper","publisher":{"@id":"https:\/\/www.lauracosta.com\/#organization"},"potentialAction":[{"@type":"SearchAction","target":{"@type":"EntryPoint","urlTemplate":"https:\/\/www.lauracosta.com\/?s={search_term_string}"},"query-input":{"@type":"PropertyValueSpecification","valueRequired":true,"valueName":"search_term_string"}}],"inLanguage":"ca"},{"@type":"Organization","@id":"https:\/\/www.lauracosta.com\/#organization","name":"Laura Costa","url":"https:\/\/www.lauracosta.com\/","logo":{"@type":"ImageObject","inLanguage":"ca","@id":"https:\/\/www.lauracosta.com\/#\/schema\/logo\/image\/","url":"https:\/\/www.lauracosta.com\/wp-content\/uploads\/2024\/11\/laura-costa-imagen-696.jpg","contentUrl":"https:\/\/www.lauracosta.com\/wp-content\/uploads\/2024\/11\/laura-costa-imagen-696.jpg","width":696,"height":696,"caption":"Laura Costa"},"image":{"@id":"https:\/\/www.lauracosta.com\/#\/schema\/logo\/image\/"}},{"@type":"Person","@id":"https:\/\/www.lauracosta.com\/#\/schema\/person\/88a3aa3a762e09aa91cddc385661d3d9","name":"factoryfy","image":{"@type":"ImageObject","inLanguage":"ca","@id":"https:\/\/secure.gravatar.com\/avatar\/f6b08826744ac84b5c5730915ab186e60373c936b9668ce079c076fa428c7725?s=96&d=mm&r=g","url":"https:\/\/secure.gravatar.com\/avatar\/f6b08826744ac84b5c5730915ab186e60373c936b9668ce079c076fa428c7725?s=96&d=mm&r=g","contentUrl":"https:\/\/secure.gravatar.com\/avatar\/f6b08826744ac84b5c5730915ab186e60373c936b9668ce079c076fa428c7725?s=96&d=mm&r=g","caption":"factoryfy"},"sameAs":["https:\/\/www.lauracosta.com"]}]}},"_links":{"self":[{"href":"https:\/\/www.lauracosta.com\/ca\/wp-json\/wp\/v2\/posts\/4814","targetHints":{"allow":["GET"]}}],"collection":[{"href":"https:\/\/www.lauracosta.com\/ca\/wp-json\/wp\/v2\/posts"}],"about":[{"href":"https:\/\/www.lauracosta.com\/ca\/wp-json\/wp\/v2\/types\/post"}],"author":[{"embeddable":true,"href":"https:\/\/www.lauracosta.com\/ca\/wp-json\/wp\/v2\/users\/1"}],"replies":[{"embeddable":true,"href":"https:\/\/www.lauracosta.com\/ca\/wp-json\/wp\/v2\/comments?post=4814"}],"version-history":[{"count":0,"href":"https:\/\/www.lauracosta.com\/ca\/wp-json\/wp\/v2\/posts\/4814\/revisions"}],"wp:featuredmedia":[{"embeddable":true,"href":"https:\/\/www.lauracosta.com\/ca\/wp-json\/wp\/v2\/media\/3180"}],"wp:attachment":[{"href":"https:\/\/www.lauracosta.com\/ca\/wp-json\/wp\/v2\/media?parent=4814"}],"wp:term":[{"taxonomy":"category","embeddable":true,"href":"https:\/\/www.lauracosta.com\/ca\/wp-json\/wp\/v2\/categories?post=4814"},{"taxonomy":"post_tag","embeddable":true,"href":"https:\/\/www.lauracosta.com\/ca\/wp-json\/wp\/v2\/tags?post=4814"}],"curies":[{"name":"wp","href":"https:\/\/api.w.org\/{rel}","templated":true}]}}