{"id":4816,"date":"2014-04-09T10:32:03","date_gmt":"2014-04-09T08:32:03","guid":{"rendered":"https:\/\/www.lauracosta.com\/calzado-a-todo-color\/"},"modified":"2024-11-14T10:55:22","modified_gmt":"2024-11-14T09:55:22","slug":"calzado-a-todo-color","status":"publish","type":"post","link":"https:\/\/www.lauracosta.com\/ca\/calzado-a-todo-color\/","title":{"rendered":"Calzado a todo color"},"content":{"rendered":"<p>Portem diverses temporades en les quals s&#8217;imposa la tend\u00e8ncia de les sabates en colors.<\/p>\n<p>I aquest estiu tornem a la c\u00e0rrega!<\/p>\n<p>Per a les dones, sand\u00e0lies amb plataforma en colors fluor, combinades bicolor o tricolor, ballarines estampades i divertides, stlilettos en xarol\u2026<\/p>\n<p><a href=\"https:\/\/www.lauracosta.com\/wp-content\/uploads\/2024\/11\/christian-louboutin-springsummer-2014-collection-22.jpg\"><img decoding=\"async\" class=\"aligncenter size-medium wp-image-557\" alt=\"Laura Costa I Asesora de Imagen Personal\" src=\"https:\/\/www.lauracosta.com\/wp-content\/uploads\/2024\/11\/christian-louboutin-springsummer-2014-collection-22.jpg\" \/><\/a><\/p>\n<p>Per als homes sabates tipus Oxford en blaus, grisos, vermells\u2026<\/p>\n<p>Mocasines en pell girada amb colors m\u00e9s atrevits\u2026<\/p>\n<p>Pells gravades, calades, desgastades&#8230;<\/p>\n<p>Per\u00f2.. quin \u00e9s l&#8217;efecte que aconseguim portant aquest accessori en colors cridaners?<\/p>\n<ul>\n<li>\u00a0<strong>Posar l&#8217;atenci\u00f3 en els nostres peus, doncs actuen com a captadors visuals<\/strong><\/li>\n<li>\u00a0<strong>Trencar amb el monocolor d&#8217;un vestit sencer<\/strong><\/li>\n<\/ul>\n<p>Sobretot en el cas dels homes, que tenen menys possibilitats i solen portar vestits foscos. \u00c9s una bona manera de diferenciar-se i crear estil propi.<\/p>\n<ul>\n<li><strong>Una imatge m\u00e9s jove i atrevida<\/strong><\/li>\n<\/ul>\n<p>Evidentment el color ens aporta dinamisme, distinci\u00f3 i jovilaitat.<\/p>\n<p>-Qui hi vol renunciar?<\/p>\n","protected":false},"excerpt":{"rendered":"<p>Portem diverses temporades en les quals s&#8217;imposa la tend\u00e8ncia de les sabates en colors. I aquest estiu tornem a la c\u00e0rrega! Per a les dones, sand\u00e0lies amb plataforma en colors fluor, combinades bicolor o tricolor, ballarines estampades i divertides, stlilettos en xarol\u2026 Per als homes sabates tipus Oxford en blaus, grisos, vermells\u2026 Mocasines en pell [&hellip;]<\/p>\n","protected":false},"author":1,"featured_media":3172,"comment_status":"closed","ping_status":"closed","sticky":false,"template":"","format":"standard","meta":{"_joinchat":[],"footnotes":""},"categories":[48],"tags":[114,61,147,95,213,214,78,215,216],"class_list":["post-4816","post","type-post","status-publish","format-standard","has-post-thumbnail","hentry","category-blog-ca","tag-accesorios","tag-asesoria-de-imagen","tag-calzado","tag-color","tag-mocasines","tag-oxford","tag-personal-shopper","tag-sandalias","tag-zapatos"],"yoast_head":"<!-- This site is optimized with the Yoast SEO plugin v27.5 - https:\/\/yoast.com\/product\/yoast-seo-wordpress\/ -->\n<title>Calzado a todo color - Laura Costa<\/title>\n<meta name=\"robots\" content=\"index, follow, max-snippet:-1, max-image-preview:large, max-video-preview:-1\" \/>\n<link rel=\"canonical\" href=\"https:\/\/www.lauracosta.com\/ca\/calzado-a-todo-color\/\" \/>\n<meta property=\"og:locale\" content=\"ca_ES\" \/>\n<meta property=\"og:type\" content=\"article\" \/>\n<meta property=\"og:title\" content=\"Calzado a todo color - Laura Costa\" \/>\n<meta property=\"og:description\" content=\"Portem diverses temporades en les quals s&#8217;imposa la tend\u00e8ncia de les sabates en colors. I aquest estiu tornem a la c\u00e0rrega! Per a les dones, sand\u00e0lies amb plataforma en colors fluor, combinades bicolor o tricolor, ballarines estampades i divertides, stlilettos en xarol\u2026 Per als homes sabates tipus Oxford en blaus, grisos, vermells\u2026 Mocasines en pell [&hellip;]\" \/>\n<meta property=\"og:url\" content=\"https:\/\/www.lauracosta.com\/ca\/calzado-a-todo-color\/\" \/>\n<meta property=\"og:site_name\" content=\"Laura Costa\" \/>\n<meta property=\"article:published_time\" content=\"2014-04-09T08:32:03+00:00\" \/>\n<meta property=\"article:modified_time\" content=\"2024-11-14T09:55:22+00:00\" \/>\n<meta property=\"og:image\" content=\"https:\/\/www.lauracosta.com\/wp-content\/uploads\/2024\/11\/Zapatos-de-colores.jpg\" \/>\n\t<meta property=\"og:image:width\" content=\"668\" \/>\n\t<meta property=\"og:image:height\" content=\"384\" \/>\n\t<meta property=\"og:image:type\" content=\"image\/jpeg\" \/>\n<meta name=\"author\" content=\"factoryfy\" \/>\n<meta name=\"twitter:card\" content=\"summary_large_image\" \/>\n<meta name=\"twitter:label1\" content=\"Escrit per\" \/>\n\t<meta name=\"twitter:data1\" content=\"factoryfy\" \/>\n\t<meta name=\"twitter:label2\" content=\"Temps estimat de lectura\" \/>\n\t<meta name=\"twitter:data2\" content=\"1 minut\" \/>\n<script type=\"application\/ld+json\" class=\"yoast-schema-graph\">{\"@context\":\"https:\\\/\\\/schema.org\",\"@graph\":[{\"@type\":\"Article\",\"@id\":\"https:\\\/\\\/www.lauracosta.com\\\/ca\\\/calzado-a-todo-color\\\/#article\",\"isPartOf\":{\"@id\":\"https:\\\/\\\/www.lauracosta.com\\\/ca\\\/calzado-a-todo-color\\\/\"},\"author\":{\"name\":\"factoryfy\",\"@id\":\"https:\\\/\\\/www.lauracosta.com\\\/#\\\/schema\\\/person\\\/88a3aa3a762e09aa91cddc385661d3d9\"},\"headline\":\"Calzado a todo color\",\"datePublished\":\"2014-04-09T08:32:03+00:00\",\"dateModified\":\"2024-11-14T09:55:22+00:00\",\"mainEntityOfPage\":{\"@id\":\"https:\\\/\\\/www.lauracosta.com\\\/ca\\\/calzado-a-todo-color\\\/\"},\"wordCount\":152,\"publisher\":{\"@id\":\"https:\\\/\\\/www.lauracosta.com\\\/#organization\"},\"image\":{\"@id\":\"https:\\\/\\\/www.lauracosta.com\\\/ca\\\/calzado-a-todo-color\\\/#primaryimage\"},\"thumbnailUrl\":\"https:\\\/\\\/www.lauracosta.com\\\/wp-content\\\/uploads\\\/2024\\\/11\\\/Zapatos-de-colores.jpg\",\"keywords\":[\"accesorios\",\"Asesor\u00eda de imagen\",\"calzado\",\"color\",\"mocasines\",\"Oxford\",\"Personal Shopper\",\"sandalias\",\"zapatos\"],\"articleSection\":[\"Blog\"],\"inLanguage\":\"ca\"},{\"@type\":\"WebPage\",\"@id\":\"https:\\\/\\\/www.lauracosta.com\\\/ca\\\/calzado-a-todo-color\\\/\",\"url\":\"https:\\\/\\\/www.lauracosta.com\\\/ca\\\/calzado-a-todo-color\\\/\",\"name\":\"Calzado a todo color - Laura Costa\",\"isPartOf\":{\"@id\":\"https:\\\/\\\/www.lauracosta.com\\\/#website\"},\"primaryImageOfPage\":{\"@id\":\"https:\\\/\\\/www.lauracosta.com\\\/ca\\\/calzado-a-todo-color\\\/#primaryimage\"},\"image\":{\"@id\":\"https:\\\/\\\/www.lauracosta.com\\\/ca\\\/calzado-a-todo-color\\\/#primaryimage\"},\"thumbnailUrl\":\"https:\\\/\\\/www.lauracosta.com\\\/wp-content\\\/uploads\\\/2024\\\/11\\\/Zapatos-de-colores.jpg\",\"datePublished\":\"2014-04-09T08:32:03+00:00\",\"dateModified\":\"2024-11-14T09:55:22+00:00\",\"breadcrumb\":{\"@id\":\"https:\\\/\\\/www.lauracosta.com\\\/ca\\\/calzado-a-todo-color\\\/#breadcrumb\"},\"inLanguage\":\"ca\",\"potentialAction\":[{\"@type\":\"ReadAction\",\"target\":[\"https:\\\/\\\/www.lauracosta.com\\\/ca\\\/calzado-a-todo-color\\\/\"]}]},{\"@type\":\"ImageObject\",\"inLanguage\":\"ca\",\"@id\":\"https:\\\/\\\/www.lauracosta.com\\\/ca\\\/calzado-a-todo-color\\\/#primaryimage\",\"url\":\"https:\\\/\\\/www.lauracosta.com\\\/wp-content\\\/uploads\\\/2024\\\/11\\\/Zapatos-de-colores.jpg\",\"contentUrl\":\"https:\\\/\\\/www.lauracosta.com\\\/wp-content\\\/uploads\\\/2024\\\/11\\\/Zapatos-de-colores.jpg\",\"width\":668,\"height\":384},{\"@type\":\"BreadcrumbList\",\"@id\":\"https:\\\/\\\/www.lauracosta.com\\\/ca\\\/calzado-a-todo-color\\\/#breadcrumb\",\"itemListElement\":[{\"@type\":\"ListItem\",\"position\":1,\"name\":\"Portada\",\"item\":\"https:\\\/\\\/www.lauracosta.com\\\/\"},{\"@type\":\"ListItem\",\"position\":2,\"name\":\"Calzado a todo color\"}]},{\"@type\":\"WebSite\",\"@id\":\"https:\\\/\\\/www.lauracosta.com\\\/#website\",\"url\":\"https:\\\/\\\/www.lauracosta.com\\\/\",\"name\":\"Laura Costa\",\"description\":\"Asesor\u00eda de imagen &amp; Personal Shopper\",\"publisher\":{\"@id\":\"https:\\\/\\\/www.lauracosta.com\\\/#organization\"},\"potentialAction\":[{\"@type\":\"SearchAction\",\"target\":{\"@type\":\"EntryPoint\",\"urlTemplate\":\"https:\\\/\\\/www.lauracosta.com\\\/?s={search_term_string}\"},\"query-input\":{\"@type\":\"PropertyValueSpecification\",\"valueRequired\":true,\"valueName\":\"search_term_string\"}}],\"inLanguage\":\"ca\"},{\"@type\":\"Organization\",\"@id\":\"https:\\\/\\\/www.lauracosta.com\\\/#organization\",\"name\":\"Laura Costa\",\"url\":\"https:\\\/\\\/www.lauracosta.com\\\/\",\"logo\":{\"@type\":\"ImageObject\",\"inLanguage\":\"ca\",\"@id\":\"https:\\\/\\\/www.lauracosta.com\\\/#\\\/schema\\\/logo\\\/image\\\/\",\"url\":\"https:\\\/\\\/www.lauracosta.com\\\/wp-content\\\/uploads\\\/2024\\\/11\\\/laura-costa-imagen-696.jpg\",\"contentUrl\":\"https:\\\/\\\/www.lauracosta.com\\\/wp-content\\\/uploads\\\/2024\\\/11\\\/laura-costa-imagen-696.jpg\",\"width\":696,\"height\":696,\"caption\":\"Laura Costa\"},\"image\":{\"@id\":\"https:\\\/\\\/www.lauracosta.com\\\/#\\\/schema\\\/logo\\\/image\\\/\"}},{\"@type\":\"Person\",\"@id\":\"https:\\\/\\\/www.lauracosta.com\\\/#\\\/schema\\\/person\\\/88a3aa3a762e09aa91cddc385661d3d9\",\"name\":\"factoryfy\",\"image\":{\"@type\":\"ImageObject\",\"inLanguage\":\"ca\",\"@id\":\"https:\\\/\\\/secure.gravatar.com\\\/avatar\\\/f6b08826744ac84b5c5730915ab186e60373c936b9668ce079c076fa428c7725?s=96&d=mm&r=g\",\"url\":\"https:\\\/\\\/secure.gravatar.com\\\/avatar\\\/f6b08826744ac84b5c5730915ab186e60373c936b9668ce079c076fa428c7725?s=96&d=mm&r=g\",\"contentUrl\":\"https:\\\/\\\/secure.gravatar.com\\\/avatar\\\/f6b08826744ac84b5c5730915ab186e60373c936b9668ce079c076fa428c7725?s=96&d=mm&r=g\",\"caption\":\"factoryfy\"},\"sameAs\":[\"https:\\\/\\\/www.lauracosta.com\"]}]}<\/script>\n<!-- \/ Yoast SEO plugin. -->","yoast_head_json":{"title":"Calzado a todo color - Laura Costa","robots":{"index":"index","follow":"follow","max-snippet":"max-snippet:-1","max-image-preview":"max-image-preview:large","max-video-preview":"max-video-preview:-1"},"canonical":"https:\/\/www.lauracosta.com\/ca\/calzado-a-todo-color\/","og_locale":"ca_ES","og_type":"article","og_title":"Calzado a todo color - Laura Costa","og_description":"Portem diverses temporades en les quals s&#8217;imposa la tend\u00e8ncia de les sabates en colors. I aquest estiu tornem a la c\u00e0rrega! Per a les dones, sand\u00e0lies amb plataforma en colors fluor, combinades bicolor o tricolor, ballarines estampades i divertides, stlilettos en xarol\u2026 Per als homes sabates tipus Oxford en blaus, grisos, vermells\u2026 Mocasines en pell [&hellip;]","og_url":"https:\/\/www.lauracosta.com\/ca\/calzado-a-todo-color\/","og_site_name":"Laura Costa","article_published_time":"2014-04-09T08:32:03+00:00","article_modified_time":"2024-11-14T09:55:22+00:00","og_image":[{"width":668,"height":384,"url":"https:\/\/www.lauracosta.com\/wp-content\/uploads\/2024\/11\/Zapatos-de-colores.jpg","type":"image\/jpeg"}],"author":"factoryfy","twitter_card":"summary_large_image","twitter_misc":{"Escrit per":"factoryfy","Temps estimat de lectura":"1 minut"},"schema":{"@context":"https:\/\/schema.org","@graph":[{"@type":"Article","@id":"https:\/\/www.lauracosta.com\/ca\/calzado-a-todo-color\/#article","isPartOf":{"@id":"https:\/\/www.lauracosta.com\/ca\/calzado-a-todo-color\/"},"author":{"name":"factoryfy","@id":"https:\/\/www.lauracosta.com\/#\/schema\/person\/88a3aa3a762e09aa91cddc385661d3d9"},"headline":"Calzado a todo color","datePublished":"2014-04-09T08:32:03+00:00","dateModified":"2024-11-14T09:55:22+00:00","mainEntityOfPage":{"@id":"https:\/\/www.lauracosta.com\/ca\/calzado-a-todo-color\/"},"wordCount":152,"publisher":{"@id":"https:\/\/www.lauracosta.com\/#organization"},"image":{"@id":"https:\/\/www.lauracosta.com\/ca\/calzado-a-todo-color\/#primaryimage"},"thumbnailUrl":"https:\/\/www.lauracosta.com\/wp-content\/uploads\/2024\/11\/Zapatos-de-colores.jpg","keywords":["accesorios","Asesor\u00eda de imagen","calzado","color","mocasines","Oxford","Personal Shopper","sandalias","zapatos"],"articleSection":["Blog"],"inLanguage":"ca"},{"@type":"WebPage","@id":"https:\/\/www.lauracosta.com\/ca\/calzado-a-todo-color\/","url":"https:\/\/www.lauracosta.com\/ca\/calzado-a-todo-color\/","name":"Calzado a todo color - Laura Costa","isPartOf":{"@id":"https:\/\/www.lauracosta.com\/#website"},"primaryImageOfPage":{"@id":"https:\/\/www.lauracosta.com\/ca\/calzado-a-todo-color\/#primaryimage"},"image":{"@id":"https:\/\/www.lauracosta.com\/ca\/calzado-a-todo-color\/#primaryimage"},"thumbnailUrl":"https:\/\/www.lauracosta.com\/wp-content\/uploads\/2024\/11\/Zapatos-de-colores.jpg","datePublished":"2014-04-09T08:32:03+00:00","dateModified":"2024-11-14T09:55:22+00:00","breadcrumb":{"@id":"https:\/\/www.lauracosta.com\/ca\/calzado-a-todo-color\/#breadcrumb"},"inLanguage":"ca","potentialAction":[{"@type":"ReadAction","target":["https:\/\/www.lauracosta.com\/ca\/calzado-a-todo-color\/"]}]},{"@type":"ImageObject","inLanguage":"ca","@id":"https:\/\/www.lauracosta.com\/ca\/calzado-a-todo-color\/#primaryimage","url":"https:\/\/www.lauracosta.com\/wp-content\/uploads\/2024\/11\/Zapatos-de-colores.jpg","contentUrl":"https:\/\/www.lauracosta.com\/wp-content\/uploads\/2024\/11\/Zapatos-de-colores.jpg","width":668,"height":384},{"@type":"BreadcrumbList","@id":"https:\/\/www.lauracosta.com\/ca\/calzado-a-todo-color\/#breadcrumb","itemListElement":[{"@type":"ListItem","position":1,"name":"Portada","item":"https:\/\/www.lauracosta.com\/"},{"@type":"ListItem","position":2,"name":"Calzado a todo color"}]},{"@type":"WebSite","@id":"https:\/\/www.lauracosta.com\/#website","url":"https:\/\/www.lauracosta.com\/","name":"Laura Costa","description":"Asesor\u00eda de imagen &amp; Personal Shopper","publisher":{"@id":"https:\/\/www.lauracosta.com\/#organization"},"potentialAction":[{"@type":"SearchAction","target":{"@type":"EntryPoint","urlTemplate":"https:\/\/www.lauracosta.com\/?s={search_term_string}"},"query-input":{"@type":"PropertyValueSpecification","valueRequired":true,"valueName":"search_term_string"}}],"inLanguage":"ca"},{"@type":"Organization","@id":"https:\/\/www.lauracosta.com\/#organization","name":"Laura Costa","url":"https:\/\/www.lauracosta.com\/","logo":{"@type":"ImageObject","inLanguage":"ca","@id":"https:\/\/www.lauracosta.com\/#\/schema\/logo\/image\/","url":"https:\/\/www.lauracosta.com\/wp-content\/uploads\/2024\/11\/laura-costa-imagen-696.jpg","contentUrl":"https:\/\/www.lauracosta.com\/wp-content\/uploads\/2024\/11\/laura-costa-imagen-696.jpg","width":696,"height":696,"caption":"Laura Costa"},"image":{"@id":"https:\/\/www.lauracosta.com\/#\/schema\/logo\/image\/"}},{"@type":"Person","@id":"https:\/\/www.lauracosta.com\/#\/schema\/person\/88a3aa3a762e09aa91cddc385661d3d9","name":"factoryfy","image":{"@type":"ImageObject","inLanguage":"ca","@id":"https:\/\/secure.gravatar.com\/avatar\/f6b08826744ac84b5c5730915ab186e60373c936b9668ce079c076fa428c7725?s=96&d=mm&r=g","url":"https:\/\/secure.gravatar.com\/avatar\/f6b08826744ac84b5c5730915ab186e60373c936b9668ce079c076fa428c7725?s=96&d=mm&r=g","contentUrl":"https:\/\/secure.gravatar.com\/avatar\/f6b08826744ac84b5c5730915ab186e60373c936b9668ce079c076fa428c7725?s=96&d=mm&r=g","caption":"factoryfy"},"sameAs":["https:\/\/www.lauracosta.com"]}]}},"_links":{"self":[{"href":"https:\/\/www.lauracosta.com\/ca\/wp-json\/wp\/v2\/posts\/4816","targetHints":{"allow":["GET"]}}],"collection":[{"href":"https:\/\/www.lauracosta.com\/ca\/wp-json\/wp\/v2\/posts"}],"about":[{"href":"https:\/\/www.lauracosta.com\/ca\/wp-json\/wp\/v2\/types\/post"}],"author":[{"embeddable":true,"href":"https:\/\/www.lauracosta.com\/ca\/wp-json\/wp\/v2\/users\/1"}],"replies":[{"embeddable":true,"href":"https:\/\/www.lauracosta.com\/ca\/wp-json\/wp\/v2\/comments?post=4816"}],"version-history":[{"count":1,"href":"https:\/\/www.lauracosta.com\/ca\/wp-json\/wp\/v2\/posts\/4816\/revisions"}],"predecessor-version":[{"id":4817,"href":"https:\/\/www.lauracosta.com\/ca\/wp-json\/wp\/v2\/posts\/4816\/revisions\/4817"}],"wp:featuredmedia":[{"embeddable":true,"href":"https:\/\/www.lauracosta.com\/ca\/wp-json\/wp\/v2\/media\/3172"}],"wp:attachment":[{"href":"https:\/\/www.lauracosta.com\/ca\/wp-json\/wp\/v2\/media?parent=4816"}],"wp:term":[{"taxonomy":"category","embeddable":true,"href":"https:\/\/www.lauracosta.com\/ca\/wp-json\/wp\/v2\/categories?post=4816"},{"taxonomy":"post_tag","embeddable":true,"href":"https:\/\/www.lauracosta.com\/ca\/wp-json\/wp\/v2\/tags?post=4816"}],"curies":[{"name":"wp","href":"https:\/\/api.w.org\/{rel}","templated":true}]}}