{"id":4818,"date":"2014-03-21T09:28:51","date_gmt":"2014-03-21T08:28:51","guid":{"rendered":"https:\/\/www.lauracosta.com\/la-optica-como-elemento-de-la-asesoria-del-rostro-y-de-la-imagen-personal\/"},"modified":"2024-11-14T10:55:45","modified_gmt":"2024-11-14T09:55:45","slug":"la-optica-como-elemento-de-la-asesoria-del-rostro-y-de-la-imagen-personal","status":"publish","type":"post","link":"https:\/\/www.lauracosta.com\/ca\/la-optica-como-elemento-de-la-asesoria-del-rostro-y-de-la-imagen-personal\/","title":{"rendered":"La \u00d3ptica, como elemento de la Asesor\u00eda del rostro y de la Imagen Personal"},"content":{"rendered":"<p>Cada vegada m\u00e9s l&#8217;\u00f2ptica juga un paper rellevant en la nostra imatge, per\u00f2&#8230; Quina \u00e9s la muntura que \u00a0t&#8217;afavoreix m\u00e9s, i la que reuneix les caracter\u00edstiques perfectes per a tu?<\/p>\n<p>Pot servir-nos de compensaci\u00f3 facial, com a captador visual, per dissimular petits defectes o per potenciar una part del nostre rostre. Per\u00f2 no hem d&#8217;oblidar, l&#8217;important paper que juga tamb\u00e9 a nivell d&#8217;imatge. \u00c9s tant aix\u00ed, que moltes persones sense una necessitat visual la inclouen en la seu look.<\/p>\n<p>Un dels meus treballs en l&#8217;<strong>Assessoria del Rostre o Estudi de Visagisme<\/strong> \u00e9s ajudar als meus clients a seleccionar la muntura adequada tenint presenti tots aquests aspectes:<\/p>\n<ul>\n<li>Caracter\u00edstiques f\u00edsiques del client<\/li>\n<li>Caracter\u00edstiques personals<\/li>\n<li>Exig\u00e8ncies de l&#8217;entorn (laborals, socials)<\/li>\n<li>Gustos espec\u00edfics i prefer\u00e8ncies d&#8217;imatge<\/li>\n<\/ul>\n<p>Primer vull agrair a Elvira la seva col\u00b7laboraci\u00f3 deixant-nos les seves fotos.<br \/>\nHem d&#8217;esmentar ,que t\u00e9 el rostre gran i d&#8217;una tipologia quadrada.<br \/>\nLa imatge que desitja transmetre \u00e9s propera i dol\u00e7a per\u00f2 amb personalitat i for\u00e7a.<\/p>\n<p>Us poso aqu\u00ed alguns exemples de valoracions que he fer exclusivament per a ella:<\/p>\n<p><a href=\"https:\/\/www.lauracosta.com\/wp-content\/uploads\/2024\/11\/photo1.jpg\"><img fetchpriority=\"high\" decoding=\"async\" class=\"aligncenter size-medium wp-image-522\" alt=\"photo1\" src=\"https:\/\/www.lauracosta.com\/wp-content\/uploads\/2024\/11\/photo1-225x300.jpg\" width=\"225\" height=\"300\" \/><\/a><\/p>\n<p>\u00a0<\/p>\n<p>1-\u00c9s una muntura que combina pasta i muntura a l&#8217;aire en to pastel. S\u00f3n m\u00e9s fines i elegants, per\u00f2 el detall de canvi de color en el pont de la muntura t&#8217;eixampla m\u00e9s aquesta part del nas, accentuant la.<\/p>\n<p><a href=\"https:\/\/www.lauracosta.com\/wp-content\/uploads\/2024\/11\/photo2.jpg\"><img decoding=\"async\" class=\"aligncenter size-medium wp-image-523\" alt=\"photo2\" src=\"https:\/\/www.lauracosta.com\/wp-content\/uploads\/2024\/11\/photo2-225x300.jpg\" width=\"225\" height=\"300\" \/><\/a><\/p>\n<p>\u00a0<\/p>\n<p>2-Com\u00a0l&#8217;opci\u00f3\u00a0anterior s\u00f3n m\u00e9s fines i elegants, per\u00f2 a m\u00e9s a m\u00e9s el color platejat\u00a0t&#8217;il\u00b7lumina\u00a0el rostre potenciant encara m\u00e9s l&#8217;eleg\u00e0ncia. Les <em>varilles<\/em> s\u00f3n\u00a0granatoses, aquest detall t&#8217;eixampla una mica el rostre per\u00f2 en aquest cas,\u00a0en\u00a0ser una muntura molt fina, no\u00a0t\u00e9\u00a0massa import\u00e0ncia.<\/p>\n<p><a href=\"https:\/\/www.lauracosta.com\/wp-content\/uploads\/2024\/11\/photo3.jpg\"><img decoding=\"async\" class=\"aligncenter size-medium wp-image-524\" alt=\"photo3\" src=\"https:\/\/www.lauracosta.com\/wp-content\/uploads\/2024\/11\/photo3-225x300.jpg\" width=\"225\" height=\"300\" \/><\/a><\/p>\n<p>\u00a0<\/p>\n<p>3-Aquestes jo\u00a0la descartaria directament, crec que el material \u00e9s molt senzill i ni la forma ni el color t&#8217;afavoreixen massa.<\/p>\n<p><a href=\"https:\/\/www.lauracosta.com\/wp-content\/uploads\/2024\/11\/photo-5.jpg\"><img loading=\"lazy\" decoding=\"async\" class=\"aligncenter size-medium wp-image-527\" alt=\"photo 5\" src=\"https:\/\/www.lauracosta.com\/wp-content\/uploads\/2024\/11\/photo-5-225x300.jpg\" width=\"225\" height=\"300\" \/><\/a><\/p>\n<p>\u00a0<\/p>\n<p>4-La forma allargada t&#8217;eixample\u00a0el rostre en la part de les &#8220;sienes&#8221; i\u00a0sobresurten\u00a0una mica massa.<\/p>\n<p><a href=\"https:\/\/www.lauracosta.com\/wp-content\/uploads\/2024\/11\/photo-4.jpg\"><img loading=\"lazy\" decoding=\"async\" class=\"aligncenter size-medium wp-image-525\" alt=\"photo 4\" src=\"https:\/\/www.lauracosta.com\/wp-content\/uploads\/2024\/11\/photo-4-225x300.jpg\" width=\"225\" height=\"300\" \/><\/a><\/p>\n<p>\u00a0<\/p>\n<p>5- Aquesta\u00a0muntura\u00a0t\u00e9 una molt bona forma per a tu, els\u00a0cantons\u00a0en la part inferior s\u00f3n\u00a0semi-arrodonits, a m\u00e9s a m\u00e9s tot i\u00a0sent\u00a0de pasta, no\u00a0\u00e9s\u00a0molt gruixuda i t\u00e9 el\u00a0detall de\u00a0l&#8217;estampaci\u00f3\u00a0animal\u00a0print\u00a0en tons marrons m\u00e9s clarets. \u00c9s una molt bona opci\u00f3 en tots els aspectes, es veu actual i f\u00e0cil de combinar amb tot. T&#8217;aporta una imatge elegant propera i professional.<\/p>\n<p><a href=\"https:\/\/www.lauracosta.com\/wp-content\/uploads\/2024\/11\/photo-6.jpg\"><img loading=\"lazy\" decoding=\"async\" class=\"aligncenter size-medium wp-image-528\" alt=\"photo 6\" src=\"https:\/\/www.lauracosta.com\/wp-content\/uploads\/2024\/11\/photo-6-225x300.jpg\" width=\"225\" height=\"300\" \/><\/a><\/p>\n<p>\u00a0<\/p>\n<p>6-Muntura\u00a0molt en\u00a0tend\u00e8ncia, que et passar\u00e0 m\u00e9s de moda. \u00c9s molt gran, tu ja tens un rostre gran i aquesta forma te&#8217;l potencia una mica massa.<\/p>\n<p style=\"text-align: center;\"><a href=\"https:\/\/www.lauracosta.com\/wp-content\/uploads\/2024\/11\/photo-7.jpg\"><img loading=\"lazy\" decoding=\"async\" class=\"aligncenter  wp-image-529\" alt=\"photo 7\" src=\"https:\/\/www.lauracosta.com\/wp-content\/uploads\/2024\/11\/photo-7.jpg\" width=\"230\" height=\"346\" \/><\/a><\/p>\n<p>\u00a0<\/p>\n<p>7- La forma \u00e9s m\u00e9s arrodonida i m\u00e9s dol\u00e7a. El color t&#8217;afavoreix molt i el\u00a0degradee\u00a0est\u00e0 en tend\u00e8ncia actualment.\u00a0En\u00a0ser m\u00e9s fosca en la part superior l&#8217;efecte \u00e9s\u00a0que destaca m\u00e9s la part superior de la muntura i del rostre. Crec que \u00e9s una molt bona opci\u00f3.<\/p>\n<p>Despr\u00e9s de valorar totes les opcions la meva elecci\u00f3 per a ella \u00e9s:<\/p>\n<p>L&#8217;opci\u00f3 5 o l&#8217;opci\u00f3 7, doncs les dues reuneixen les qualitats est\u00e8tiques perfectes per a ella.<br \/>\nAqu\u00ed dependr\u00e0 de la imatge que la Elvira desitja transmetre:<\/p>\n<p>Una imatge m\u00e9s personal, professional, amb for\u00e7a= Opci\u00f3 5<\/p>\n<p>Una imatge m\u00e9s dol\u00e7a i propera= Opci\u00f3 7<\/p>\n","protected":false},"excerpt":{"rendered":"<p>Cada vegada m\u00e9s l&#8217;\u00f2ptica juga un paper rellevant en la nostra imatge, per\u00f2&#8230; Quina \u00e9s la muntura que \u00a0t&#8217;afavoreix m\u00e9s, i la que reuneix les caracter\u00edstiques perfectes per a tu? Pot servir-nos de compensaci\u00f3 facial, com a captador visual, per dissimular petits defectes o per potenciar una part del nostre rostre. Per\u00f2 no hem d&#8217;oblidar, [&hellip;]<\/p>\n","protected":false},"author":1,"featured_media":3164,"comment_status":"closed","ping_status":"closed","sticky":false,"template":"","format":"standard","meta":{"_joinchat":[],"footnotes":""},"categories":[48],"tags":[66,76,68,87,91,77,64,88,74,78,89],"class_list":["post-4818","post","type-post","status-publish","format-standard","has-post-thumbnail","hentry","category-blog-ca","tag-asesor-de-imagen","tag-asesora-de-imagen","tag-asesoria-del-rostro","tag-barba","tag-cejas","tag-consejos","tag-imagen","tag-imagen-personal","tag-peinado","tag-personal-shopper","tag-visagismo"],"yoast_head":"<!-- This site is optimized with the Yoast SEO plugin v27.5 - https:\/\/yoast.com\/product\/yoast-seo-wordpress\/ -->\n<title>La \u00d3ptica, como elemento de la Asesor\u00eda del rostro y de la Imagen Personal - Laura Costa<\/title>\n<meta name=\"robots\" content=\"index, follow, max-snippet:-1, max-image-preview:large, max-video-preview:-1\" \/>\n<link rel=\"canonical\" href=\"https:\/\/www.lauracosta.com\/ca\/la-optica-como-elemento-de-la-asesoria-del-rostro-y-de-la-imagen-personal\/\" \/>\n<meta property=\"og:locale\" content=\"ca_ES\" \/>\n<meta property=\"og:type\" content=\"article\" \/>\n<meta property=\"og:title\" content=\"La \u00d3ptica, como elemento de la Asesor\u00eda del rostro y de la Imagen Personal - Laura Costa\" \/>\n<meta property=\"og:description\" content=\"Cada vegada m\u00e9s l&#8217;\u00f2ptica juga un paper rellevant en la nostra imatge, per\u00f2&#8230; Quina \u00e9s la muntura que \u00a0t&#8217;afavoreix m\u00e9s, i la que reuneix les caracter\u00edstiques perfectes per a tu? Pot servir-nos de compensaci\u00f3 facial, com a captador visual, per dissimular petits defectes o per potenciar una part del nostre rostre. Per\u00f2 no hem d&#8217;oblidar, [&hellip;]\" \/>\n<meta property=\"og:url\" content=\"https:\/\/www.lauracosta.com\/ca\/la-optica-como-elemento-de-la-asesoria-del-rostro-y-de-la-imagen-personal\/\" \/>\n<meta property=\"og:site_name\" content=\"Laura Costa\" \/>\n<meta property=\"article:published_time\" content=\"2014-03-21T08:28:51+00:00\" \/>\n<meta property=\"article:modified_time\" content=\"2024-11-14T09:55:45+00:00\" \/>\n<meta property=\"og:image\" content=\"https:\/\/www.lauracosta.com\/wp-content\/uploads\/2024\/11\/Monturas-scaled.jpg\" \/>\n\t<meta property=\"og:image:width\" content=\"2560\" \/>\n\t<meta property=\"og:image:height\" content=\"1441\" \/>\n\t<meta property=\"og:image:type\" content=\"image\/jpeg\" \/>\n<meta name=\"author\" content=\"factoryfy\" \/>\n<meta name=\"twitter:card\" content=\"summary_large_image\" \/>\n<meta name=\"twitter:label1\" content=\"Escrit per\" \/>\n\t<meta name=\"twitter:data1\" content=\"factoryfy\" \/>\n\t<meta name=\"twitter:label2\" content=\"Temps estimat de lectura\" \/>\n\t<meta name=\"twitter:data2\" content=\"3 minuts\" \/>\n<script type=\"application\/ld+json\" class=\"yoast-schema-graph\">{\"@context\":\"https:\\\/\\\/schema.org\",\"@graph\":[{\"@type\":\"Article\",\"@id\":\"https:\\\/\\\/www.lauracosta.com\\\/ca\\\/la-optica-como-elemento-de-la-asesoria-del-rostro-y-de-la-imagen-personal\\\/#article\",\"isPartOf\":{\"@id\":\"https:\\\/\\\/www.lauracosta.com\\\/ca\\\/la-optica-como-elemento-de-la-asesoria-del-rostro-y-de-la-imagen-personal\\\/\"},\"author\":{\"name\":\"factoryfy\",\"@id\":\"https:\\\/\\\/www.lauracosta.com\\\/#\\\/schema\\\/person\\\/88a3aa3a762e09aa91cddc385661d3d9\"},\"headline\":\"La \u00d3ptica, como elemento de la Asesor\u00eda del rostro y de la Imagen Personal\",\"datePublished\":\"2014-03-21T08:28:51+00:00\",\"dateModified\":\"2024-11-14T09:55:45+00:00\",\"mainEntityOfPage\":{\"@id\":\"https:\\\/\\\/www.lauracosta.com\\\/ca\\\/la-optica-como-elemento-de-la-asesoria-del-rostro-y-de-la-imagen-personal\\\/\"},\"wordCount\":580,\"publisher\":{\"@id\":\"https:\\\/\\\/www.lauracosta.com\\\/#organization\"},\"image\":{\"@id\":\"https:\\\/\\\/www.lauracosta.com\\\/ca\\\/la-optica-como-elemento-de-la-asesoria-del-rostro-y-de-la-imagen-personal\\\/#primaryimage\"},\"thumbnailUrl\":\"https:\\\/\\\/www.lauracosta.com\\\/wp-content\\\/uploads\\\/2024\\\/11\\\/Monturas-scaled.jpg\",\"keywords\":[\"Asesor de Imagen\",\"Asesora de imagen\",\"Asesor\u00eda del rostro\",\"barba\",\"cejas\",\"consejos\",\"imagen\",\"imagen personal\",\"peinado\",\"Personal Shopper\",\"visagismo\"],\"articleSection\":[\"Blog\"],\"inLanguage\":\"ca\"},{\"@type\":\"WebPage\",\"@id\":\"https:\\\/\\\/www.lauracosta.com\\\/ca\\\/la-optica-como-elemento-de-la-asesoria-del-rostro-y-de-la-imagen-personal\\\/\",\"url\":\"https:\\\/\\\/www.lauracosta.com\\\/ca\\\/la-optica-como-elemento-de-la-asesoria-del-rostro-y-de-la-imagen-personal\\\/\",\"name\":\"La \u00d3ptica, como elemento de la Asesor\u00eda del rostro y de la Imagen Personal - Laura Costa\",\"isPartOf\":{\"@id\":\"https:\\\/\\\/www.lauracosta.com\\\/#website\"},\"primaryImageOfPage\":{\"@id\":\"https:\\\/\\\/www.lauracosta.com\\\/ca\\\/la-optica-como-elemento-de-la-asesoria-del-rostro-y-de-la-imagen-personal\\\/#primaryimage\"},\"image\":{\"@id\":\"https:\\\/\\\/www.lauracosta.com\\\/ca\\\/la-optica-como-elemento-de-la-asesoria-del-rostro-y-de-la-imagen-personal\\\/#primaryimage\"},\"thumbnailUrl\":\"https:\\\/\\\/www.lauracosta.com\\\/wp-content\\\/uploads\\\/2024\\\/11\\\/Monturas-scaled.jpg\",\"datePublished\":\"2014-03-21T08:28:51+00:00\",\"dateModified\":\"2024-11-14T09:55:45+00:00\",\"breadcrumb\":{\"@id\":\"https:\\\/\\\/www.lauracosta.com\\\/ca\\\/la-optica-como-elemento-de-la-asesoria-del-rostro-y-de-la-imagen-personal\\\/#breadcrumb\"},\"inLanguage\":\"ca\",\"potentialAction\":[{\"@type\":\"ReadAction\",\"target\":[\"https:\\\/\\\/www.lauracosta.com\\\/ca\\\/la-optica-como-elemento-de-la-asesoria-del-rostro-y-de-la-imagen-personal\\\/\"]}]},{\"@type\":\"ImageObject\",\"inLanguage\":\"ca\",\"@id\":\"https:\\\/\\\/www.lauracosta.com\\\/ca\\\/la-optica-como-elemento-de-la-asesoria-del-rostro-y-de-la-imagen-personal\\\/#primaryimage\",\"url\":\"https:\\\/\\\/www.lauracosta.com\\\/wp-content\\\/uploads\\\/2024\\\/11\\\/Monturas-scaled.jpg\",\"contentUrl\":\"https:\\\/\\\/www.lauracosta.com\\\/wp-content\\\/uploads\\\/2024\\\/11\\\/Monturas-scaled.jpg\",\"width\":2560,\"height\":1441},{\"@type\":\"BreadcrumbList\",\"@id\":\"https:\\\/\\\/www.lauracosta.com\\\/ca\\\/la-optica-como-elemento-de-la-asesoria-del-rostro-y-de-la-imagen-personal\\\/#breadcrumb\",\"itemListElement\":[{\"@type\":\"ListItem\",\"position\":1,\"name\":\"Portada\",\"item\":\"https:\\\/\\\/www.lauracosta.com\\\/\"},{\"@type\":\"ListItem\",\"position\":2,\"name\":\"La \u00d3ptica, como elemento de la Asesor\u00eda del rostro y de la Imagen Personal\"}]},{\"@type\":\"WebSite\",\"@id\":\"https:\\\/\\\/www.lauracosta.com\\\/#website\",\"url\":\"https:\\\/\\\/www.lauracosta.com\\\/\",\"name\":\"Laura Costa\",\"description\":\"Asesor\u00eda de imagen &amp; Personal Shopper\",\"publisher\":{\"@id\":\"https:\\\/\\\/www.lauracosta.com\\\/#organization\"},\"potentialAction\":[{\"@type\":\"SearchAction\",\"target\":{\"@type\":\"EntryPoint\",\"urlTemplate\":\"https:\\\/\\\/www.lauracosta.com\\\/?s={search_term_string}\"},\"query-input\":{\"@type\":\"PropertyValueSpecification\",\"valueRequired\":true,\"valueName\":\"search_term_string\"}}],\"inLanguage\":\"ca\"},{\"@type\":\"Organization\",\"@id\":\"https:\\\/\\\/www.lauracosta.com\\\/#organization\",\"name\":\"Laura Costa\",\"url\":\"https:\\\/\\\/www.lauracosta.com\\\/\",\"logo\":{\"@type\":\"ImageObject\",\"inLanguage\":\"ca\",\"@id\":\"https:\\\/\\\/www.lauracosta.com\\\/#\\\/schema\\\/logo\\\/image\\\/\",\"url\":\"https:\\\/\\\/www.lauracosta.com\\\/wp-content\\\/uploads\\\/2024\\\/11\\\/laura-costa-imagen-696.jpg\",\"contentUrl\":\"https:\\\/\\\/www.lauracosta.com\\\/wp-content\\\/uploads\\\/2024\\\/11\\\/laura-costa-imagen-696.jpg\",\"width\":696,\"height\":696,\"caption\":\"Laura Costa\"},\"image\":{\"@id\":\"https:\\\/\\\/www.lauracosta.com\\\/#\\\/schema\\\/logo\\\/image\\\/\"}},{\"@type\":\"Person\",\"@id\":\"https:\\\/\\\/www.lauracosta.com\\\/#\\\/schema\\\/person\\\/88a3aa3a762e09aa91cddc385661d3d9\",\"name\":\"factoryfy\",\"image\":{\"@type\":\"ImageObject\",\"inLanguage\":\"ca\",\"@id\":\"https:\\\/\\\/secure.gravatar.com\\\/avatar\\\/f6b08826744ac84b5c5730915ab186e60373c936b9668ce079c076fa428c7725?s=96&d=mm&r=g\",\"url\":\"https:\\\/\\\/secure.gravatar.com\\\/avatar\\\/f6b08826744ac84b5c5730915ab186e60373c936b9668ce079c076fa428c7725?s=96&d=mm&r=g\",\"contentUrl\":\"https:\\\/\\\/secure.gravatar.com\\\/avatar\\\/f6b08826744ac84b5c5730915ab186e60373c936b9668ce079c076fa428c7725?s=96&d=mm&r=g\",\"caption\":\"factoryfy\"},\"sameAs\":[\"https:\\\/\\\/www.lauracosta.com\"]}]}<\/script>\n<!-- \/ Yoast SEO plugin. -->","yoast_head_json":{"title":"La \u00d3ptica, como elemento de la Asesor\u00eda del rostro y de la Imagen Personal - Laura Costa","robots":{"index":"index","follow":"follow","max-snippet":"max-snippet:-1","max-image-preview":"max-image-preview:large","max-video-preview":"max-video-preview:-1"},"canonical":"https:\/\/www.lauracosta.com\/ca\/la-optica-como-elemento-de-la-asesoria-del-rostro-y-de-la-imagen-personal\/","og_locale":"ca_ES","og_type":"article","og_title":"La \u00d3ptica, como elemento de la Asesor\u00eda del rostro y de la Imagen Personal - Laura Costa","og_description":"Cada vegada m\u00e9s l&#8217;\u00f2ptica juga un paper rellevant en la nostra imatge, per\u00f2&#8230; Quina \u00e9s la muntura que \u00a0t&#8217;afavoreix m\u00e9s, i la que reuneix les caracter\u00edstiques perfectes per a tu? Pot servir-nos de compensaci\u00f3 facial, com a captador visual, per dissimular petits defectes o per potenciar una part del nostre rostre. Per\u00f2 no hem d&#8217;oblidar, [&hellip;]","og_url":"https:\/\/www.lauracosta.com\/ca\/la-optica-como-elemento-de-la-asesoria-del-rostro-y-de-la-imagen-personal\/","og_site_name":"Laura Costa","article_published_time":"2014-03-21T08:28:51+00:00","article_modified_time":"2024-11-14T09:55:45+00:00","og_image":[{"width":2560,"height":1441,"url":"https:\/\/www.lauracosta.com\/wp-content\/uploads\/2024\/11\/Monturas-scaled.jpg","type":"image\/jpeg"}],"author":"factoryfy","twitter_card":"summary_large_image","twitter_misc":{"Escrit per":"factoryfy","Temps estimat de lectura":"3 minuts"},"schema":{"@context":"https:\/\/schema.org","@graph":[{"@type":"Article","@id":"https:\/\/www.lauracosta.com\/ca\/la-optica-como-elemento-de-la-asesoria-del-rostro-y-de-la-imagen-personal\/#article","isPartOf":{"@id":"https:\/\/www.lauracosta.com\/ca\/la-optica-como-elemento-de-la-asesoria-del-rostro-y-de-la-imagen-personal\/"},"author":{"name":"factoryfy","@id":"https:\/\/www.lauracosta.com\/#\/schema\/person\/88a3aa3a762e09aa91cddc385661d3d9"},"headline":"La \u00d3ptica, como elemento de la Asesor\u00eda del rostro y de la Imagen Personal","datePublished":"2014-03-21T08:28:51+00:00","dateModified":"2024-11-14T09:55:45+00:00","mainEntityOfPage":{"@id":"https:\/\/www.lauracosta.com\/ca\/la-optica-como-elemento-de-la-asesoria-del-rostro-y-de-la-imagen-personal\/"},"wordCount":580,"publisher":{"@id":"https:\/\/www.lauracosta.com\/#organization"},"image":{"@id":"https:\/\/www.lauracosta.com\/ca\/la-optica-como-elemento-de-la-asesoria-del-rostro-y-de-la-imagen-personal\/#primaryimage"},"thumbnailUrl":"https:\/\/www.lauracosta.com\/wp-content\/uploads\/2024\/11\/Monturas-scaled.jpg","keywords":["Asesor de Imagen","Asesora de imagen","Asesor\u00eda del rostro","barba","cejas","consejos","imagen","imagen personal","peinado","Personal Shopper","visagismo"],"articleSection":["Blog"],"inLanguage":"ca"},{"@type":"WebPage","@id":"https:\/\/www.lauracosta.com\/ca\/la-optica-como-elemento-de-la-asesoria-del-rostro-y-de-la-imagen-personal\/","url":"https:\/\/www.lauracosta.com\/ca\/la-optica-como-elemento-de-la-asesoria-del-rostro-y-de-la-imagen-personal\/","name":"La \u00d3ptica, como elemento de la Asesor\u00eda del rostro y de la Imagen Personal - Laura Costa","isPartOf":{"@id":"https:\/\/www.lauracosta.com\/#website"},"primaryImageOfPage":{"@id":"https:\/\/www.lauracosta.com\/ca\/la-optica-como-elemento-de-la-asesoria-del-rostro-y-de-la-imagen-personal\/#primaryimage"},"image":{"@id":"https:\/\/www.lauracosta.com\/ca\/la-optica-como-elemento-de-la-asesoria-del-rostro-y-de-la-imagen-personal\/#primaryimage"},"thumbnailUrl":"https:\/\/www.lauracosta.com\/wp-content\/uploads\/2024\/11\/Monturas-scaled.jpg","datePublished":"2014-03-21T08:28:51+00:00","dateModified":"2024-11-14T09:55:45+00:00","breadcrumb":{"@id":"https:\/\/www.lauracosta.com\/ca\/la-optica-como-elemento-de-la-asesoria-del-rostro-y-de-la-imagen-personal\/#breadcrumb"},"inLanguage":"ca","potentialAction":[{"@type":"ReadAction","target":["https:\/\/www.lauracosta.com\/ca\/la-optica-como-elemento-de-la-asesoria-del-rostro-y-de-la-imagen-personal\/"]}]},{"@type":"ImageObject","inLanguage":"ca","@id":"https:\/\/www.lauracosta.com\/ca\/la-optica-como-elemento-de-la-asesoria-del-rostro-y-de-la-imagen-personal\/#primaryimage","url":"https:\/\/www.lauracosta.com\/wp-content\/uploads\/2024\/11\/Monturas-scaled.jpg","contentUrl":"https:\/\/www.lauracosta.com\/wp-content\/uploads\/2024\/11\/Monturas-scaled.jpg","width":2560,"height":1441},{"@type":"BreadcrumbList","@id":"https:\/\/www.lauracosta.com\/ca\/la-optica-como-elemento-de-la-asesoria-del-rostro-y-de-la-imagen-personal\/#breadcrumb","itemListElement":[{"@type":"ListItem","position":1,"name":"Portada","item":"https:\/\/www.lauracosta.com\/"},{"@type":"ListItem","position":2,"name":"La \u00d3ptica, como elemento de la Asesor\u00eda del rostro y de la Imagen Personal"}]},{"@type":"WebSite","@id":"https:\/\/www.lauracosta.com\/#website","url":"https:\/\/www.lauracosta.com\/","name":"Laura Costa","description":"Asesor\u00eda de imagen &amp; Personal Shopper","publisher":{"@id":"https:\/\/www.lauracosta.com\/#organization"},"potentialAction":[{"@type":"SearchAction","target":{"@type":"EntryPoint","urlTemplate":"https:\/\/www.lauracosta.com\/?s={search_term_string}"},"query-input":{"@type":"PropertyValueSpecification","valueRequired":true,"valueName":"search_term_string"}}],"inLanguage":"ca"},{"@type":"Organization","@id":"https:\/\/www.lauracosta.com\/#organization","name":"Laura Costa","url":"https:\/\/www.lauracosta.com\/","logo":{"@type":"ImageObject","inLanguage":"ca","@id":"https:\/\/www.lauracosta.com\/#\/schema\/logo\/image\/","url":"https:\/\/www.lauracosta.com\/wp-content\/uploads\/2024\/11\/laura-costa-imagen-696.jpg","contentUrl":"https:\/\/www.lauracosta.com\/wp-content\/uploads\/2024\/11\/laura-costa-imagen-696.jpg","width":696,"height":696,"caption":"Laura Costa"},"image":{"@id":"https:\/\/www.lauracosta.com\/#\/schema\/logo\/image\/"}},{"@type":"Person","@id":"https:\/\/www.lauracosta.com\/#\/schema\/person\/88a3aa3a762e09aa91cddc385661d3d9","name":"factoryfy","image":{"@type":"ImageObject","inLanguage":"ca","@id":"https:\/\/secure.gravatar.com\/avatar\/f6b08826744ac84b5c5730915ab186e60373c936b9668ce079c076fa428c7725?s=96&d=mm&r=g","url":"https:\/\/secure.gravatar.com\/avatar\/f6b08826744ac84b5c5730915ab186e60373c936b9668ce079c076fa428c7725?s=96&d=mm&r=g","contentUrl":"https:\/\/secure.gravatar.com\/avatar\/f6b08826744ac84b5c5730915ab186e60373c936b9668ce079c076fa428c7725?s=96&d=mm&r=g","caption":"factoryfy"},"sameAs":["https:\/\/www.lauracosta.com"]}]}},"_links":{"self":[{"href":"https:\/\/www.lauracosta.com\/ca\/wp-json\/wp\/v2\/posts\/4818","targetHints":{"allow":["GET"]}}],"collection":[{"href":"https:\/\/www.lauracosta.com\/ca\/wp-json\/wp\/v2\/posts"}],"about":[{"href":"https:\/\/www.lauracosta.com\/ca\/wp-json\/wp\/v2\/types\/post"}],"author":[{"embeddable":true,"href":"https:\/\/www.lauracosta.com\/ca\/wp-json\/wp\/v2\/users\/1"}],"replies":[{"embeddable":true,"href":"https:\/\/www.lauracosta.com\/ca\/wp-json\/wp\/v2\/comments?post=4818"}],"version-history":[{"count":1,"href":"https:\/\/www.lauracosta.com\/ca\/wp-json\/wp\/v2\/posts\/4818\/revisions"}],"predecessor-version":[{"id":4819,"href":"https:\/\/www.lauracosta.com\/ca\/wp-json\/wp\/v2\/posts\/4818\/revisions\/4819"}],"wp:featuredmedia":[{"embeddable":true,"href":"https:\/\/www.lauracosta.com\/ca\/wp-json\/wp\/v2\/media\/3164"}],"wp:attachment":[{"href":"https:\/\/www.lauracosta.com\/ca\/wp-json\/wp\/v2\/media?parent=4818"}],"wp:term":[{"taxonomy":"category","embeddable":true,"href":"https:\/\/www.lauracosta.com\/ca\/wp-json\/wp\/v2\/categories?post=4818"},{"taxonomy":"post_tag","embeddable":true,"href":"https:\/\/www.lauracosta.com\/ca\/wp-json\/wp\/v2\/tags?post=4818"}],"curies":[{"name":"wp","href":"https:\/\/api.w.org\/{rel}","templated":true}]}}