{"id":4821,"date":"2014-03-10T16:12:35","date_gmt":"2014-03-10T15:12:35","guid":{"rendered":"https:\/\/www.lauracosta.com\/potencia-personal-branding-empezando-imagen\/"},"modified":"2016-07-26T15:53:05","modified_gmt":"2016-07-26T13:53:05","slug":"potencia-tu-personal-branding-empezando-por-tu-imagen","status":"publish","type":"post","link":"https:\/\/www.lauracosta.com\/ca\/potencia-tu-personal-branding-empezando-por-tu-imagen\/","title":{"rendered":"Potencia tu Personal Branding, empezando por tu imagen"},"content":{"rendered":"<p>-Ets emprenedor i tens la teva pr\u00f2pia empresa?<\/p>\n<p>-Els productes que ofereixes s\u00f3n els teus serveis?<\/p>\n<p>-Creus que la teva image comunica el que realment vols i ets?<\/p>\n<p>-Et vesteixes\u00a0igual quan vas a visitar un client, a una reuni\u00f3 d&#8217;inversors o quan imparteixes una formaci\u00f3?<\/p>\n<div>T\u00da, ets la TEVA empresa, la TEVA marca i el TEU propi producte.<\/div>\n<p>En aquest cas i m\u00e9s que mai, \u00a0\u00e9s important \u00a0potenciar el teu Personal Branding. Aix\u00f2 significa analitzar b\u00e9 la teva imatge externa, el que transmets amb ella, harmonitzar-la de cara a aconseguir els teus objectius, diferenciante dels altres, creant un estil propi que projecti l&#8217;es\u00e8ncia de la teva empresa.<\/p>\n<p>La teva marca personal, la teva imatge, comunica la manera en com et mostres al m\u00f3n, el qu\u00e8 fas i com ho fas.<\/p>\n<p>-No perdis l&#8217;oportunitat de potenciar-la!!!<\/p>\n<p><strong>Si ets aut\u00f2nom, emprenedor o empresari, del 10 al 24 de mar\u00e7 tens un descompte del 10% en TOTS els serveis d&#8217;imatge.<\/strong><\/p>\n<p>Consulta els nostres serveis a:<\/p>\n<p><a title=\"Serveis d'imatge personal\" href=\"\/ca\/serveis-personals\/\">Serveis d&#8217;imatge personal<\/a><\/p>\n<p><a title=\"Serveis d'assessoria d'imatge\" href=\"https:\/\/www.lauracosta.com\/servicios\/\" target=\"_blank\" rel=\"noopener noreferrer\">\u00a0<\/a><\/p>\n","protected":false},"excerpt":{"rendered":"<p>-Ets emprenedor i tens la teva pr\u00f2pia empresa? -Els productes que ofereixes s\u00f3n els teus serveis? -Creus que la teva image comunica el que realment vols i ets? -Et vesteixes\u00a0igual quan vas a visitar un client, a una reuni\u00f3 d&#8217;inversors o quan imparteixes una formaci\u00f3? T\u00da, ets la TEVA empresa, la TEVA marca i el [&hellip;]<\/p>\n","protected":false},"author":1,"featured_media":3131,"comment_status":"closed","ping_status":"closed","sticky":false,"template":"","format":"standard","meta":{"_joinchat":[],"footnotes":""},"categories":[54],"tags":[61,204,205,206,45,207,78],"class_list":["post-4821","post","type-post","status-publish","format-standard","has-post-thumbnail","hentry","category-promocio","tag-asesoria-de-imagen","tag-autonomo","tag-emprendedor","tag-empresario","tag-indumentaria","tag-personal-branding","tag-personal-shopper"],"yoast_head":"<!-- This site is optimized with the Yoast SEO plugin v27.5 - https:\/\/yoast.com\/product\/yoast-seo-wordpress\/ -->\n<title>Potencia tu Personal Branding, empezando por tu imagen - Laura Costa<\/title>\n<meta name=\"robots\" content=\"index, follow, max-snippet:-1, max-image-preview:large, max-video-preview:-1\" \/>\n<link rel=\"canonical\" href=\"https:\/\/www.lauracosta.com\/ca\/potencia-personal-branding-empezando-imagen\/\" \/>\n<meta property=\"og:locale\" content=\"ca_ES\" \/>\n<meta property=\"og:type\" content=\"article\" \/>\n<meta property=\"og:title\" content=\"Potencia tu Personal Branding, empezando por tu imagen - Laura Costa\" \/>\n<meta property=\"og:description\" content=\"-Ets emprenedor i tens la teva pr\u00f2pia empresa? -Els productes que ofereixes s\u00f3n els teus serveis? -Creus que la teva image comunica el que realment vols i ets? -Et vesteixes\u00a0igual quan vas a visitar un client, a una reuni\u00f3 d&#8217;inversors o quan imparteixes una formaci\u00f3? T\u00da, ets la TEVA empresa, la TEVA marca i el [&hellip;]\" \/>\n<meta property=\"og:url\" content=\"https:\/\/www.lauracosta.com\/ca\/potencia-personal-branding-empezando-imagen\/\" \/>\n<meta property=\"og:site_name\" content=\"Laura Costa\" \/>\n<meta property=\"article:published_time\" content=\"2014-03-10T15:12:35+00:00\" \/>\n<meta property=\"article:modified_time\" content=\"2016-07-26T13:53:05+00:00\" \/>\n<meta property=\"og:image\" content=\"https:\/\/www.lauracosta.com\/wp-content\/uploads\/2024\/11\/What-Is-Your-Personal-Brand.jpg\" \/>\n\t<meta property=\"og:image:width\" content=\"627\" \/>\n\t<meta property=\"og:image:height\" content=\"330\" \/>\n\t<meta property=\"og:image:type\" content=\"image\/jpeg\" \/>\n<meta name=\"author\" content=\"factoryfy\" \/>\n<meta name=\"twitter:card\" content=\"summary_large_image\" \/>\n<meta name=\"twitter:label1\" content=\"Escrit per\" \/>\n\t<meta name=\"twitter:data1\" content=\"factoryfy\" \/>\n\t<meta name=\"twitter:label2\" content=\"Temps estimat de lectura\" \/>\n\t<meta name=\"twitter:data2\" content=\"1 minut\" \/>\n<script type=\"application\/ld+json\" class=\"yoast-schema-graph\">{\"@context\":\"https:\\\/\\\/schema.org\",\"@graph\":[{\"@type\":\"Article\",\"@id\":\"https:\\\/\\\/www.lauracosta.com\\\/ca\\\/potencia-personal-branding-empezando-imagen\\\/#article\",\"isPartOf\":{\"@id\":\"https:\\\/\\\/www.lauracosta.com\\\/ca\\\/potencia-personal-branding-empezando-imagen\\\/\"},\"author\":{\"name\":\"factoryfy\",\"@id\":\"https:\\\/\\\/www.lauracosta.com\\\/#\\\/schema\\\/person\\\/88a3aa3a762e09aa91cddc385661d3d9\"},\"headline\":\"Potencia tu Personal Branding, empezando por tu imagen\",\"datePublished\":\"2014-03-10T15:12:35+00:00\",\"dateModified\":\"2016-07-26T13:53:05+00:00\",\"mainEntityOfPage\":{\"@id\":\"https:\\\/\\\/www.lauracosta.com\\\/ca\\\/potencia-personal-branding-empezando-imagen\\\/\"},\"wordCount\":182,\"publisher\":{\"@id\":\"https:\\\/\\\/www.lauracosta.com\\\/#organization\"},\"image\":{\"@id\":\"https:\\\/\\\/www.lauracosta.com\\\/ca\\\/potencia-personal-branding-empezando-imagen\\\/#primaryimage\"},\"thumbnailUrl\":\"https:\\\/\\\/www.lauracosta.com\\\/wp-content\\\/uploads\\\/2024\\\/11\\\/What-Is-Your-Personal-Brand.jpg\",\"keywords\":[\"Asesor\u00eda de imagen\",\"aut\u00f3nomo\",\"emprendedor\",\"empresario\",\"indumentaria\",\"personal branding\",\"Personal Shopper\"],\"articleSection\":[\"Promocio\"],\"inLanguage\":\"ca\"},{\"@type\":\"WebPage\",\"@id\":\"https:\\\/\\\/www.lauracosta.com\\\/ca\\\/potencia-personal-branding-empezando-imagen\\\/\",\"url\":\"https:\\\/\\\/www.lauracosta.com\\\/ca\\\/potencia-personal-branding-empezando-imagen\\\/\",\"name\":\"Potencia tu Personal Branding, empezando por tu imagen - Laura Costa\",\"isPartOf\":{\"@id\":\"https:\\\/\\\/www.lauracosta.com\\\/#website\"},\"primaryImageOfPage\":{\"@id\":\"https:\\\/\\\/www.lauracosta.com\\\/ca\\\/potencia-personal-branding-empezando-imagen\\\/#primaryimage\"},\"image\":{\"@id\":\"https:\\\/\\\/www.lauracosta.com\\\/ca\\\/potencia-personal-branding-empezando-imagen\\\/#primaryimage\"},\"thumbnailUrl\":\"https:\\\/\\\/www.lauracosta.com\\\/wp-content\\\/uploads\\\/2024\\\/11\\\/What-Is-Your-Personal-Brand.jpg\",\"datePublished\":\"2014-03-10T15:12:35+00:00\",\"dateModified\":\"2016-07-26T13:53:05+00:00\",\"breadcrumb\":{\"@id\":\"https:\\\/\\\/www.lauracosta.com\\\/ca\\\/potencia-personal-branding-empezando-imagen\\\/#breadcrumb\"},\"inLanguage\":\"ca\",\"potentialAction\":[{\"@type\":\"ReadAction\",\"target\":[\"https:\\\/\\\/www.lauracosta.com\\\/ca\\\/potencia-personal-branding-empezando-imagen\\\/\"]}]},{\"@type\":\"ImageObject\",\"inLanguage\":\"ca\",\"@id\":\"https:\\\/\\\/www.lauracosta.com\\\/ca\\\/potencia-personal-branding-empezando-imagen\\\/#primaryimage\",\"url\":\"https:\\\/\\\/www.lauracosta.com\\\/wp-content\\\/uploads\\\/2024\\\/11\\\/What-Is-Your-Personal-Brand.jpg\",\"contentUrl\":\"https:\\\/\\\/www.lauracosta.com\\\/wp-content\\\/uploads\\\/2024\\\/11\\\/What-Is-Your-Personal-Brand.jpg\",\"width\":627,\"height\":330},{\"@type\":\"BreadcrumbList\",\"@id\":\"https:\\\/\\\/www.lauracosta.com\\\/ca\\\/potencia-personal-branding-empezando-imagen\\\/#breadcrumb\",\"itemListElement\":[{\"@type\":\"ListItem\",\"position\":1,\"name\":\"Portada\",\"item\":\"https:\\\/\\\/www.lauracosta.com\\\/\"},{\"@type\":\"ListItem\",\"position\":2,\"name\":\"Potencia tu Personal Branding, empezando por tu imagen\"}]},{\"@type\":\"WebSite\",\"@id\":\"https:\\\/\\\/www.lauracosta.com\\\/#website\",\"url\":\"https:\\\/\\\/www.lauracosta.com\\\/\",\"name\":\"Laura Costa\",\"description\":\"Asesor\u00eda de imagen &amp; Personal Shopper\",\"publisher\":{\"@id\":\"https:\\\/\\\/www.lauracosta.com\\\/#organization\"},\"potentialAction\":[{\"@type\":\"SearchAction\",\"target\":{\"@type\":\"EntryPoint\",\"urlTemplate\":\"https:\\\/\\\/www.lauracosta.com\\\/?s={search_term_string}\"},\"query-input\":{\"@type\":\"PropertyValueSpecification\",\"valueRequired\":true,\"valueName\":\"search_term_string\"}}],\"inLanguage\":\"ca\"},{\"@type\":\"Organization\",\"@id\":\"https:\\\/\\\/www.lauracosta.com\\\/#organization\",\"name\":\"Laura Costa\",\"url\":\"https:\\\/\\\/www.lauracosta.com\\\/\",\"logo\":{\"@type\":\"ImageObject\",\"inLanguage\":\"ca\",\"@id\":\"https:\\\/\\\/www.lauracosta.com\\\/#\\\/schema\\\/logo\\\/image\\\/\",\"url\":\"https:\\\/\\\/www.lauracosta.com\\\/wp-content\\\/uploads\\\/2024\\\/11\\\/laura-costa-imagen-696.jpg\",\"contentUrl\":\"https:\\\/\\\/www.lauracosta.com\\\/wp-content\\\/uploads\\\/2024\\\/11\\\/laura-costa-imagen-696.jpg\",\"width\":696,\"height\":696,\"caption\":\"Laura Costa\"},\"image\":{\"@id\":\"https:\\\/\\\/www.lauracosta.com\\\/#\\\/schema\\\/logo\\\/image\\\/\"}},{\"@type\":\"Person\",\"@id\":\"https:\\\/\\\/www.lauracosta.com\\\/#\\\/schema\\\/person\\\/88a3aa3a762e09aa91cddc385661d3d9\",\"name\":\"factoryfy\",\"image\":{\"@type\":\"ImageObject\",\"inLanguage\":\"ca\",\"@id\":\"https:\\\/\\\/secure.gravatar.com\\\/avatar\\\/f6b08826744ac84b5c5730915ab186e60373c936b9668ce079c076fa428c7725?s=96&d=mm&r=g\",\"url\":\"https:\\\/\\\/secure.gravatar.com\\\/avatar\\\/f6b08826744ac84b5c5730915ab186e60373c936b9668ce079c076fa428c7725?s=96&d=mm&r=g\",\"contentUrl\":\"https:\\\/\\\/secure.gravatar.com\\\/avatar\\\/f6b08826744ac84b5c5730915ab186e60373c936b9668ce079c076fa428c7725?s=96&d=mm&r=g\",\"caption\":\"factoryfy\"},\"sameAs\":[\"https:\\\/\\\/www.lauracosta.com\"]}]}<\/script>\n<!-- \/ Yoast SEO plugin. -->","yoast_head_json":{"title":"Potencia tu Personal Branding, empezando por tu imagen - Laura Costa","robots":{"index":"index","follow":"follow","max-snippet":"max-snippet:-1","max-image-preview":"max-image-preview:large","max-video-preview":"max-video-preview:-1"},"canonical":"https:\/\/www.lauracosta.com\/ca\/potencia-personal-branding-empezando-imagen\/","og_locale":"ca_ES","og_type":"article","og_title":"Potencia tu Personal Branding, empezando por tu imagen - Laura Costa","og_description":"-Ets emprenedor i tens la teva pr\u00f2pia empresa? -Els productes que ofereixes s\u00f3n els teus serveis? -Creus que la teva image comunica el que realment vols i ets? -Et vesteixes\u00a0igual quan vas a visitar un client, a una reuni\u00f3 d&#8217;inversors o quan imparteixes una formaci\u00f3? T\u00da, ets la TEVA empresa, la TEVA marca i el [&hellip;]","og_url":"https:\/\/www.lauracosta.com\/ca\/potencia-personal-branding-empezando-imagen\/","og_site_name":"Laura Costa","article_published_time":"2014-03-10T15:12:35+00:00","article_modified_time":"2016-07-26T13:53:05+00:00","og_image":[{"width":627,"height":330,"url":"https:\/\/www.lauracosta.com\/wp-content\/uploads\/2024\/11\/What-Is-Your-Personal-Brand.jpg","type":"image\/jpeg"}],"author":"factoryfy","twitter_card":"summary_large_image","twitter_misc":{"Escrit per":"factoryfy","Temps estimat de lectura":"1 minut"},"schema":{"@context":"https:\/\/schema.org","@graph":[{"@type":"Article","@id":"https:\/\/www.lauracosta.com\/ca\/potencia-personal-branding-empezando-imagen\/#article","isPartOf":{"@id":"https:\/\/www.lauracosta.com\/ca\/potencia-personal-branding-empezando-imagen\/"},"author":{"name":"factoryfy","@id":"https:\/\/www.lauracosta.com\/#\/schema\/person\/88a3aa3a762e09aa91cddc385661d3d9"},"headline":"Potencia tu Personal Branding, empezando por tu imagen","datePublished":"2014-03-10T15:12:35+00:00","dateModified":"2016-07-26T13:53:05+00:00","mainEntityOfPage":{"@id":"https:\/\/www.lauracosta.com\/ca\/potencia-personal-branding-empezando-imagen\/"},"wordCount":182,"publisher":{"@id":"https:\/\/www.lauracosta.com\/#organization"},"image":{"@id":"https:\/\/www.lauracosta.com\/ca\/potencia-personal-branding-empezando-imagen\/#primaryimage"},"thumbnailUrl":"https:\/\/www.lauracosta.com\/wp-content\/uploads\/2024\/11\/What-Is-Your-Personal-Brand.jpg","keywords":["Asesor\u00eda de imagen","aut\u00f3nomo","emprendedor","empresario","indumentaria","personal branding","Personal Shopper"],"articleSection":["Promocio"],"inLanguage":"ca"},{"@type":"WebPage","@id":"https:\/\/www.lauracosta.com\/ca\/potencia-personal-branding-empezando-imagen\/","url":"https:\/\/www.lauracosta.com\/ca\/potencia-personal-branding-empezando-imagen\/","name":"Potencia tu Personal Branding, empezando por tu imagen - Laura Costa","isPartOf":{"@id":"https:\/\/www.lauracosta.com\/#website"},"primaryImageOfPage":{"@id":"https:\/\/www.lauracosta.com\/ca\/potencia-personal-branding-empezando-imagen\/#primaryimage"},"image":{"@id":"https:\/\/www.lauracosta.com\/ca\/potencia-personal-branding-empezando-imagen\/#primaryimage"},"thumbnailUrl":"https:\/\/www.lauracosta.com\/wp-content\/uploads\/2024\/11\/What-Is-Your-Personal-Brand.jpg","datePublished":"2014-03-10T15:12:35+00:00","dateModified":"2016-07-26T13:53:05+00:00","breadcrumb":{"@id":"https:\/\/www.lauracosta.com\/ca\/potencia-personal-branding-empezando-imagen\/#breadcrumb"},"inLanguage":"ca","potentialAction":[{"@type":"ReadAction","target":["https:\/\/www.lauracosta.com\/ca\/potencia-personal-branding-empezando-imagen\/"]}]},{"@type":"ImageObject","inLanguage":"ca","@id":"https:\/\/www.lauracosta.com\/ca\/potencia-personal-branding-empezando-imagen\/#primaryimage","url":"https:\/\/www.lauracosta.com\/wp-content\/uploads\/2024\/11\/What-Is-Your-Personal-Brand.jpg","contentUrl":"https:\/\/www.lauracosta.com\/wp-content\/uploads\/2024\/11\/What-Is-Your-Personal-Brand.jpg","width":627,"height":330},{"@type":"BreadcrumbList","@id":"https:\/\/www.lauracosta.com\/ca\/potencia-personal-branding-empezando-imagen\/#breadcrumb","itemListElement":[{"@type":"ListItem","position":1,"name":"Portada","item":"https:\/\/www.lauracosta.com\/"},{"@type":"ListItem","position":2,"name":"Potencia tu Personal Branding, empezando por tu imagen"}]},{"@type":"WebSite","@id":"https:\/\/www.lauracosta.com\/#website","url":"https:\/\/www.lauracosta.com\/","name":"Laura Costa","description":"Asesor\u00eda de imagen &amp; Personal Shopper","publisher":{"@id":"https:\/\/www.lauracosta.com\/#organization"},"potentialAction":[{"@type":"SearchAction","target":{"@type":"EntryPoint","urlTemplate":"https:\/\/www.lauracosta.com\/?s={search_term_string}"},"query-input":{"@type":"PropertyValueSpecification","valueRequired":true,"valueName":"search_term_string"}}],"inLanguage":"ca"},{"@type":"Organization","@id":"https:\/\/www.lauracosta.com\/#organization","name":"Laura Costa","url":"https:\/\/www.lauracosta.com\/","logo":{"@type":"ImageObject","inLanguage":"ca","@id":"https:\/\/www.lauracosta.com\/#\/schema\/logo\/image\/","url":"https:\/\/www.lauracosta.com\/wp-content\/uploads\/2024\/11\/laura-costa-imagen-696.jpg","contentUrl":"https:\/\/www.lauracosta.com\/wp-content\/uploads\/2024\/11\/laura-costa-imagen-696.jpg","width":696,"height":696,"caption":"Laura Costa"},"image":{"@id":"https:\/\/www.lauracosta.com\/#\/schema\/logo\/image\/"}},{"@type":"Person","@id":"https:\/\/www.lauracosta.com\/#\/schema\/person\/88a3aa3a762e09aa91cddc385661d3d9","name":"factoryfy","image":{"@type":"ImageObject","inLanguage":"ca","@id":"https:\/\/secure.gravatar.com\/avatar\/f6b08826744ac84b5c5730915ab186e60373c936b9668ce079c076fa428c7725?s=96&d=mm&r=g","url":"https:\/\/secure.gravatar.com\/avatar\/f6b08826744ac84b5c5730915ab186e60373c936b9668ce079c076fa428c7725?s=96&d=mm&r=g","contentUrl":"https:\/\/secure.gravatar.com\/avatar\/f6b08826744ac84b5c5730915ab186e60373c936b9668ce079c076fa428c7725?s=96&d=mm&r=g","caption":"factoryfy"},"sameAs":["https:\/\/www.lauracosta.com"]}]}},"_links":{"self":[{"href":"https:\/\/www.lauracosta.com\/ca\/wp-json\/wp\/v2\/posts\/4821","targetHints":{"allow":["GET"]}}],"collection":[{"href":"https:\/\/www.lauracosta.com\/ca\/wp-json\/wp\/v2\/posts"}],"about":[{"href":"https:\/\/www.lauracosta.com\/ca\/wp-json\/wp\/v2\/types\/post"}],"author":[{"embeddable":true,"href":"https:\/\/www.lauracosta.com\/ca\/wp-json\/wp\/v2\/users\/1"}],"replies":[{"embeddable":true,"href":"https:\/\/www.lauracosta.com\/ca\/wp-json\/wp\/v2\/comments?post=4821"}],"version-history":[{"count":0,"href":"https:\/\/www.lauracosta.com\/ca\/wp-json\/wp\/v2\/posts\/4821\/revisions"}],"wp:featuredmedia":[{"embeddable":true,"href":"https:\/\/www.lauracosta.com\/ca\/wp-json\/wp\/v2\/media\/3131"}],"wp:attachment":[{"href":"https:\/\/www.lauracosta.com\/ca\/wp-json\/wp\/v2\/media?parent=4821"}],"wp:term":[{"taxonomy":"category","embeddable":true,"href":"https:\/\/www.lauracosta.com\/ca\/wp-json\/wp\/v2\/categories?post=4821"},{"taxonomy":"post_tag","embeddable":true,"href":"https:\/\/www.lauracosta.com\/ca\/wp-json\/wp\/v2\/tags?post=4821"}],"curies":[{"name":"wp","href":"https:\/\/api.w.org\/{rel}","templated":true}]}}