{"id":4829,"date":"2014-02-12T15:28:28","date_gmt":"2014-02-12T14:28:28","guid":{"rendered":"https:\/\/www.lauracosta.com\/el-fondo-de-armario-los-tres-fallos-mas-comunes\/"},"modified":"2014-02-12T15:28:28","modified_gmt":"2014-02-12T14:28:28","slug":"el-fondo-de-armario-los-tres-fallos-mas-comunes","status":"publish","type":"post","link":"https:\/\/www.lauracosta.com\/ca\/el-fondo-de-armario-los-tres-fallos-mas-comunes\/","title":{"rendered":"EL FONDO DE ARMARIO, los tres fallos m\u00e1s comunes"},"content":{"rendered":"<p>De tots els armaris que vaig visitant per realitzar l&#8217;estudi de fons d&#8217;armari, em trobo amb tres fallades o errors molt comuns.<\/p>\n<p>Aqu\u00ed us els apunto, perqu\u00e8 els pugueu evitar i posar atenci\u00f3 quan realitzeu les vostres compres:<\/p>\n<p>TALLES<\/p>\n<p>Un error molt com\u00fa \u00e9s comprar peces en una talla m\u00e9s gran a la que correspondria.<\/p>\n<p>Potser al emprovar ens sentim m\u00e9s c\u00f2modes vestint m\u00e9s amples, per\u00f2 hem de tenir present que al portar peces m\u00e9s grans, estem ocultant la forma del nostre cos, i molts cops aix\u00f2 no \u00e9s la millor opci\u00f3.<\/p>\n<p>LA FORMA DE LES PECES<\/p>\n<p>Un altre fallada comuna, \u00e9s comprar peces en formes que no ens afavoreixen.<\/p>\n<p>\u00c9s molt important observar com s\u00f3n les peces, els detalls que tenen, on estan els volums i si realment compensen la forma de la nostre silueta.<\/p>\n<p>COLORS<\/p>\n<p>El color \u00e9s una eina primordial, utilitzar-la o no, nom\u00e9s dep\u00e8n de vosaltres.<\/p>\n<p>Quants armaris he visitat on predomina el negre, el blanc i altres colors neutres?<\/p>\n<p>Nou de cada deu, potser?<\/p>\n<p>\u00c9s fonamental utilitzar el color, per embellir la nostra imatge.<\/p>\n<p>Ja sabeu: observar i valorar, per encertar<\/p>\n<p>La clau de l&#8217;\u00e8xit en les vostres compres i en conseguir un fons d&#8217;armari perfecte!<\/p>\n","protected":false},"excerpt":{"rendered":"<p>De tots els armaris que vaig visitant per realitzar l&#8217;estudi de fons d&#8217;armari, em trobo amb tres fallades o errors molt comuns. Aqu\u00ed us els apunto, perqu\u00e8 els pugueu evitar i posar atenci\u00f3 quan realitzeu les vostres compres: TALLES Un error molt com\u00fa \u00e9s comprar peces en una talla m\u00e9s gran a la que correspondria. [&hellip;]<\/p>\n","protected":false},"author":1,"featured_media":2813,"comment_status":"closed","ping_status":"closed","sticky":false,"template":"","format":"standard","meta":{"_joinchat":[],"footnotes":""},"categories":[48],"tags":[76,95,96,97,98],"class_list":["post-4829","post","type-post","status-publish","format-standard","has-post-thumbnail","hentry","category-blog-ca","tag-asesora-de-imagen","tag-color","tag-fondo-de-armario","tag-formas","tag-tallas"],"yoast_head":"<!-- This site is optimized with the Yoast SEO plugin v27.5 - https:\/\/yoast.com\/product\/yoast-seo-wordpress\/ -->\n<title>EL FONDO DE ARMARIO, los tres fallos m\u00e1s comunes - Laura Costa<\/title>\n<meta name=\"robots\" content=\"index, follow, max-snippet:-1, max-image-preview:large, max-video-preview:-1\" \/>\n<link rel=\"canonical\" href=\"https:\/\/www.lauracosta.com\/ca\/el-fondo-de-armario-los-tres-fallos-mas-comunes\/\" \/>\n<meta property=\"og:locale\" content=\"ca_ES\" \/>\n<meta property=\"og:type\" content=\"article\" \/>\n<meta property=\"og:title\" content=\"EL FONDO DE ARMARIO, los tres fallos m\u00e1s comunes - Laura Costa\" \/>\n<meta property=\"og:description\" content=\"De tots els armaris que vaig visitant per realitzar l&#8217;estudi de fons d&#8217;armari, em trobo amb tres fallades o errors molt comuns. Aqu\u00ed us els apunto, perqu\u00e8 els pugueu evitar i posar atenci\u00f3 quan realitzeu les vostres compres: TALLES Un error molt com\u00fa \u00e9s comprar peces en una talla m\u00e9s gran a la que correspondria. [&hellip;]\" \/>\n<meta property=\"og:url\" content=\"https:\/\/www.lauracosta.com\/ca\/el-fondo-de-armario-los-tres-fallos-mas-comunes\/\" \/>\n<meta property=\"og:site_name\" content=\"Laura Costa\" \/>\n<meta property=\"article:published_time\" content=\"2014-02-12T14:28:28+00:00\" \/>\n<meta property=\"og:image\" content=\"https:\/\/www.lauracosta.com\/wp-content\/uploads\/2024\/11\/FONDO-DE-ARMARIO2.jpg\" \/>\n\t<meta property=\"og:image:width\" content=\"980\" \/>\n\t<meta property=\"og:image:height\" content=\"400\" \/>\n\t<meta property=\"og:image:type\" content=\"image\/jpeg\" \/>\n<meta name=\"author\" content=\"factoryfy\" \/>\n<meta name=\"twitter:card\" content=\"summary_large_image\" \/>\n<meta name=\"twitter:label1\" content=\"Escrit per\" \/>\n\t<meta name=\"twitter:data1\" content=\"factoryfy\" \/>\n\t<meta name=\"twitter:label2\" content=\"Temps estimat de lectura\" \/>\n\t<meta name=\"twitter:data2\" content=\"1 minut\" \/>\n<script type=\"application\/ld+json\" class=\"yoast-schema-graph\">{\"@context\":\"https:\\\/\\\/schema.org\",\"@graph\":[{\"@type\":\"Article\",\"@id\":\"https:\\\/\\\/www.lauracosta.com\\\/ca\\\/el-fondo-de-armario-los-tres-fallos-mas-comunes\\\/#article\",\"isPartOf\":{\"@id\":\"https:\\\/\\\/www.lauracosta.com\\\/ca\\\/el-fondo-de-armario-los-tres-fallos-mas-comunes\\\/\"},\"author\":{\"name\":\"factoryfy\",\"@id\":\"https:\\\/\\\/www.lauracosta.com\\\/#\\\/schema\\\/person\\\/88a3aa3a762e09aa91cddc385661d3d9\"},\"headline\":\"EL FONDO DE ARMARIO, los tres fallos m\u00e1s comunes\",\"datePublished\":\"2014-02-12T14:28:28+00:00\",\"mainEntityOfPage\":{\"@id\":\"https:\\\/\\\/www.lauracosta.com\\\/ca\\\/el-fondo-de-armario-los-tres-fallos-mas-comunes\\\/\"},\"wordCount\":223,\"publisher\":{\"@id\":\"https:\\\/\\\/www.lauracosta.com\\\/#organization\"},\"image\":{\"@id\":\"https:\\\/\\\/www.lauracosta.com\\\/ca\\\/el-fondo-de-armario-los-tres-fallos-mas-comunes\\\/#primaryimage\"},\"thumbnailUrl\":\"https:\\\/\\\/www.lauracosta.com\\\/wp-content\\\/uploads\\\/2024\\\/11\\\/FONDO-DE-ARMARIO2.jpg\",\"keywords\":[\"Asesora de imagen\",\"color\",\"fondo de armario\",\"formas\",\"tallas\"],\"articleSection\":[\"Blog\"],\"inLanguage\":\"ca\"},{\"@type\":\"WebPage\",\"@id\":\"https:\\\/\\\/www.lauracosta.com\\\/ca\\\/el-fondo-de-armario-los-tres-fallos-mas-comunes\\\/\",\"url\":\"https:\\\/\\\/www.lauracosta.com\\\/ca\\\/el-fondo-de-armario-los-tres-fallos-mas-comunes\\\/\",\"name\":\"EL FONDO DE ARMARIO, los tres fallos m\u00e1s comunes - Laura Costa\",\"isPartOf\":{\"@id\":\"https:\\\/\\\/www.lauracosta.com\\\/#website\"},\"primaryImageOfPage\":{\"@id\":\"https:\\\/\\\/www.lauracosta.com\\\/ca\\\/el-fondo-de-armario-los-tres-fallos-mas-comunes\\\/#primaryimage\"},\"image\":{\"@id\":\"https:\\\/\\\/www.lauracosta.com\\\/ca\\\/el-fondo-de-armario-los-tres-fallos-mas-comunes\\\/#primaryimage\"},\"thumbnailUrl\":\"https:\\\/\\\/www.lauracosta.com\\\/wp-content\\\/uploads\\\/2024\\\/11\\\/FONDO-DE-ARMARIO2.jpg\",\"datePublished\":\"2014-02-12T14:28:28+00:00\",\"breadcrumb\":{\"@id\":\"https:\\\/\\\/www.lauracosta.com\\\/ca\\\/el-fondo-de-armario-los-tres-fallos-mas-comunes\\\/#breadcrumb\"},\"inLanguage\":\"ca\",\"potentialAction\":[{\"@type\":\"ReadAction\",\"target\":[\"https:\\\/\\\/www.lauracosta.com\\\/ca\\\/el-fondo-de-armario-los-tres-fallos-mas-comunes\\\/\"]}]},{\"@type\":\"ImageObject\",\"inLanguage\":\"ca\",\"@id\":\"https:\\\/\\\/www.lauracosta.com\\\/ca\\\/el-fondo-de-armario-los-tres-fallos-mas-comunes\\\/#primaryimage\",\"url\":\"https:\\\/\\\/www.lauracosta.com\\\/wp-content\\\/uploads\\\/2024\\\/11\\\/FONDO-DE-ARMARIO2.jpg\",\"contentUrl\":\"https:\\\/\\\/www.lauracosta.com\\\/wp-content\\\/uploads\\\/2024\\\/11\\\/FONDO-DE-ARMARIO2.jpg\",\"width\":980,\"height\":400},{\"@type\":\"BreadcrumbList\",\"@id\":\"https:\\\/\\\/www.lauracosta.com\\\/ca\\\/el-fondo-de-armario-los-tres-fallos-mas-comunes\\\/#breadcrumb\",\"itemListElement\":[{\"@type\":\"ListItem\",\"position\":1,\"name\":\"Portada\",\"item\":\"https:\\\/\\\/www.lauracosta.com\\\/\"},{\"@type\":\"ListItem\",\"position\":2,\"name\":\"EL FONDO DE ARMARIO, los tres fallos m\u00e1s comunes\"}]},{\"@type\":\"WebSite\",\"@id\":\"https:\\\/\\\/www.lauracosta.com\\\/#website\",\"url\":\"https:\\\/\\\/www.lauracosta.com\\\/\",\"name\":\"Laura Costa\",\"description\":\"Asesor\u00eda de imagen &amp; Personal Shopper\",\"publisher\":{\"@id\":\"https:\\\/\\\/www.lauracosta.com\\\/#organization\"},\"potentialAction\":[{\"@type\":\"SearchAction\",\"target\":{\"@type\":\"EntryPoint\",\"urlTemplate\":\"https:\\\/\\\/www.lauracosta.com\\\/?s={search_term_string}\"},\"query-input\":{\"@type\":\"PropertyValueSpecification\",\"valueRequired\":true,\"valueName\":\"search_term_string\"}}],\"inLanguage\":\"ca\"},{\"@type\":\"Organization\",\"@id\":\"https:\\\/\\\/www.lauracosta.com\\\/#organization\",\"name\":\"Laura Costa\",\"url\":\"https:\\\/\\\/www.lauracosta.com\\\/\",\"logo\":{\"@type\":\"ImageObject\",\"inLanguage\":\"ca\",\"@id\":\"https:\\\/\\\/www.lauracosta.com\\\/#\\\/schema\\\/logo\\\/image\\\/\",\"url\":\"https:\\\/\\\/www.lauracosta.com\\\/wp-content\\\/uploads\\\/2024\\\/11\\\/laura-costa-imagen-696.jpg\",\"contentUrl\":\"https:\\\/\\\/www.lauracosta.com\\\/wp-content\\\/uploads\\\/2024\\\/11\\\/laura-costa-imagen-696.jpg\",\"width\":696,\"height\":696,\"caption\":\"Laura Costa\"},\"image\":{\"@id\":\"https:\\\/\\\/www.lauracosta.com\\\/#\\\/schema\\\/logo\\\/image\\\/\"}},{\"@type\":\"Person\",\"@id\":\"https:\\\/\\\/www.lauracosta.com\\\/#\\\/schema\\\/person\\\/88a3aa3a762e09aa91cddc385661d3d9\",\"name\":\"factoryfy\",\"image\":{\"@type\":\"ImageObject\",\"inLanguage\":\"ca\",\"@id\":\"https:\\\/\\\/secure.gravatar.com\\\/avatar\\\/f6b08826744ac84b5c5730915ab186e60373c936b9668ce079c076fa428c7725?s=96&d=mm&r=g\",\"url\":\"https:\\\/\\\/secure.gravatar.com\\\/avatar\\\/f6b08826744ac84b5c5730915ab186e60373c936b9668ce079c076fa428c7725?s=96&d=mm&r=g\",\"contentUrl\":\"https:\\\/\\\/secure.gravatar.com\\\/avatar\\\/f6b08826744ac84b5c5730915ab186e60373c936b9668ce079c076fa428c7725?s=96&d=mm&r=g\",\"caption\":\"factoryfy\"},\"sameAs\":[\"https:\\\/\\\/www.lauracosta.com\"]}]}<\/script>\n<!-- \/ Yoast SEO plugin. -->","yoast_head_json":{"title":"EL FONDO DE ARMARIO, los tres fallos m\u00e1s comunes - Laura Costa","robots":{"index":"index","follow":"follow","max-snippet":"max-snippet:-1","max-image-preview":"max-image-preview:large","max-video-preview":"max-video-preview:-1"},"canonical":"https:\/\/www.lauracosta.com\/ca\/el-fondo-de-armario-los-tres-fallos-mas-comunes\/","og_locale":"ca_ES","og_type":"article","og_title":"EL FONDO DE ARMARIO, los tres fallos m\u00e1s comunes - Laura Costa","og_description":"De tots els armaris que vaig visitant per realitzar l&#8217;estudi de fons d&#8217;armari, em trobo amb tres fallades o errors molt comuns. Aqu\u00ed us els apunto, perqu\u00e8 els pugueu evitar i posar atenci\u00f3 quan realitzeu les vostres compres: TALLES Un error molt com\u00fa \u00e9s comprar peces en una talla m\u00e9s gran a la que correspondria. [&hellip;]","og_url":"https:\/\/www.lauracosta.com\/ca\/el-fondo-de-armario-los-tres-fallos-mas-comunes\/","og_site_name":"Laura Costa","article_published_time":"2014-02-12T14:28:28+00:00","og_image":[{"width":980,"height":400,"url":"https:\/\/www.lauracosta.com\/wp-content\/uploads\/2024\/11\/FONDO-DE-ARMARIO2.jpg","type":"image\/jpeg"}],"author":"factoryfy","twitter_card":"summary_large_image","twitter_misc":{"Escrit per":"factoryfy","Temps estimat de lectura":"1 minut"},"schema":{"@context":"https:\/\/schema.org","@graph":[{"@type":"Article","@id":"https:\/\/www.lauracosta.com\/ca\/el-fondo-de-armario-los-tres-fallos-mas-comunes\/#article","isPartOf":{"@id":"https:\/\/www.lauracosta.com\/ca\/el-fondo-de-armario-los-tres-fallos-mas-comunes\/"},"author":{"name":"factoryfy","@id":"https:\/\/www.lauracosta.com\/#\/schema\/person\/88a3aa3a762e09aa91cddc385661d3d9"},"headline":"EL FONDO DE ARMARIO, los tres fallos m\u00e1s comunes","datePublished":"2014-02-12T14:28:28+00:00","mainEntityOfPage":{"@id":"https:\/\/www.lauracosta.com\/ca\/el-fondo-de-armario-los-tres-fallos-mas-comunes\/"},"wordCount":223,"publisher":{"@id":"https:\/\/www.lauracosta.com\/#organization"},"image":{"@id":"https:\/\/www.lauracosta.com\/ca\/el-fondo-de-armario-los-tres-fallos-mas-comunes\/#primaryimage"},"thumbnailUrl":"https:\/\/www.lauracosta.com\/wp-content\/uploads\/2024\/11\/FONDO-DE-ARMARIO2.jpg","keywords":["Asesora de imagen","color","fondo de armario","formas","tallas"],"articleSection":["Blog"],"inLanguage":"ca"},{"@type":"WebPage","@id":"https:\/\/www.lauracosta.com\/ca\/el-fondo-de-armario-los-tres-fallos-mas-comunes\/","url":"https:\/\/www.lauracosta.com\/ca\/el-fondo-de-armario-los-tres-fallos-mas-comunes\/","name":"EL FONDO DE ARMARIO, los tres fallos m\u00e1s comunes - Laura Costa","isPartOf":{"@id":"https:\/\/www.lauracosta.com\/#website"},"primaryImageOfPage":{"@id":"https:\/\/www.lauracosta.com\/ca\/el-fondo-de-armario-los-tres-fallos-mas-comunes\/#primaryimage"},"image":{"@id":"https:\/\/www.lauracosta.com\/ca\/el-fondo-de-armario-los-tres-fallos-mas-comunes\/#primaryimage"},"thumbnailUrl":"https:\/\/www.lauracosta.com\/wp-content\/uploads\/2024\/11\/FONDO-DE-ARMARIO2.jpg","datePublished":"2014-02-12T14:28:28+00:00","breadcrumb":{"@id":"https:\/\/www.lauracosta.com\/ca\/el-fondo-de-armario-los-tres-fallos-mas-comunes\/#breadcrumb"},"inLanguage":"ca","potentialAction":[{"@type":"ReadAction","target":["https:\/\/www.lauracosta.com\/ca\/el-fondo-de-armario-los-tres-fallos-mas-comunes\/"]}]},{"@type":"ImageObject","inLanguage":"ca","@id":"https:\/\/www.lauracosta.com\/ca\/el-fondo-de-armario-los-tres-fallos-mas-comunes\/#primaryimage","url":"https:\/\/www.lauracosta.com\/wp-content\/uploads\/2024\/11\/FONDO-DE-ARMARIO2.jpg","contentUrl":"https:\/\/www.lauracosta.com\/wp-content\/uploads\/2024\/11\/FONDO-DE-ARMARIO2.jpg","width":980,"height":400},{"@type":"BreadcrumbList","@id":"https:\/\/www.lauracosta.com\/ca\/el-fondo-de-armario-los-tres-fallos-mas-comunes\/#breadcrumb","itemListElement":[{"@type":"ListItem","position":1,"name":"Portada","item":"https:\/\/www.lauracosta.com\/"},{"@type":"ListItem","position":2,"name":"EL FONDO DE ARMARIO, los tres fallos m\u00e1s comunes"}]},{"@type":"WebSite","@id":"https:\/\/www.lauracosta.com\/#website","url":"https:\/\/www.lauracosta.com\/","name":"Laura Costa","description":"Asesor\u00eda de imagen &amp; Personal Shopper","publisher":{"@id":"https:\/\/www.lauracosta.com\/#organization"},"potentialAction":[{"@type":"SearchAction","target":{"@type":"EntryPoint","urlTemplate":"https:\/\/www.lauracosta.com\/?s={search_term_string}"},"query-input":{"@type":"PropertyValueSpecification","valueRequired":true,"valueName":"search_term_string"}}],"inLanguage":"ca"},{"@type":"Organization","@id":"https:\/\/www.lauracosta.com\/#organization","name":"Laura Costa","url":"https:\/\/www.lauracosta.com\/","logo":{"@type":"ImageObject","inLanguage":"ca","@id":"https:\/\/www.lauracosta.com\/#\/schema\/logo\/image\/","url":"https:\/\/www.lauracosta.com\/wp-content\/uploads\/2024\/11\/laura-costa-imagen-696.jpg","contentUrl":"https:\/\/www.lauracosta.com\/wp-content\/uploads\/2024\/11\/laura-costa-imagen-696.jpg","width":696,"height":696,"caption":"Laura Costa"},"image":{"@id":"https:\/\/www.lauracosta.com\/#\/schema\/logo\/image\/"}},{"@type":"Person","@id":"https:\/\/www.lauracosta.com\/#\/schema\/person\/88a3aa3a762e09aa91cddc385661d3d9","name":"factoryfy","image":{"@type":"ImageObject","inLanguage":"ca","@id":"https:\/\/secure.gravatar.com\/avatar\/f6b08826744ac84b5c5730915ab186e60373c936b9668ce079c076fa428c7725?s=96&d=mm&r=g","url":"https:\/\/secure.gravatar.com\/avatar\/f6b08826744ac84b5c5730915ab186e60373c936b9668ce079c076fa428c7725?s=96&d=mm&r=g","contentUrl":"https:\/\/secure.gravatar.com\/avatar\/f6b08826744ac84b5c5730915ab186e60373c936b9668ce079c076fa428c7725?s=96&d=mm&r=g","caption":"factoryfy"},"sameAs":["https:\/\/www.lauracosta.com"]}]}},"_links":{"self":[{"href":"https:\/\/www.lauracosta.com\/ca\/wp-json\/wp\/v2\/posts\/4829","targetHints":{"allow":["GET"]}}],"collection":[{"href":"https:\/\/www.lauracosta.com\/ca\/wp-json\/wp\/v2\/posts"}],"about":[{"href":"https:\/\/www.lauracosta.com\/ca\/wp-json\/wp\/v2\/types\/post"}],"author":[{"embeddable":true,"href":"https:\/\/www.lauracosta.com\/ca\/wp-json\/wp\/v2\/users\/1"}],"replies":[{"embeddable":true,"href":"https:\/\/www.lauracosta.com\/ca\/wp-json\/wp\/v2\/comments?post=4829"}],"version-history":[{"count":0,"href":"https:\/\/www.lauracosta.com\/ca\/wp-json\/wp\/v2\/posts\/4829\/revisions"}],"wp:featuredmedia":[{"embeddable":true,"href":"https:\/\/www.lauracosta.com\/ca\/wp-json\/wp\/v2\/media\/2813"}],"wp:attachment":[{"href":"https:\/\/www.lauracosta.com\/ca\/wp-json\/wp\/v2\/media?parent=4829"}],"wp:term":[{"taxonomy":"category","embeddable":true,"href":"https:\/\/www.lauracosta.com\/ca\/wp-json\/wp\/v2\/categories?post=4829"},{"taxonomy":"post_tag","embeddable":true,"href":"https:\/\/www.lauracosta.com\/ca\/wp-json\/wp\/v2\/tags?post=4829"}],"curies":[{"name":"wp","href":"https:\/\/api.w.org\/{rel}","templated":true}]}}