{"id":4832,"date":"2014-01-20T08:40:58","date_gmt":"2014-01-20T07:40:58","guid":{"rendered":"https:\/\/www.lauracosta.com\/la-barba-herramienta-de-la-imagen-y-elemento-importante-en-la-asesoria-del-rostro-para-el-hombre\/"},"modified":"2014-01-20T08:40:58","modified_gmt":"2014-01-20T07:40:58","slug":"la-barba-herramienta-de-la-imagen-y-elemento-importante-en-la-asesoria-del-rostro-para-el-hombre","status":"publish","type":"post","link":"https:\/\/www.lauracosta.com\/ca\/la-barba-herramienta-de-la-imagen-y-elemento-importante-en-la-asesoria-del-rostro-para-el-hombre\/","title":{"rendered":"La barba, herramienta de la imagen y elemento importante en la asesor\u00eda del rostro para el hombre"},"content":{"rendered":"<p>Cada cop tinc m\u00e9s clients masculins que contraten el servei d&#8217;Assessoria del Rostre o Visagisme.<\/p>\n<p>La barba s&#8217;ha convertit en un element m\u00e9s per embellir, equilibrar petites desproporcions del rostre i a m\u00e9s a m\u00e9s, transmetre diverses imatges d&#8217;un mateix.<\/p>\n<p>Per\u00f2\u2026 com saber que tipus de barba et queda millor?<\/p>\n<p>Les tend\u00e8ncies ens parlen de la barba raw, que actualment est\u00e0 a l&#8217;\u00faltima. S\u00f3n molts els anuncis publicitaris i els famosos que l&#8217;han posat de moda.<\/p>\n<p>Hem de recon\u00e8ixer que no queda b\u00e9 a tothom i que \u00e9s necessari cuidar-la molt, per no projectar una imatge descurada.<\/p>\n<p>Us aconsello a tots els que opteu per aquest tipus de barba, que compenseu la vostra imatge utilitzant una indument\u00e0ria m\u00e9s formal.<\/p>\n<p>Aqu\u00ed van alguns consells pels que vulgueu experimentar:<\/p>\n<ul>\n<li>Deixa cr\u00e9ixer la barba, aix\u00ed podr\u00e0s valorar el to i la quantitat de p\u00e8l. Per a la majoria dels homes els cabells blancs arriben abans a la barba que al cap, per aix\u00f2 de vegades pot aportar m\u00e9s edat.<\/li>\n<li>Fes-te fotografies de les diferents etapes de creixement. Aix\u00ed podr\u00e0s valorar quina llargada t&#8217;afavoreix m\u00e9s.<\/li>\n<li>Experimenta polint diverses zones i donant forma. Despr\u00e9s de cada retoc, fes-te una fotografia.<\/li>\n<\/ul>\n<p>Pensa que si tens el rostre allargat, amb la barba raw, al ser m\u00e9s llarga aporta volum a la barbeta, de manera que estar\u00e0s potenciant m\u00e9s aquesta forma.<\/p>\n<p>I\u2026 ja saps si necessites qualsevol consell, no dubtis a escriure&#8217;m!<\/p>\n","protected":false},"excerpt":{"rendered":"<p>Cada cop tinc m\u00e9s clients masculins que contraten el servei d&#8217;Assessoria del Rostre o Visagisme. La barba s&#8217;ha convertit en un element m\u00e9s per embellir, equilibrar petites desproporcions del rostre i a m\u00e9s a m\u00e9s, transmetre diverses imatges d&#8217;un mateix. Per\u00f2\u2026 com saber que tipus de barba et queda millor? Les tend\u00e8ncies ens parlen de [&hellip;]<\/p>\n","protected":false},"author":1,"featured_media":2797,"comment_status":"closed","ping_status":"closed","sticky":false,"template":"","format":"standard","meta":{"_joinchat":[],"footnotes":""},"categories":[48],"tags":[66,76,68,87,77,88,74,89],"class_list":["post-4832","post","type-post","status-publish","format-standard","has-post-thumbnail","hentry","category-blog-ca","tag-asesor-de-imagen","tag-asesora-de-imagen","tag-asesoria-del-rostro","tag-barba","tag-consejos","tag-imagen-personal","tag-peinado","tag-visagismo"],"yoast_head":"<!-- This site is optimized with the Yoast SEO plugin v27.5 - https:\/\/yoast.com\/product\/yoast-seo-wordpress\/ -->\n<title>La barba, herramienta de la imagen y elemento importante en la asesor\u00eda del rostro para el hombre - Laura Costa<\/title>\n<meta name=\"robots\" content=\"index, follow, max-snippet:-1, max-image-preview:large, max-video-preview:-1\" \/>\n<link rel=\"canonical\" href=\"https:\/\/www.lauracosta.com\/ca\/la-barba-herramienta-de-la-imagen-y-elemento-importante-en-la-asesoria-del-rostro-para-el-hombre\/\" \/>\n<meta property=\"og:locale\" content=\"ca_ES\" \/>\n<meta property=\"og:type\" content=\"article\" \/>\n<meta property=\"og:title\" content=\"La barba, herramienta de la imagen y elemento importante en la asesor\u00eda del rostro para el hombre - Laura Costa\" \/>\n<meta property=\"og:description\" content=\"Cada cop tinc m\u00e9s clients masculins que contraten el servei d&#8217;Assessoria del Rostre o Visagisme. La barba s&#8217;ha convertit en un element m\u00e9s per embellir, equilibrar petites desproporcions del rostre i a m\u00e9s a m\u00e9s, transmetre diverses imatges d&#8217;un mateix. Per\u00f2\u2026 com saber que tipus de barba et queda millor? Les tend\u00e8ncies ens parlen de [&hellip;]\" \/>\n<meta property=\"og:url\" content=\"https:\/\/www.lauracosta.com\/ca\/la-barba-herramienta-de-la-imagen-y-elemento-importante-en-la-asesoria-del-rostro-para-el-hombre\/\" \/>\n<meta property=\"og:site_name\" content=\"Laura Costa\" \/>\n<meta property=\"article:published_time\" content=\"2014-01-20T07:40:58+00:00\" \/>\n<meta property=\"og:image\" content=\"https:\/\/www.lauracosta.com\/wp-content\/uploads\/2024\/11\/Pelo-largo-y-barba.jpg\" \/>\n\t<meta property=\"og:image:width\" content=\"310\" \/>\n\t<meta property=\"og:image:height\" content=\"413\" \/>\n\t<meta property=\"og:image:type\" content=\"image\/jpeg\" \/>\n<meta name=\"author\" content=\"factoryfy\" \/>\n<meta name=\"twitter:card\" content=\"summary_large_image\" \/>\n<meta name=\"twitter:label1\" content=\"Escrit per\" \/>\n\t<meta name=\"twitter:data1\" content=\"factoryfy\" \/>\n\t<meta name=\"twitter:label2\" content=\"Temps estimat de lectura\" \/>\n\t<meta name=\"twitter:data2\" content=\"1 minut\" \/>\n<script type=\"application\/ld+json\" class=\"yoast-schema-graph\">{\"@context\":\"https:\\\/\\\/schema.org\",\"@graph\":[{\"@type\":\"Article\",\"@id\":\"https:\\\/\\\/www.lauracosta.com\\\/ca\\\/la-barba-herramienta-de-la-imagen-y-elemento-importante-en-la-asesoria-del-rostro-para-el-hombre\\\/#article\",\"isPartOf\":{\"@id\":\"https:\\\/\\\/www.lauracosta.com\\\/ca\\\/la-barba-herramienta-de-la-imagen-y-elemento-importante-en-la-asesoria-del-rostro-para-el-hombre\\\/\"},\"author\":{\"name\":\"factoryfy\",\"@id\":\"https:\\\/\\\/www.lauracosta.com\\\/#\\\/schema\\\/person\\\/88a3aa3a762e09aa91cddc385661d3d9\"},\"headline\":\"La barba, herramienta de la imagen y elemento importante en la asesor\u00eda del rostro para el hombre\",\"datePublished\":\"2014-01-20T07:40:58+00:00\",\"mainEntityOfPage\":{\"@id\":\"https:\\\/\\\/www.lauracosta.com\\\/ca\\\/la-barba-herramienta-de-la-imagen-y-elemento-importante-en-la-asesoria-del-rostro-para-el-hombre\\\/\"},\"wordCount\":278,\"publisher\":{\"@id\":\"https:\\\/\\\/www.lauracosta.com\\\/#organization\"},\"image\":{\"@id\":\"https:\\\/\\\/www.lauracosta.com\\\/ca\\\/la-barba-herramienta-de-la-imagen-y-elemento-importante-en-la-asesoria-del-rostro-para-el-hombre\\\/#primaryimage\"},\"thumbnailUrl\":\"https:\\\/\\\/www.lauracosta.com\\\/wp-content\\\/uploads\\\/2024\\\/11\\\/Pelo-largo-y-barba.jpg\",\"keywords\":[\"Asesor de Imagen\",\"Asesora de imagen\",\"Asesor\u00eda del rostro\",\"barba\",\"consejos\",\"imagen personal\",\"peinado\",\"visagismo\"],\"articleSection\":[\"Blog\"],\"inLanguage\":\"ca\"},{\"@type\":\"WebPage\",\"@id\":\"https:\\\/\\\/www.lauracosta.com\\\/ca\\\/la-barba-herramienta-de-la-imagen-y-elemento-importante-en-la-asesoria-del-rostro-para-el-hombre\\\/\",\"url\":\"https:\\\/\\\/www.lauracosta.com\\\/ca\\\/la-barba-herramienta-de-la-imagen-y-elemento-importante-en-la-asesoria-del-rostro-para-el-hombre\\\/\",\"name\":\"La barba, herramienta de la imagen y elemento importante en la asesor\u00eda del rostro para el hombre - Laura Costa\",\"isPartOf\":{\"@id\":\"https:\\\/\\\/www.lauracosta.com\\\/#website\"},\"primaryImageOfPage\":{\"@id\":\"https:\\\/\\\/www.lauracosta.com\\\/ca\\\/la-barba-herramienta-de-la-imagen-y-elemento-importante-en-la-asesoria-del-rostro-para-el-hombre\\\/#primaryimage\"},\"image\":{\"@id\":\"https:\\\/\\\/www.lauracosta.com\\\/ca\\\/la-barba-herramienta-de-la-imagen-y-elemento-importante-en-la-asesoria-del-rostro-para-el-hombre\\\/#primaryimage\"},\"thumbnailUrl\":\"https:\\\/\\\/www.lauracosta.com\\\/wp-content\\\/uploads\\\/2024\\\/11\\\/Pelo-largo-y-barba.jpg\",\"datePublished\":\"2014-01-20T07:40:58+00:00\",\"breadcrumb\":{\"@id\":\"https:\\\/\\\/www.lauracosta.com\\\/ca\\\/la-barba-herramienta-de-la-imagen-y-elemento-importante-en-la-asesoria-del-rostro-para-el-hombre\\\/#breadcrumb\"},\"inLanguage\":\"ca\",\"potentialAction\":[{\"@type\":\"ReadAction\",\"target\":[\"https:\\\/\\\/www.lauracosta.com\\\/ca\\\/la-barba-herramienta-de-la-imagen-y-elemento-importante-en-la-asesoria-del-rostro-para-el-hombre\\\/\"]}]},{\"@type\":\"ImageObject\",\"inLanguage\":\"ca\",\"@id\":\"https:\\\/\\\/www.lauracosta.com\\\/ca\\\/la-barba-herramienta-de-la-imagen-y-elemento-importante-en-la-asesoria-del-rostro-para-el-hombre\\\/#primaryimage\",\"url\":\"https:\\\/\\\/www.lauracosta.com\\\/wp-content\\\/uploads\\\/2024\\\/11\\\/Pelo-largo-y-barba.jpg\",\"contentUrl\":\"https:\\\/\\\/www.lauracosta.com\\\/wp-content\\\/uploads\\\/2024\\\/11\\\/Pelo-largo-y-barba.jpg\",\"width\":310,\"height\":413},{\"@type\":\"BreadcrumbList\",\"@id\":\"https:\\\/\\\/www.lauracosta.com\\\/ca\\\/la-barba-herramienta-de-la-imagen-y-elemento-importante-en-la-asesoria-del-rostro-para-el-hombre\\\/#breadcrumb\",\"itemListElement\":[{\"@type\":\"ListItem\",\"position\":1,\"name\":\"Portada\",\"item\":\"https:\\\/\\\/www.lauracosta.com\\\/\"},{\"@type\":\"ListItem\",\"position\":2,\"name\":\"La barba, herramienta de la imagen y elemento importante en la asesor\u00eda del rostro para el hombre\"}]},{\"@type\":\"WebSite\",\"@id\":\"https:\\\/\\\/www.lauracosta.com\\\/#website\",\"url\":\"https:\\\/\\\/www.lauracosta.com\\\/\",\"name\":\"Laura Costa\",\"description\":\"Asesor\u00eda de imagen &amp; Personal Shopper\",\"publisher\":{\"@id\":\"https:\\\/\\\/www.lauracosta.com\\\/#organization\"},\"potentialAction\":[{\"@type\":\"SearchAction\",\"target\":{\"@type\":\"EntryPoint\",\"urlTemplate\":\"https:\\\/\\\/www.lauracosta.com\\\/?s={search_term_string}\"},\"query-input\":{\"@type\":\"PropertyValueSpecification\",\"valueRequired\":true,\"valueName\":\"search_term_string\"}}],\"inLanguage\":\"ca\"},{\"@type\":\"Organization\",\"@id\":\"https:\\\/\\\/www.lauracosta.com\\\/#organization\",\"name\":\"Laura Costa\",\"url\":\"https:\\\/\\\/www.lauracosta.com\\\/\",\"logo\":{\"@type\":\"ImageObject\",\"inLanguage\":\"ca\",\"@id\":\"https:\\\/\\\/www.lauracosta.com\\\/#\\\/schema\\\/logo\\\/image\\\/\",\"url\":\"https:\\\/\\\/www.lauracosta.com\\\/wp-content\\\/uploads\\\/2024\\\/11\\\/laura-costa-imagen-696.jpg\",\"contentUrl\":\"https:\\\/\\\/www.lauracosta.com\\\/wp-content\\\/uploads\\\/2024\\\/11\\\/laura-costa-imagen-696.jpg\",\"width\":696,\"height\":696,\"caption\":\"Laura Costa\"},\"image\":{\"@id\":\"https:\\\/\\\/www.lauracosta.com\\\/#\\\/schema\\\/logo\\\/image\\\/\"}},{\"@type\":\"Person\",\"@id\":\"https:\\\/\\\/www.lauracosta.com\\\/#\\\/schema\\\/person\\\/88a3aa3a762e09aa91cddc385661d3d9\",\"name\":\"factoryfy\",\"image\":{\"@type\":\"ImageObject\",\"inLanguage\":\"ca\",\"@id\":\"https:\\\/\\\/secure.gravatar.com\\\/avatar\\\/f6b08826744ac84b5c5730915ab186e60373c936b9668ce079c076fa428c7725?s=96&d=mm&r=g\",\"url\":\"https:\\\/\\\/secure.gravatar.com\\\/avatar\\\/f6b08826744ac84b5c5730915ab186e60373c936b9668ce079c076fa428c7725?s=96&d=mm&r=g\",\"contentUrl\":\"https:\\\/\\\/secure.gravatar.com\\\/avatar\\\/f6b08826744ac84b5c5730915ab186e60373c936b9668ce079c076fa428c7725?s=96&d=mm&r=g\",\"caption\":\"factoryfy\"},\"sameAs\":[\"https:\\\/\\\/www.lauracosta.com\"]}]}<\/script>\n<!-- \/ Yoast SEO plugin. -->","yoast_head_json":{"title":"La barba, herramienta de la imagen y elemento importante en la asesor\u00eda del rostro para el hombre - Laura Costa","robots":{"index":"index","follow":"follow","max-snippet":"max-snippet:-1","max-image-preview":"max-image-preview:large","max-video-preview":"max-video-preview:-1"},"canonical":"https:\/\/www.lauracosta.com\/ca\/la-barba-herramienta-de-la-imagen-y-elemento-importante-en-la-asesoria-del-rostro-para-el-hombre\/","og_locale":"ca_ES","og_type":"article","og_title":"La barba, herramienta de la imagen y elemento importante en la asesor\u00eda del rostro para el hombre - Laura Costa","og_description":"Cada cop tinc m\u00e9s clients masculins que contraten el servei d&#8217;Assessoria del Rostre o Visagisme. La barba s&#8217;ha convertit en un element m\u00e9s per embellir, equilibrar petites desproporcions del rostre i a m\u00e9s a m\u00e9s, transmetre diverses imatges d&#8217;un mateix. Per\u00f2\u2026 com saber que tipus de barba et queda millor? Les tend\u00e8ncies ens parlen de [&hellip;]","og_url":"https:\/\/www.lauracosta.com\/ca\/la-barba-herramienta-de-la-imagen-y-elemento-importante-en-la-asesoria-del-rostro-para-el-hombre\/","og_site_name":"Laura Costa","article_published_time":"2014-01-20T07:40:58+00:00","og_image":[{"width":310,"height":413,"url":"https:\/\/www.lauracosta.com\/wp-content\/uploads\/2024\/11\/Pelo-largo-y-barba.jpg","type":"image\/jpeg"}],"author":"factoryfy","twitter_card":"summary_large_image","twitter_misc":{"Escrit per":"factoryfy","Temps estimat de lectura":"1 minut"},"schema":{"@context":"https:\/\/schema.org","@graph":[{"@type":"Article","@id":"https:\/\/www.lauracosta.com\/ca\/la-barba-herramienta-de-la-imagen-y-elemento-importante-en-la-asesoria-del-rostro-para-el-hombre\/#article","isPartOf":{"@id":"https:\/\/www.lauracosta.com\/ca\/la-barba-herramienta-de-la-imagen-y-elemento-importante-en-la-asesoria-del-rostro-para-el-hombre\/"},"author":{"name":"factoryfy","@id":"https:\/\/www.lauracosta.com\/#\/schema\/person\/88a3aa3a762e09aa91cddc385661d3d9"},"headline":"La barba, herramienta de la imagen y elemento importante en la asesor\u00eda del rostro para el hombre","datePublished":"2014-01-20T07:40:58+00:00","mainEntityOfPage":{"@id":"https:\/\/www.lauracosta.com\/ca\/la-barba-herramienta-de-la-imagen-y-elemento-importante-en-la-asesoria-del-rostro-para-el-hombre\/"},"wordCount":278,"publisher":{"@id":"https:\/\/www.lauracosta.com\/#organization"},"image":{"@id":"https:\/\/www.lauracosta.com\/ca\/la-barba-herramienta-de-la-imagen-y-elemento-importante-en-la-asesoria-del-rostro-para-el-hombre\/#primaryimage"},"thumbnailUrl":"https:\/\/www.lauracosta.com\/wp-content\/uploads\/2024\/11\/Pelo-largo-y-barba.jpg","keywords":["Asesor de Imagen","Asesora de imagen","Asesor\u00eda del rostro","barba","consejos","imagen personal","peinado","visagismo"],"articleSection":["Blog"],"inLanguage":"ca"},{"@type":"WebPage","@id":"https:\/\/www.lauracosta.com\/ca\/la-barba-herramienta-de-la-imagen-y-elemento-importante-en-la-asesoria-del-rostro-para-el-hombre\/","url":"https:\/\/www.lauracosta.com\/ca\/la-barba-herramienta-de-la-imagen-y-elemento-importante-en-la-asesoria-del-rostro-para-el-hombre\/","name":"La barba, herramienta de la imagen y elemento importante en la asesor\u00eda del rostro para el hombre - Laura Costa","isPartOf":{"@id":"https:\/\/www.lauracosta.com\/#website"},"primaryImageOfPage":{"@id":"https:\/\/www.lauracosta.com\/ca\/la-barba-herramienta-de-la-imagen-y-elemento-importante-en-la-asesoria-del-rostro-para-el-hombre\/#primaryimage"},"image":{"@id":"https:\/\/www.lauracosta.com\/ca\/la-barba-herramienta-de-la-imagen-y-elemento-importante-en-la-asesoria-del-rostro-para-el-hombre\/#primaryimage"},"thumbnailUrl":"https:\/\/www.lauracosta.com\/wp-content\/uploads\/2024\/11\/Pelo-largo-y-barba.jpg","datePublished":"2014-01-20T07:40:58+00:00","breadcrumb":{"@id":"https:\/\/www.lauracosta.com\/ca\/la-barba-herramienta-de-la-imagen-y-elemento-importante-en-la-asesoria-del-rostro-para-el-hombre\/#breadcrumb"},"inLanguage":"ca","potentialAction":[{"@type":"ReadAction","target":["https:\/\/www.lauracosta.com\/ca\/la-barba-herramienta-de-la-imagen-y-elemento-importante-en-la-asesoria-del-rostro-para-el-hombre\/"]}]},{"@type":"ImageObject","inLanguage":"ca","@id":"https:\/\/www.lauracosta.com\/ca\/la-barba-herramienta-de-la-imagen-y-elemento-importante-en-la-asesoria-del-rostro-para-el-hombre\/#primaryimage","url":"https:\/\/www.lauracosta.com\/wp-content\/uploads\/2024\/11\/Pelo-largo-y-barba.jpg","contentUrl":"https:\/\/www.lauracosta.com\/wp-content\/uploads\/2024\/11\/Pelo-largo-y-barba.jpg","width":310,"height":413},{"@type":"BreadcrumbList","@id":"https:\/\/www.lauracosta.com\/ca\/la-barba-herramienta-de-la-imagen-y-elemento-importante-en-la-asesoria-del-rostro-para-el-hombre\/#breadcrumb","itemListElement":[{"@type":"ListItem","position":1,"name":"Portada","item":"https:\/\/www.lauracosta.com\/"},{"@type":"ListItem","position":2,"name":"La barba, herramienta de la imagen y elemento importante en la asesor\u00eda del rostro para el hombre"}]},{"@type":"WebSite","@id":"https:\/\/www.lauracosta.com\/#website","url":"https:\/\/www.lauracosta.com\/","name":"Laura Costa","description":"Asesor\u00eda de imagen &amp; Personal Shopper","publisher":{"@id":"https:\/\/www.lauracosta.com\/#organization"},"potentialAction":[{"@type":"SearchAction","target":{"@type":"EntryPoint","urlTemplate":"https:\/\/www.lauracosta.com\/?s={search_term_string}"},"query-input":{"@type":"PropertyValueSpecification","valueRequired":true,"valueName":"search_term_string"}}],"inLanguage":"ca"},{"@type":"Organization","@id":"https:\/\/www.lauracosta.com\/#organization","name":"Laura Costa","url":"https:\/\/www.lauracosta.com\/","logo":{"@type":"ImageObject","inLanguage":"ca","@id":"https:\/\/www.lauracosta.com\/#\/schema\/logo\/image\/","url":"https:\/\/www.lauracosta.com\/wp-content\/uploads\/2024\/11\/laura-costa-imagen-696.jpg","contentUrl":"https:\/\/www.lauracosta.com\/wp-content\/uploads\/2024\/11\/laura-costa-imagen-696.jpg","width":696,"height":696,"caption":"Laura Costa"},"image":{"@id":"https:\/\/www.lauracosta.com\/#\/schema\/logo\/image\/"}},{"@type":"Person","@id":"https:\/\/www.lauracosta.com\/#\/schema\/person\/88a3aa3a762e09aa91cddc385661d3d9","name":"factoryfy","image":{"@type":"ImageObject","inLanguage":"ca","@id":"https:\/\/secure.gravatar.com\/avatar\/f6b08826744ac84b5c5730915ab186e60373c936b9668ce079c076fa428c7725?s=96&d=mm&r=g","url":"https:\/\/secure.gravatar.com\/avatar\/f6b08826744ac84b5c5730915ab186e60373c936b9668ce079c076fa428c7725?s=96&d=mm&r=g","contentUrl":"https:\/\/secure.gravatar.com\/avatar\/f6b08826744ac84b5c5730915ab186e60373c936b9668ce079c076fa428c7725?s=96&d=mm&r=g","caption":"factoryfy"},"sameAs":["https:\/\/www.lauracosta.com"]}]}},"_links":{"self":[{"href":"https:\/\/www.lauracosta.com\/ca\/wp-json\/wp\/v2\/posts\/4832","targetHints":{"allow":["GET"]}}],"collection":[{"href":"https:\/\/www.lauracosta.com\/ca\/wp-json\/wp\/v2\/posts"}],"about":[{"href":"https:\/\/www.lauracosta.com\/ca\/wp-json\/wp\/v2\/types\/post"}],"author":[{"embeddable":true,"href":"https:\/\/www.lauracosta.com\/ca\/wp-json\/wp\/v2\/users\/1"}],"replies":[{"embeddable":true,"href":"https:\/\/www.lauracosta.com\/ca\/wp-json\/wp\/v2\/comments?post=4832"}],"version-history":[{"count":0,"href":"https:\/\/www.lauracosta.com\/ca\/wp-json\/wp\/v2\/posts\/4832\/revisions"}],"wp:featuredmedia":[{"embeddable":true,"href":"https:\/\/www.lauracosta.com\/ca\/wp-json\/wp\/v2\/media\/2797"}],"wp:attachment":[{"href":"https:\/\/www.lauracosta.com\/ca\/wp-json\/wp\/v2\/media?parent=4832"}],"wp:term":[{"taxonomy":"category","embeddable":true,"href":"https:\/\/www.lauracosta.com\/ca\/wp-json\/wp\/v2\/categories?post=4832"},{"taxonomy":"post_tag","embeddable":true,"href":"https:\/\/www.lauracosta.com\/ca\/wp-json\/wp\/v2\/tags?post=4832"}],"curies":[{"name":"wp","href":"https:\/\/api.w.org\/{rel}","templated":true}]}}