{"id":4833,"date":"2014-01-20T08:39:31","date_gmt":"2014-01-20T07:39:31","guid":{"rendered":"https:\/\/www.lauracosta.com\/ano-nuevo-nueva-cara-servicio-asesoria-del-rostro-promocion\/"},"modified":"2016-07-26T15:53:52","modified_gmt":"2016-07-26T13:53:52","slug":"ano-nuevo-nueva-cara-servicio-de-asesoria-del-rostro-en-promocion","status":"publish","type":"post","link":"https:\/\/www.lauracosta.com\/ca\/ano-nuevo-nueva-cara-servicio-de-asesoria-del-rostro-en-promocion\/","title":{"rendered":"\u00a1A\u00f1o Nuevo, nueva cara! Servicio de asesor\u00eda del rostro en promoci\u00f3n"},"content":{"rendered":"<p>Comencem l&#8217;any amb algunes promocions perqu\u00e8 us sentiu guap@s i pugueu gaudir dels nostres serveis a preus m\u00e9s assequibles.<br \/>\nEn el servei d&#8217;Assessoria del rostre treballem el pentinat, l&#8217;\u00f2ptica, les celles, el maquillatge en la dona; i la barba, les patilles i \u00a0el bigoti en l&#8217;home.<\/p>\n<p>Us fem diverses propostes del que us quedar\u00e0 millor, treient el m\u00e0xim partit del vostre aspecte f\u00edsic i ajudant-vos a projectar la imatge desitjada.<\/p>\n<p>Servei d&#8217;Assessoria del rostre per a dona: <del>250<\/del> a 200 euros<\/p>\n<p>Servei d&#8217;Assessoria del rostre per a home: <del>200<\/del> a 150 euros<\/p>\n<p>Si tens qualsevol consulta, no dubtis a contactar amb nosaltres.<\/p>\n<p>Descomptes v\u00e0lids del 20 al 30 de gener.<\/p>\n","protected":false},"excerpt":{"rendered":"<p>Comencem l&#8217;any amb algunes promocions perqu\u00e8 us sentiu guap@s i pugueu gaudir dels nostres serveis a preus m\u00e9s assequibles. En el servei d&#8217;Assessoria del rostre treballem el pentinat, l&#8217;\u00f2ptica, les celles, el maquillatge en la dona; i la barba, les patilles i \u00a0el bigoti en l&#8217;home. Us fem diverses propostes del que us quedar\u00e0 millor, [&hellip;]<\/p>\n","protected":false},"author":1,"featured_media":2801,"comment_status":"closed","ping_status":"closed","sticky":false,"template":"","format":"standard","meta":{"_joinchat":[],"footnotes":""},"categories":[54],"tags":[66,76,68,87,90,91,77,92,93,94,74,89],"class_list":["post-4833","post","type-post","status-publish","format-standard","has-post-thumbnail","hentry","category-promocio","tag-asesor-de-imagen","tag-asesora-de-imagen","tag-asesoria-del-rostro","tag-barba","tag-bigote","tag-cejas","tag-consejos","tag-maquillaje","tag-optica","tag-patillas-imagen-personal","tag-peinado","tag-visagismo"],"yoast_head":"<!-- This site is optimized with the Yoast SEO plugin v27.5 - https:\/\/yoast.com\/product\/yoast-seo-wordpress\/ -->\n<title>\u00a1A\u00f1o Nuevo, nueva cara! Servicio de asesor\u00eda del rostro en promoci\u00f3n - Laura Costa<\/title>\n<meta name=\"robots\" content=\"index, follow, max-snippet:-1, max-image-preview:large, max-video-preview:-1\" \/>\n<link rel=\"canonical\" href=\"https:\/\/www.lauracosta.com\/ca\/ano-nuevo-nueva-cara-servicio-asesoria-del-rostro-promocion\/\" \/>\n<meta property=\"og:locale\" content=\"ca_ES\" \/>\n<meta property=\"og:type\" content=\"article\" \/>\n<meta property=\"og:title\" content=\"\u00a1A\u00f1o Nuevo, nueva cara! Servicio de asesor\u00eda del rostro en promoci\u00f3n - Laura Costa\" \/>\n<meta property=\"og:description\" content=\"Comencem l&#8217;any amb algunes promocions perqu\u00e8 us sentiu guap@s i pugueu gaudir dels nostres serveis a preus m\u00e9s assequibles. En el servei d&#8217;Assessoria del rostre treballem el pentinat, l&#8217;\u00f2ptica, les celles, el maquillatge en la dona; i la barba, les patilles i \u00a0el bigoti en l&#8217;home. Us fem diverses propostes del que us quedar\u00e0 millor, [&hellip;]\" \/>\n<meta property=\"og:url\" content=\"https:\/\/www.lauracosta.com\/ca\/ano-nuevo-nueva-cara-servicio-asesoria-del-rostro-promocion\/\" \/>\n<meta property=\"og:site_name\" content=\"Laura Costa\" \/>\n<meta property=\"article:published_time\" content=\"2014-01-20T07:39:31+00:00\" \/>\n<meta property=\"article:modified_time\" content=\"2016-07-26T13:53:52+00:00\" \/>\n<meta property=\"og:image\" content=\"https:\/\/www.lauracosta.com\/wp-content\/uploads\/2024\/11\/Beauty-2.jpg\" \/>\n\t<meta property=\"og:image:width\" content=\"1698\" \/>\n\t<meta property=\"og:image:height\" content=\"1131\" \/>\n\t<meta property=\"og:image:type\" content=\"image\/jpeg\" \/>\n<meta name=\"author\" content=\"factoryfy\" \/>\n<meta name=\"twitter:card\" content=\"summary_large_image\" \/>\n<meta name=\"twitter:label1\" content=\"Escrit per\" \/>\n\t<meta name=\"twitter:data1\" content=\"factoryfy\" \/>\n\t<meta name=\"twitter:label2\" content=\"Temps estimat de lectura\" \/>\n\t<meta name=\"twitter:data2\" content=\"1 minut\" \/>\n<script type=\"application\/ld+json\" class=\"yoast-schema-graph\">{\"@context\":\"https:\\\/\\\/schema.org\",\"@graph\":[{\"@type\":\"Article\",\"@id\":\"https:\\\/\\\/www.lauracosta.com\\\/ca\\\/ano-nuevo-nueva-cara-servicio-asesoria-del-rostro-promocion\\\/#article\",\"isPartOf\":{\"@id\":\"https:\\\/\\\/www.lauracosta.com\\\/ca\\\/ano-nuevo-nueva-cara-servicio-asesoria-del-rostro-promocion\\\/\"},\"author\":{\"name\":\"factoryfy\",\"@id\":\"https:\\\/\\\/www.lauracosta.com\\\/#\\\/schema\\\/person\\\/88a3aa3a762e09aa91cddc385661d3d9\"},\"headline\":\"\u00a1A\u00f1o Nuevo, nueva cara! Servicio de asesor\u00eda del rostro en promoci\u00f3n\",\"datePublished\":\"2014-01-20T07:39:31+00:00\",\"dateModified\":\"2016-07-26T13:53:52+00:00\",\"mainEntityOfPage\":{\"@id\":\"https:\\\/\\\/www.lauracosta.com\\\/ca\\\/ano-nuevo-nueva-cara-servicio-asesoria-del-rostro-promocion\\\/\"},\"wordCount\":129,\"publisher\":{\"@id\":\"https:\\\/\\\/www.lauracosta.com\\\/#organization\"},\"image\":{\"@id\":\"https:\\\/\\\/www.lauracosta.com\\\/ca\\\/ano-nuevo-nueva-cara-servicio-asesoria-del-rostro-promocion\\\/#primaryimage\"},\"thumbnailUrl\":\"https:\\\/\\\/www.lauracosta.com\\\/wp-content\\\/uploads\\\/2024\\\/11\\\/Beauty-2.jpg\",\"keywords\":[\"Asesor de Imagen\",\"Asesora de imagen\",\"Asesor\u00eda del rostro\",\"barba\",\"bigote\",\"cejas\",\"consejos\",\"maquillaje\",\"\u00f3ptica\",\"patillas imagen personal\",\"peinado\",\"visagismo\"],\"articleSection\":[\"Promocio\"],\"inLanguage\":\"ca\"},{\"@type\":\"WebPage\",\"@id\":\"https:\\\/\\\/www.lauracosta.com\\\/ca\\\/ano-nuevo-nueva-cara-servicio-asesoria-del-rostro-promocion\\\/\",\"url\":\"https:\\\/\\\/www.lauracosta.com\\\/ca\\\/ano-nuevo-nueva-cara-servicio-asesoria-del-rostro-promocion\\\/\",\"name\":\"\u00a1A\u00f1o Nuevo, nueva cara! Servicio de asesor\u00eda del rostro en promoci\u00f3n - Laura Costa\",\"isPartOf\":{\"@id\":\"https:\\\/\\\/www.lauracosta.com\\\/#website\"},\"primaryImageOfPage\":{\"@id\":\"https:\\\/\\\/www.lauracosta.com\\\/ca\\\/ano-nuevo-nueva-cara-servicio-asesoria-del-rostro-promocion\\\/#primaryimage\"},\"image\":{\"@id\":\"https:\\\/\\\/www.lauracosta.com\\\/ca\\\/ano-nuevo-nueva-cara-servicio-asesoria-del-rostro-promocion\\\/#primaryimage\"},\"thumbnailUrl\":\"https:\\\/\\\/www.lauracosta.com\\\/wp-content\\\/uploads\\\/2024\\\/11\\\/Beauty-2.jpg\",\"datePublished\":\"2014-01-20T07:39:31+00:00\",\"dateModified\":\"2016-07-26T13:53:52+00:00\",\"breadcrumb\":{\"@id\":\"https:\\\/\\\/www.lauracosta.com\\\/ca\\\/ano-nuevo-nueva-cara-servicio-asesoria-del-rostro-promocion\\\/#breadcrumb\"},\"inLanguage\":\"ca\",\"potentialAction\":[{\"@type\":\"ReadAction\",\"target\":[\"https:\\\/\\\/www.lauracosta.com\\\/ca\\\/ano-nuevo-nueva-cara-servicio-asesoria-del-rostro-promocion\\\/\"]}]},{\"@type\":\"ImageObject\",\"inLanguage\":\"ca\",\"@id\":\"https:\\\/\\\/www.lauracosta.com\\\/ca\\\/ano-nuevo-nueva-cara-servicio-asesoria-del-rostro-promocion\\\/#primaryimage\",\"url\":\"https:\\\/\\\/www.lauracosta.com\\\/wp-content\\\/uploads\\\/2024\\\/11\\\/Beauty-2.jpg\",\"contentUrl\":\"https:\\\/\\\/www.lauracosta.com\\\/wp-content\\\/uploads\\\/2024\\\/11\\\/Beauty-2.jpg\",\"width\":1698,\"height\":1131},{\"@type\":\"BreadcrumbList\",\"@id\":\"https:\\\/\\\/www.lauracosta.com\\\/ca\\\/ano-nuevo-nueva-cara-servicio-asesoria-del-rostro-promocion\\\/#breadcrumb\",\"itemListElement\":[{\"@type\":\"ListItem\",\"position\":1,\"name\":\"Portada\",\"item\":\"https:\\\/\\\/www.lauracosta.com\\\/\"},{\"@type\":\"ListItem\",\"position\":2,\"name\":\"\u00a1A\u00f1o Nuevo, nueva cara! Servicio de asesor\u00eda del rostro en promoci\u00f3n\"}]},{\"@type\":\"WebSite\",\"@id\":\"https:\\\/\\\/www.lauracosta.com\\\/#website\",\"url\":\"https:\\\/\\\/www.lauracosta.com\\\/\",\"name\":\"Laura Costa\",\"description\":\"Asesor\u00eda de imagen &amp; Personal Shopper\",\"publisher\":{\"@id\":\"https:\\\/\\\/www.lauracosta.com\\\/#organization\"},\"potentialAction\":[{\"@type\":\"SearchAction\",\"target\":{\"@type\":\"EntryPoint\",\"urlTemplate\":\"https:\\\/\\\/www.lauracosta.com\\\/?s={search_term_string}\"},\"query-input\":{\"@type\":\"PropertyValueSpecification\",\"valueRequired\":true,\"valueName\":\"search_term_string\"}}],\"inLanguage\":\"ca\"},{\"@type\":\"Organization\",\"@id\":\"https:\\\/\\\/www.lauracosta.com\\\/#organization\",\"name\":\"Laura Costa\",\"url\":\"https:\\\/\\\/www.lauracosta.com\\\/\",\"logo\":{\"@type\":\"ImageObject\",\"inLanguage\":\"ca\",\"@id\":\"https:\\\/\\\/www.lauracosta.com\\\/#\\\/schema\\\/logo\\\/image\\\/\",\"url\":\"https:\\\/\\\/www.lauracosta.com\\\/wp-content\\\/uploads\\\/2024\\\/11\\\/laura-costa-imagen-696.jpg\",\"contentUrl\":\"https:\\\/\\\/www.lauracosta.com\\\/wp-content\\\/uploads\\\/2024\\\/11\\\/laura-costa-imagen-696.jpg\",\"width\":696,\"height\":696,\"caption\":\"Laura Costa\"},\"image\":{\"@id\":\"https:\\\/\\\/www.lauracosta.com\\\/#\\\/schema\\\/logo\\\/image\\\/\"}},{\"@type\":\"Person\",\"@id\":\"https:\\\/\\\/www.lauracosta.com\\\/#\\\/schema\\\/person\\\/88a3aa3a762e09aa91cddc385661d3d9\",\"name\":\"factoryfy\",\"image\":{\"@type\":\"ImageObject\",\"inLanguage\":\"ca\",\"@id\":\"https:\\\/\\\/secure.gravatar.com\\\/avatar\\\/f6b08826744ac84b5c5730915ab186e60373c936b9668ce079c076fa428c7725?s=96&d=mm&r=g\",\"url\":\"https:\\\/\\\/secure.gravatar.com\\\/avatar\\\/f6b08826744ac84b5c5730915ab186e60373c936b9668ce079c076fa428c7725?s=96&d=mm&r=g\",\"contentUrl\":\"https:\\\/\\\/secure.gravatar.com\\\/avatar\\\/f6b08826744ac84b5c5730915ab186e60373c936b9668ce079c076fa428c7725?s=96&d=mm&r=g\",\"caption\":\"factoryfy\"},\"sameAs\":[\"https:\\\/\\\/www.lauracosta.com\"]}]}<\/script>\n<!-- \/ Yoast SEO plugin. -->","yoast_head_json":{"title":"\u00a1A\u00f1o Nuevo, nueva cara! Servicio de asesor\u00eda del rostro en promoci\u00f3n - Laura Costa","robots":{"index":"index","follow":"follow","max-snippet":"max-snippet:-1","max-image-preview":"max-image-preview:large","max-video-preview":"max-video-preview:-1"},"canonical":"https:\/\/www.lauracosta.com\/ca\/ano-nuevo-nueva-cara-servicio-asesoria-del-rostro-promocion\/","og_locale":"ca_ES","og_type":"article","og_title":"\u00a1A\u00f1o Nuevo, nueva cara! Servicio de asesor\u00eda del rostro en promoci\u00f3n - Laura Costa","og_description":"Comencem l&#8217;any amb algunes promocions perqu\u00e8 us sentiu guap@s i pugueu gaudir dels nostres serveis a preus m\u00e9s assequibles. En el servei d&#8217;Assessoria del rostre treballem el pentinat, l&#8217;\u00f2ptica, les celles, el maquillatge en la dona; i la barba, les patilles i \u00a0el bigoti en l&#8217;home. Us fem diverses propostes del que us quedar\u00e0 millor, [&hellip;]","og_url":"https:\/\/www.lauracosta.com\/ca\/ano-nuevo-nueva-cara-servicio-asesoria-del-rostro-promocion\/","og_site_name":"Laura Costa","article_published_time":"2014-01-20T07:39:31+00:00","article_modified_time":"2016-07-26T13:53:52+00:00","og_image":[{"width":1698,"height":1131,"url":"https:\/\/www.lauracosta.com\/wp-content\/uploads\/2024\/11\/Beauty-2.jpg","type":"image\/jpeg"}],"author":"factoryfy","twitter_card":"summary_large_image","twitter_misc":{"Escrit per":"factoryfy","Temps estimat de lectura":"1 minut"},"schema":{"@context":"https:\/\/schema.org","@graph":[{"@type":"Article","@id":"https:\/\/www.lauracosta.com\/ca\/ano-nuevo-nueva-cara-servicio-asesoria-del-rostro-promocion\/#article","isPartOf":{"@id":"https:\/\/www.lauracosta.com\/ca\/ano-nuevo-nueva-cara-servicio-asesoria-del-rostro-promocion\/"},"author":{"name":"factoryfy","@id":"https:\/\/www.lauracosta.com\/#\/schema\/person\/88a3aa3a762e09aa91cddc385661d3d9"},"headline":"\u00a1A\u00f1o Nuevo, nueva cara! Servicio de asesor\u00eda del rostro en promoci\u00f3n","datePublished":"2014-01-20T07:39:31+00:00","dateModified":"2016-07-26T13:53:52+00:00","mainEntityOfPage":{"@id":"https:\/\/www.lauracosta.com\/ca\/ano-nuevo-nueva-cara-servicio-asesoria-del-rostro-promocion\/"},"wordCount":129,"publisher":{"@id":"https:\/\/www.lauracosta.com\/#organization"},"image":{"@id":"https:\/\/www.lauracosta.com\/ca\/ano-nuevo-nueva-cara-servicio-asesoria-del-rostro-promocion\/#primaryimage"},"thumbnailUrl":"https:\/\/www.lauracosta.com\/wp-content\/uploads\/2024\/11\/Beauty-2.jpg","keywords":["Asesor de Imagen","Asesora de imagen","Asesor\u00eda del rostro","barba","bigote","cejas","consejos","maquillaje","\u00f3ptica","patillas imagen personal","peinado","visagismo"],"articleSection":["Promocio"],"inLanguage":"ca"},{"@type":"WebPage","@id":"https:\/\/www.lauracosta.com\/ca\/ano-nuevo-nueva-cara-servicio-asesoria-del-rostro-promocion\/","url":"https:\/\/www.lauracosta.com\/ca\/ano-nuevo-nueva-cara-servicio-asesoria-del-rostro-promocion\/","name":"\u00a1A\u00f1o Nuevo, nueva cara! Servicio de asesor\u00eda del rostro en promoci\u00f3n - Laura Costa","isPartOf":{"@id":"https:\/\/www.lauracosta.com\/#website"},"primaryImageOfPage":{"@id":"https:\/\/www.lauracosta.com\/ca\/ano-nuevo-nueva-cara-servicio-asesoria-del-rostro-promocion\/#primaryimage"},"image":{"@id":"https:\/\/www.lauracosta.com\/ca\/ano-nuevo-nueva-cara-servicio-asesoria-del-rostro-promocion\/#primaryimage"},"thumbnailUrl":"https:\/\/www.lauracosta.com\/wp-content\/uploads\/2024\/11\/Beauty-2.jpg","datePublished":"2014-01-20T07:39:31+00:00","dateModified":"2016-07-26T13:53:52+00:00","breadcrumb":{"@id":"https:\/\/www.lauracosta.com\/ca\/ano-nuevo-nueva-cara-servicio-asesoria-del-rostro-promocion\/#breadcrumb"},"inLanguage":"ca","potentialAction":[{"@type":"ReadAction","target":["https:\/\/www.lauracosta.com\/ca\/ano-nuevo-nueva-cara-servicio-asesoria-del-rostro-promocion\/"]}]},{"@type":"ImageObject","inLanguage":"ca","@id":"https:\/\/www.lauracosta.com\/ca\/ano-nuevo-nueva-cara-servicio-asesoria-del-rostro-promocion\/#primaryimage","url":"https:\/\/www.lauracosta.com\/wp-content\/uploads\/2024\/11\/Beauty-2.jpg","contentUrl":"https:\/\/www.lauracosta.com\/wp-content\/uploads\/2024\/11\/Beauty-2.jpg","width":1698,"height":1131},{"@type":"BreadcrumbList","@id":"https:\/\/www.lauracosta.com\/ca\/ano-nuevo-nueva-cara-servicio-asesoria-del-rostro-promocion\/#breadcrumb","itemListElement":[{"@type":"ListItem","position":1,"name":"Portada","item":"https:\/\/www.lauracosta.com\/"},{"@type":"ListItem","position":2,"name":"\u00a1A\u00f1o Nuevo, nueva cara! Servicio de asesor\u00eda del rostro en promoci\u00f3n"}]},{"@type":"WebSite","@id":"https:\/\/www.lauracosta.com\/#website","url":"https:\/\/www.lauracosta.com\/","name":"Laura Costa","description":"Asesor\u00eda de imagen &amp; Personal Shopper","publisher":{"@id":"https:\/\/www.lauracosta.com\/#organization"},"potentialAction":[{"@type":"SearchAction","target":{"@type":"EntryPoint","urlTemplate":"https:\/\/www.lauracosta.com\/?s={search_term_string}"},"query-input":{"@type":"PropertyValueSpecification","valueRequired":true,"valueName":"search_term_string"}}],"inLanguage":"ca"},{"@type":"Organization","@id":"https:\/\/www.lauracosta.com\/#organization","name":"Laura Costa","url":"https:\/\/www.lauracosta.com\/","logo":{"@type":"ImageObject","inLanguage":"ca","@id":"https:\/\/www.lauracosta.com\/#\/schema\/logo\/image\/","url":"https:\/\/www.lauracosta.com\/wp-content\/uploads\/2024\/11\/laura-costa-imagen-696.jpg","contentUrl":"https:\/\/www.lauracosta.com\/wp-content\/uploads\/2024\/11\/laura-costa-imagen-696.jpg","width":696,"height":696,"caption":"Laura Costa"},"image":{"@id":"https:\/\/www.lauracosta.com\/#\/schema\/logo\/image\/"}},{"@type":"Person","@id":"https:\/\/www.lauracosta.com\/#\/schema\/person\/88a3aa3a762e09aa91cddc385661d3d9","name":"factoryfy","image":{"@type":"ImageObject","inLanguage":"ca","@id":"https:\/\/secure.gravatar.com\/avatar\/f6b08826744ac84b5c5730915ab186e60373c936b9668ce079c076fa428c7725?s=96&d=mm&r=g","url":"https:\/\/secure.gravatar.com\/avatar\/f6b08826744ac84b5c5730915ab186e60373c936b9668ce079c076fa428c7725?s=96&d=mm&r=g","contentUrl":"https:\/\/secure.gravatar.com\/avatar\/f6b08826744ac84b5c5730915ab186e60373c936b9668ce079c076fa428c7725?s=96&d=mm&r=g","caption":"factoryfy"},"sameAs":["https:\/\/www.lauracosta.com"]}]}},"_links":{"self":[{"href":"https:\/\/www.lauracosta.com\/ca\/wp-json\/wp\/v2\/posts\/4833","targetHints":{"allow":["GET"]}}],"collection":[{"href":"https:\/\/www.lauracosta.com\/ca\/wp-json\/wp\/v2\/posts"}],"about":[{"href":"https:\/\/www.lauracosta.com\/ca\/wp-json\/wp\/v2\/types\/post"}],"author":[{"embeddable":true,"href":"https:\/\/www.lauracosta.com\/ca\/wp-json\/wp\/v2\/users\/1"}],"replies":[{"embeddable":true,"href":"https:\/\/www.lauracosta.com\/ca\/wp-json\/wp\/v2\/comments?post=4833"}],"version-history":[{"count":0,"href":"https:\/\/www.lauracosta.com\/ca\/wp-json\/wp\/v2\/posts\/4833\/revisions"}],"wp:featuredmedia":[{"embeddable":true,"href":"https:\/\/www.lauracosta.com\/ca\/wp-json\/wp\/v2\/media\/2801"}],"wp:attachment":[{"href":"https:\/\/www.lauracosta.com\/ca\/wp-json\/wp\/v2\/media?parent=4833"}],"wp:term":[{"taxonomy":"category","embeddable":true,"href":"https:\/\/www.lauracosta.com\/ca\/wp-json\/wp\/v2\/categories?post=4833"},{"taxonomy":"post_tag","embeddable":true,"href":"https:\/\/www.lauracosta.com\/ca\/wp-json\/wp\/v2\/tags?post=4833"}],"curies":[{"name":"wp","href":"https:\/\/api.w.org\/{rel}","templated":true}]}}