{"id":4866,"date":"2016-11-24T09:52:39","date_gmt":"2016-11-24T08:52:39","guid":{"rendered":"https:\/\/www.lauracosta.com\/pel-nadal-lassessoria-dimatge-millor-regal\/"},"modified":"2016-11-24T10:19:21","modified_gmt":"2016-11-24T09:19:21","slug":"pel-nadal-lassessoria-dimatge-millor-regal","status":"publish","type":"post","link":"https:\/\/www.lauracosta.com\/ca\/pel-nadal-lassessoria-dimatge-millor-regal\/","title":{"rendered":"PER NADAL EL MILLOR REGAL:  L&#8217;ASSESSORIA D&#8217;IMATGE"},"content":{"rendered":"<p>Si busques un obsequi original, \u00fatil i diferent per a aquest Nadal, amb els nostres serveis<strong> d&#8217;Assessoria d&#8217;Imatge<\/strong>\u00a0i els <strong>Capricis d&#8217;Imatge<\/strong> l&#8217;\u00e8xit est\u00e0 garantit.<\/p>\n<p>Valoracions, estudis, pautes, consells, experi\u00e8ncies, seguiment&#8230; una infinitat d&#8217;oportunitats per oferir el millor, al qui m\u00e9s estimes.<\/p>\n<p>&nbsp;<\/p>\n<p><strong>CAPRICIS D&#8217;IMATGE en PROMOCI\u00d3:<\/strong><\/p>\n<ul>\n<li><strong>AUTOMAQUILLATGE<\/strong><\/li>\n<\/ul>\n<p>Taller personal de automaquillaje per aprendre a treure m\u00e9s partit del rostre.<br \/>\n<strong>Preu: 120 euros<\/strong><\/p>\n<ul>\n<li><strong>ASSESSORIA EXPR\u00c9S<\/strong><\/li>\n<\/ul>\n<p>Dues hores d&#8217;an\u00e0lisis i consells: indument\u00e0ria, color, pentinat, maquillatge&#8230; en una \u00fanica sessi\u00f3<\/p>\n<p><strong>Preu: \u00a0<span style=\"text-decoration: line-through;\">170<\/span>\u00a0euros \u00a0PREU PROMOCI\u00d3: 150 euros<\/strong><\/p>\n<ul>\n<li><strong>PERSONAL SHOPPER EXPR\u00c9S<\/strong><\/li>\n<\/ul>\n<p>Tres hores de compres amb consells en una ruta de tendes programada per a ell \/ella<\/p>\n<p><strong>Preu: \u00a0<span style=\"text-decoration: line-through;\">210<\/span>\u00a0euros \u00a0PREU PROMOCI\u00d3: 180 euros<\/strong><\/p>\n<p>&nbsp;<\/p>\n<p><strong>\u00a0PACKS en PROMOCI\u00d3:<\/strong><\/p>\n<ul>\n<li><strong>PACK ENTREVISTA + 3h de PERSONAL SHOPPER INTEGRAL<\/strong><\/li>\n<\/ul>\n<p>Si el que vols \u00e9s regalar una sessi\u00f3 de valoraci\u00f3 i consells espec\u00edfics, seguit de 3 hores de compres organitzades aquest pack \u00e9s perfecte. Fes que la teva parella se senti com una veritable Pretty Woman per un dia!<\/p>\n<p><strong>Entrevista, valoraci\u00f3 i consells + 3 hores de compres<\/strong><\/p>\n<p><strong>Preu Pack dos serveis= <span style=\"text-decoration: line-through;\">\u00a0360\u00a0<\/span><\/strong><strong>PREU PROMOCI\u00d3= 320 euros (IVA incl\u00f2s)<\/strong><\/p>\n<p>&nbsp;<\/p>\n<ul>\n<li><strong>PACK ASSESSORIA D&#8217;IMATGE COMPLETA MASCULINA\u00a0<\/strong><\/li>\n<\/ul>\n<p>Si no saps que reglar a l&#8217;home de la teva vida, i creus que refor\u00e7ant el seu aspecte f\u00edsic, se sentir\u00e0 millor, <strong>l&#8217;Assessoria Completa per a home<\/strong>, \u00e9s el pack ideal.<\/p>\n<p><strong>Assessoria en el vestir + Test del color + Assessoria del rostre mascul\u00ed<\/strong><\/p>\n<p><strong>Preu Pack tres serveis=\u00a0<\/strong><strong><span style=\"text-decoration: line-through;\">690\u00a0<\/span><\/strong><strong>PREU PROMOCI\u00d3 = 600 euros (IVA incl\u00f2s)<\/strong><\/p>\n<p>&nbsp;<\/p>\n<ul>\n<li><strong>PACK ASSESSORIA D&#8217;IMATGE COMPLETA FEMENINA\u00a0<\/strong><\/li>\n<\/ul>\n<p>\u00c9s el regal perfecte que tota dona desitjaria: filla, germana, esposa, amiga&#8230; una aposta segura!<\/p>\n<p><strong>Assessoria en el vestir + Test del color + Assessoria del rostre femen\u00ed<\/strong><\/p>\n<p><strong><strong>Preu Pack tres serveis=\u00a0<strong><span style=\"text-decoration: line-through;\">730\u00a0<\/span><\/strong><\/strong><\/strong><strong>PREU PROMOCI\u00d3 = 650 euros (IVA incl\u00f2s)<\/strong><\/p>\n<p>&nbsp;<\/p>\n<ul>\n<li><strong>PACK ASSESSORIA COMPLETA EN EL VESTIR\u00a0<\/strong><\/li>\n<\/ul>\n<p>A qui no li agradaria descobrir com compensar el seu cos amb la indument\u00e0ria i els accessoris, a m\u00e9s de prendre consci\u00e8ncia de la import\u00e0ncia del color, per utilitzar-ho com a eina al seu favor? \u00a0Un excel\u00b7lent regal per a aquells que desitgin aprofundir en el vestir i les combinacions.<\/p>\n<p><strong>Assessoria en el vestir + Test del color<\/strong><\/p>\n<p><strong>Preu Pack dos serveis= \u00a0<\/strong><strong><span style=\"text-decoration: line-through;\">450\u00a0<\/span><\/strong><strong>PREU PROMOCI\u00d3= 400 euros (IVA incl\u00f2s)<\/strong><\/p>\n<p>&nbsp;<\/p>\n<ul>\n<li><strong>DUO ESPR\u00c9S: INDUMENT\u00c0RIA I ROSTRE<\/strong><\/li>\n<\/ul>\n<p>Regala una experi\u00e8ncia inoblidable: quatre hores d&#8217;Assessoria d&#8217;Imatge, per ajudar-los a treure&#8217;s m\u00e9s partit, tant del cos com del rostre, i fer-los sentir molt especials.<\/p>\n<p><strong>Assessoria Expr\u00e9s del rostre (2h)+ Assessoria Expr\u00e9s en el vestir (2h)<\/strong><\/p>\n<p><strong>Preu Pack dos serveis= \u00a0<span style=\"text-decoration: line-through;\">340<\/span>\u00a0\u00a0PREU PROMOCI\u00d3= 300 euros (IVA incl\u00f2s)<\/strong><\/p>\n<p>&nbsp;<\/p>\n<p><strong>\u00a0POTS SOL\u00b7LICITAR EL TEU TIQUET REGAL <a href=\"https:\/\/www.lauracosta.com\/ca\/contacto\/\">Clicant AQU\u00cd<\/a> o TRUCANT Al 654404028<\/strong><\/p>\n<p><a href=\"https:\/\/www.lauracosta.com\/ca\/serveis-personals\/\"><strong>Tamb\u00e9 CLICANT aqu\u00ed tindr\u00e0s m\u00e9s informaci\u00f3 sobre altres serveis individuals<\/strong><\/a><\/p>\n<p>Tots els serveis inclouen un any de consultes gratu\u00eftes a trav\u00e9s de wassup, tel\u00e8fon i mail.<\/p>\n<p>Oferta v\u00e0lida al contractar i abonar els serveis del 8 de desembre \u00a0fins al 8 de gener<\/p>\n","protected":false},"excerpt":{"rendered":"<p>Si busques un obsequi original, \u00fatil i diferent per a aquest Nadal, amb els nostres serveis d&#8217;Assessoria d&#8217;Imatge\u00a0i els Capricis d&#8217;Imatge l&#8217;\u00e8xit est\u00e0 garantit. Valoracions, estudis, pautes, consells, experi\u00e8ncies, seguiment&#8230; una infinitat d&#8217;oportunitats per oferir el millor, al qui m\u00e9s estimes. &nbsp; CAPRICIS D&#8217;IMATGE en PROMOCI\u00d3: AUTOMAQUILLATGE Taller personal de automaquillaje per aprendre a treure [&hellip;]<\/p>\n","protected":false},"author":1,"featured_media":3498,"comment_status":"closed","ping_status":"closed","sticky":false,"template":"","format":"standard","meta":{"_joinchat":[],"footnotes":""},"categories":[54],"tags":[],"class_list":["post-4866","post","type-post","status-publish","format-standard","has-post-thumbnail","hentry","category-promocio"],"yoast_head":"<!-- This site is optimized with the Yoast SEO plugin v27.5 - https:\/\/yoast.com\/product\/yoast-seo-wordpress\/ -->\n<title>PER NADAL EL MILLOR REGAL: L&#039;ASSESSORIA D&#039;IMATGE - Laura Costa<\/title>\n<meta name=\"robots\" content=\"index, follow, max-snippet:-1, max-image-preview:large, max-video-preview:-1\" \/>\n<link rel=\"canonical\" href=\"https:\/\/www.lauracosta.com\/ca\/pel-nadal-lassessoria-dimatge-millor-regal\/\" \/>\n<meta property=\"og:locale\" content=\"ca_ES\" \/>\n<meta property=\"og:type\" content=\"article\" \/>\n<meta property=\"og:title\" content=\"PER NADAL EL MILLOR REGAL: L&#039;ASSESSORIA D&#039;IMATGE - Laura Costa\" \/>\n<meta property=\"og:description\" content=\"Si busques un obsequi original, \u00fatil i diferent per a aquest Nadal, amb els nostres serveis d&#8217;Assessoria d&#8217;Imatge\u00a0i els Capricis d&#8217;Imatge l&#8217;\u00e8xit est\u00e0 garantit. Valoracions, estudis, pautes, consells, experi\u00e8ncies, seguiment&#8230; una infinitat d&#8217;oportunitats per oferir el millor, al qui m\u00e9s estimes. &nbsp; CAPRICIS D&#8217;IMATGE en PROMOCI\u00d3: AUTOMAQUILLATGE Taller personal de automaquillaje per aprendre a treure [&hellip;]\" \/>\n<meta property=\"og:url\" content=\"https:\/\/www.lauracosta.com\/ca\/pel-nadal-lassessoria-dimatge-millor-regal\/\" \/>\n<meta property=\"og:site_name\" content=\"Laura Costa\" \/>\n<meta property=\"article:published_time\" content=\"2016-11-24T08:52:39+00:00\" \/>\n<meta property=\"article:modified_time\" content=\"2016-11-24T09:19:21+00:00\" \/>\n<meta property=\"og:image\" content=\"https:\/\/www.lauracosta.com\/wp-content\/uploads\/2024\/11\/Ticket-regalo-Laura-Costa.jpg\" \/>\n\t<meta property=\"og:image:width\" content=\"1124\" \/>\n\t<meta property=\"og:image:height\" content=\"749\" \/>\n\t<meta property=\"og:image:type\" content=\"image\/jpeg\" \/>\n<meta name=\"author\" content=\"factoryfy\" \/>\n<meta name=\"twitter:card\" content=\"summary_large_image\" \/>\n<meta name=\"twitter:label1\" content=\"Escrit per\" \/>\n\t<meta name=\"twitter:data1\" content=\"factoryfy\" \/>\n\t<meta name=\"twitter:label2\" content=\"Temps estimat de lectura\" \/>\n\t<meta name=\"twitter:data2\" content=\"2 minuts\" \/>\n<script type=\"application\/ld+json\" class=\"yoast-schema-graph\">{\"@context\":\"https:\\\/\\\/schema.org\",\"@graph\":[{\"@type\":\"Article\",\"@id\":\"https:\\\/\\\/www.lauracosta.com\\\/ca\\\/pel-nadal-lassessoria-dimatge-millor-regal\\\/#article\",\"isPartOf\":{\"@id\":\"https:\\\/\\\/www.lauracosta.com\\\/ca\\\/pel-nadal-lassessoria-dimatge-millor-regal\\\/\"},\"author\":{\"name\":\"factoryfy\",\"@id\":\"https:\\\/\\\/www.lauracosta.com\\\/#\\\/schema\\\/person\\\/88a3aa3a762e09aa91cddc385661d3d9\"},\"headline\":\"PER NADAL EL MILLOR REGAL: L&#8217;ASSESSORIA D&#8217;IMATGE\",\"datePublished\":\"2016-11-24T08:52:39+00:00\",\"dateModified\":\"2016-11-24T09:19:21+00:00\",\"mainEntityOfPage\":{\"@id\":\"https:\\\/\\\/www.lauracosta.com\\\/ca\\\/pel-nadal-lassessoria-dimatge-millor-regal\\\/\"},\"wordCount\":502,\"publisher\":{\"@id\":\"https:\\\/\\\/www.lauracosta.com\\\/#organization\"},\"image\":{\"@id\":\"https:\\\/\\\/www.lauracosta.com\\\/ca\\\/pel-nadal-lassessoria-dimatge-millor-regal\\\/#primaryimage\"},\"thumbnailUrl\":\"https:\\\/\\\/www.lauracosta.com\\\/wp-content\\\/uploads\\\/2024\\\/11\\\/Ticket-regalo-Laura-Costa.jpg\",\"articleSection\":[\"Promocio\"],\"inLanguage\":\"ca\"},{\"@type\":\"WebPage\",\"@id\":\"https:\\\/\\\/www.lauracosta.com\\\/ca\\\/pel-nadal-lassessoria-dimatge-millor-regal\\\/\",\"url\":\"https:\\\/\\\/www.lauracosta.com\\\/ca\\\/pel-nadal-lassessoria-dimatge-millor-regal\\\/\",\"name\":\"PER NADAL EL MILLOR REGAL: L'ASSESSORIA D'IMATGE - Laura Costa\",\"isPartOf\":{\"@id\":\"https:\\\/\\\/www.lauracosta.com\\\/#website\"},\"primaryImageOfPage\":{\"@id\":\"https:\\\/\\\/www.lauracosta.com\\\/ca\\\/pel-nadal-lassessoria-dimatge-millor-regal\\\/#primaryimage\"},\"image\":{\"@id\":\"https:\\\/\\\/www.lauracosta.com\\\/ca\\\/pel-nadal-lassessoria-dimatge-millor-regal\\\/#primaryimage\"},\"thumbnailUrl\":\"https:\\\/\\\/www.lauracosta.com\\\/wp-content\\\/uploads\\\/2024\\\/11\\\/Ticket-regalo-Laura-Costa.jpg\",\"datePublished\":\"2016-11-24T08:52:39+00:00\",\"dateModified\":\"2016-11-24T09:19:21+00:00\",\"breadcrumb\":{\"@id\":\"https:\\\/\\\/www.lauracosta.com\\\/ca\\\/pel-nadal-lassessoria-dimatge-millor-regal\\\/#breadcrumb\"},\"inLanguage\":\"ca\",\"potentialAction\":[{\"@type\":\"ReadAction\",\"target\":[\"https:\\\/\\\/www.lauracosta.com\\\/ca\\\/pel-nadal-lassessoria-dimatge-millor-regal\\\/\"]}]},{\"@type\":\"ImageObject\",\"inLanguage\":\"ca\",\"@id\":\"https:\\\/\\\/www.lauracosta.com\\\/ca\\\/pel-nadal-lassessoria-dimatge-millor-regal\\\/#primaryimage\",\"url\":\"https:\\\/\\\/www.lauracosta.com\\\/wp-content\\\/uploads\\\/2024\\\/11\\\/Ticket-regalo-Laura-Costa.jpg\",\"contentUrl\":\"https:\\\/\\\/www.lauracosta.com\\\/wp-content\\\/uploads\\\/2024\\\/11\\\/Ticket-regalo-Laura-Costa.jpg\",\"width\":1124,\"height\":749},{\"@type\":\"BreadcrumbList\",\"@id\":\"https:\\\/\\\/www.lauracosta.com\\\/ca\\\/pel-nadal-lassessoria-dimatge-millor-regal\\\/#breadcrumb\",\"itemListElement\":[{\"@type\":\"ListItem\",\"position\":1,\"name\":\"Portada\",\"item\":\"https:\\\/\\\/www.lauracosta.com\\\/\"},{\"@type\":\"ListItem\",\"position\":2,\"name\":\"PER NADAL EL MILLOR REGAL: L&#8217;ASSESSORIA D&#8217;IMATGE\"}]},{\"@type\":\"WebSite\",\"@id\":\"https:\\\/\\\/www.lauracosta.com\\\/#website\",\"url\":\"https:\\\/\\\/www.lauracosta.com\\\/\",\"name\":\"Laura Costa\",\"description\":\"Asesor\u00eda de imagen &amp; Personal Shopper\",\"publisher\":{\"@id\":\"https:\\\/\\\/www.lauracosta.com\\\/#organization\"},\"potentialAction\":[{\"@type\":\"SearchAction\",\"target\":{\"@type\":\"EntryPoint\",\"urlTemplate\":\"https:\\\/\\\/www.lauracosta.com\\\/?s={search_term_string}\"},\"query-input\":{\"@type\":\"PropertyValueSpecification\",\"valueRequired\":true,\"valueName\":\"search_term_string\"}}],\"inLanguage\":\"ca\"},{\"@type\":\"Organization\",\"@id\":\"https:\\\/\\\/www.lauracosta.com\\\/#organization\",\"name\":\"Laura Costa\",\"url\":\"https:\\\/\\\/www.lauracosta.com\\\/\",\"logo\":{\"@type\":\"ImageObject\",\"inLanguage\":\"ca\",\"@id\":\"https:\\\/\\\/www.lauracosta.com\\\/#\\\/schema\\\/logo\\\/image\\\/\",\"url\":\"https:\\\/\\\/www.lauracosta.com\\\/wp-content\\\/uploads\\\/2024\\\/11\\\/laura-costa-imagen-696.jpg\",\"contentUrl\":\"https:\\\/\\\/www.lauracosta.com\\\/wp-content\\\/uploads\\\/2024\\\/11\\\/laura-costa-imagen-696.jpg\",\"width\":696,\"height\":696,\"caption\":\"Laura Costa\"},\"image\":{\"@id\":\"https:\\\/\\\/www.lauracosta.com\\\/#\\\/schema\\\/logo\\\/image\\\/\"}},{\"@type\":\"Person\",\"@id\":\"https:\\\/\\\/www.lauracosta.com\\\/#\\\/schema\\\/person\\\/88a3aa3a762e09aa91cddc385661d3d9\",\"name\":\"factoryfy\",\"image\":{\"@type\":\"ImageObject\",\"inLanguage\":\"ca\",\"@id\":\"https:\\\/\\\/secure.gravatar.com\\\/avatar\\\/f6b08826744ac84b5c5730915ab186e60373c936b9668ce079c076fa428c7725?s=96&d=mm&r=g\",\"url\":\"https:\\\/\\\/secure.gravatar.com\\\/avatar\\\/f6b08826744ac84b5c5730915ab186e60373c936b9668ce079c076fa428c7725?s=96&d=mm&r=g\",\"contentUrl\":\"https:\\\/\\\/secure.gravatar.com\\\/avatar\\\/f6b08826744ac84b5c5730915ab186e60373c936b9668ce079c076fa428c7725?s=96&d=mm&r=g\",\"caption\":\"factoryfy\"},\"sameAs\":[\"https:\\\/\\\/www.lauracosta.com\"]}]}<\/script>\n<!-- \/ Yoast SEO plugin. -->","yoast_head_json":{"title":"PER NADAL EL MILLOR REGAL: L'ASSESSORIA D'IMATGE - Laura Costa","robots":{"index":"index","follow":"follow","max-snippet":"max-snippet:-1","max-image-preview":"max-image-preview:large","max-video-preview":"max-video-preview:-1"},"canonical":"https:\/\/www.lauracosta.com\/ca\/pel-nadal-lassessoria-dimatge-millor-regal\/","og_locale":"ca_ES","og_type":"article","og_title":"PER NADAL EL MILLOR REGAL: L'ASSESSORIA D'IMATGE - Laura Costa","og_description":"Si busques un obsequi original, \u00fatil i diferent per a aquest Nadal, amb els nostres serveis d&#8217;Assessoria d&#8217;Imatge\u00a0i els Capricis d&#8217;Imatge l&#8217;\u00e8xit est\u00e0 garantit. Valoracions, estudis, pautes, consells, experi\u00e8ncies, seguiment&#8230; una infinitat d&#8217;oportunitats per oferir el millor, al qui m\u00e9s estimes. &nbsp; CAPRICIS D&#8217;IMATGE en PROMOCI\u00d3: AUTOMAQUILLATGE Taller personal de automaquillaje per aprendre a treure [&hellip;]","og_url":"https:\/\/www.lauracosta.com\/ca\/pel-nadal-lassessoria-dimatge-millor-regal\/","og_site_name":"Laura Costa","article_published_time":"2016-11-24T08:52:39+00:00","article_modified_time":"2016-11-24T09:19:21+00:00","og_image":[{"width":1124,"height":749,"url":"https:\/\/www.lauracosta.com\/wp-content\/uploads\/2024\/11\/Ticket-regalo-Laura-Costa.jpg","type":"image\/jpeg"}],"author":"factoryfy","twitter_card":"summary_large_image","twitter_misc":{"Escrit per":"factoryfy","Temps estimat de lectura":"2 minuts"},"schema":{"@context":"https:\/\/schema.org","@graph":[{"@type":"Article","@id":"https:\/\/www.lauracosta.com\/ca\/pel-nadal-lassessoria-dimatge-millor-regal\/#article","isPartOf":{"@id":"https:\/\/www.lauracosta.com\/ca\/pel-nadal-lassessoria-dimatge-millor-regal\/"},"author":{"name":"factoryfy","@id":"https:\/\/www.lauracosta.com\/#\/schema\/person\/88a3aa3a762e09aa91cddc385661d3d9"},"headline":"PER NADAL EL MILLOR REGAL: L&#8217;ASSESSORIA D&#8217;IMATGE","datePublished":"2016-11-24T08:52:39+00:00","dateModified":"2016-11-24T09:19:21+00:00","mainEntityOfPage":{"@id":"https:\/\/www.lauracosta.com\/ca\/pel-nadal-lassessoria-dimatge-millor-regal\/"},"wordCount":502,"publisher":{"@id":"https:\/\/www.lauracosta.com\/#organization"},"image":{"@id":"https:\/\/www.lauracosta.com\/ca\/pel-nadal-lassessoria-dimatge-millor-regal\/#primaryimage"},"thumbnailUrl":"https:\/\/www.lauracosta.com\/wp-content\/uploads\/2024\/11\/Ticket-regalo-Laura-Costa.jpg","articleSection":["Promocio"],"inLanguage":"ca"},{"@type":"WebPage","@id":"https:\/\/www.lauracosta.com\/ca\/pel-nadal-lassessoria-dimatge-millor-regal\/","url":"https:\/\/www.lauracosta.com\/ca\/pel-nadal-lassessoria-dimatge-millor-regal\/","name":"PER NADAL EL MILLOR REGAL: L'ASSESSORIA D'IMATGE - Laura Costa","isPartOf":{"@id":"https:\/\/www.lauracosta.com\/#website"},"primaryImageOfPage":{"@id":"https:\/\/www.lauracosta.com\/ca\/pel-nadal-lassessoria-dimatge-millor-regal\/#primaryimage"},"image":{"@id":"https:\/\/www.lauracosta.com\/ca\/pel-nadal-lassessoria-dimatge-millor-regal\/#primaryimage"},"thumbnailUrl":"https:\/\/www.lauracosta.com\/wp-content\/uploads\/2024\/11\/Ticket-regalo-Laura-Costa.jpg","datePublished":"2016-11-24T08:52:39+00:00","dateModified":"2016-11-24T09:19:21+00:00","breadcrumb":{"@id":"https:\/\/www.lauracosta.com\/ca\/pel-nadal-lassessoria-dimatge-millor-regal\/#breadcrumb"},"inLanguage":"ca","potentialAction":[{"@type":"ReadAction","target":["https:\/\/www.lauracosta.com\/ca\/pel-nadal-lassessoria-dimatge-millor-regal\/"]}]},{"@type":"ImageObject","inLanguage":"ca","@id":"https:\/\/www.lauracosta.com\/ca\/pel-nadal-lassessoria-dimatge-millor-regal\/#primaryimage","url":"https:\/\/www.lauracosta.com\/wp-content\/uploads\/2024\/11\/Ticket-regalo-Laura-Costa.jpg","contentUrl":"https:\/\/www.lauracosta.com\/wp-content\/uploads\/2024\/11\/Ticket-regalo-Laura-Costa.jpg","width":1124,"height":749},{"@type":"BreadcrumbList","@id":"https:\/\/www.lauracosta.com\/ca\/pel-nadal-lassessoria-dimatge-millor-regal\/#breadcrumb","itemListElement":[{"@type":"ListItem","position":1,"name":"Portada","item":"https:\/\/www.lauracosta.com\/"},{"@type":"ListItem","position":2,"name":"PER NADAL EL MILLOR REGAL: L&#8217;ASSESSORIA D&#8217;IMATGE"}]},{"@type":"WebSite","@id":"https:\/\/www.lauracosta.com\/#website","url":"https:\/\/www.lauracosta.com\/","name":"Laura Costa","description":"Asesor\u00eda de imagen &amp; Personal Shopper","publisher":{"@id":"https:\/\/www.lauracosta.com\/#organization"},"potentialAction":[{"@type":"SearchAction","target":{"@type":"EntryPoint","urlTemplate":"https:\/\/www.lauracosta.com\/?s={search_term_string}"},"query-input":{"@type":"PropertyValueSpecification","valueRequired":true,"valueName":"search_term_string"}}],"inLanguage":"ca"},{"@type":"Organization","@id":"https:\/\/www.lauracosta.com\/#organization","name":"Laura Costa","url":"https:\/\/www.lauracosta.com\/","logo":{"@type":"ImageObject","inLanguage":"ca","@id":"https:\/\/www.lauracosta.com\/#\/schema\/logo\/image\/","url":"https:\/\/www.lauracosta.com\/wp-content\/uploads\/2024\/11\/laura-costa-imagen-696.jpg","contentUrl":"https:\/\/www.lauracosta.com\/wp-content\/uploads\/2024\/11\/laura-costa-imagen-696.jpg","width":696,"height":696,"caption":"Laura Costa"},"image":{"@id":"https:\/\/www.lauracosta.com\/#\/schema\/logo\/image\/"}},{"@type":"Person","@id":"https:\/\/www.lauracosta.com\/#\/schema\/person\/88a3aa3a762e09aa91cddc385661d3d9","name":"factoryfy","image":{"@type":"ImageObject","inLanguage":"ca","@id":"https:\/\/secure.gravatar.com\/avatar\/f6b08826744ac84b5c5730915ab186e60373c936b9668ce079c076fa428c7725?s=96&d=mm&r=g","url":"https:\/\/secure.gravatar.com\/avatar\/f6b08826744ac84b5c5730915ab186e60373c936b9668ce079c076fa428c7725?s=96&d=mm&r=g","contentUrl":"https:\/\/secure.gravatar.com\/avatar\/f6b08826744ac84b5c5730915ab186e60373c936b9668ce079c076fa428c7725?s=96&d=mm&r=g","caption":"factoryfy"},"sameAs":["https:\/\/www.lauracosta.com"]}]}},"_links":{"self":[{"href":"https:\/\/www.lauracosta.com\/ca\/wp-json\/wp\/v2\/posts\/4866","targetHints":{"allow":["GET"]}}],"collection":[{"href":"https:\/\/www.lauracosta.com\/ca\/wp-json\/wp\/v2\/posts"}],"about":[{"href":"https:\/\/www.lauracosta.com\/ca\/wp-json\/wp\/v2\/types\/post"}],"author":[{"embeddable":true,"href":"https:\/\/www.lauracosta.com\/ca\/wp-json\/wp\/v2\/users\/1"}],"replies":[{"embeddable":true,"href":"https:\/\/www.lauracosta.com\/ca\/wp-json\/wp\/v2\/comments?post=4866"}],"version-history":[{"count":0,"href":"https:\/\/www.lauracosta.com\/ca\/wp-json\/wp\/v2\/posts\/4866\/revisions"}],"wp:featuredmedia":[{"embeddable":true,"href":"https:\/\/www.lauracosta.com\/ca\/wp-json\/wp\/v2\/media\/3498"}],"wp:attachment":[{"href":"https:\/\/www.lauracosta.com\/ca\/wp-json\/wp\/v2\/media?parent=4866"}],"wp:term":[{"taxonomy":"category","embeddable":true,"href":"https:\/\/www.lauracosta.com\/ca\/wp-json\/wp\/v2\/categories?post=4866"},{"taxonomy":"post_tag","embeddable":true,"href":"https:\/\/www.lauracosta.com\/ca\/wp-json\/wp\/v2\/tags?post=4866"}],"curies":[{"name":"wp","href":"https:\/\/api.w.org\/{rel}","templated":true}]}}