{"id":4882,"date":"2017-03-14T15:02:38","date_gmt":"2017-03-14T14:02:38","guid":{"rendered":"https:\/\/www.lauracosta.com\/personal-shopper-2017\/"},"modified":"2017-03-14T15:10:40","modified_gmt":"2017-03-14T14:10:40","slug":"personal-shopper-2017","status":"publish","type":"post","link":"https:\/\/www.lauracosta.com\/ca\/personal-shopper-2017\/","title":{"rendered":"PERSONAL SHOPPER  2017"},"content":{"rendered":"<p><strong>Personal Shopper Primavera Estiu 2017<\/strong><\/p>\n<p>\u00bfPrepar@ts per a les compres?<\/p>\n<p>Despr\u00e9s del llarg i fred hivern, rebem aquests dies de sol amb ganes de canviar la indument\u00e0ria gruixuda, fosca i pesada, per peces lluminoses i lleugeres.<\/p>\n<p>Si est\u00e0s pensant en contractar els meus serveis, recorda que ofereixo diverses modalitats de Personal Shopper.<\/p>\n<p>Tria la m\u00e9s adequada per a tu:<\/p>\n<ul>\n<li><strong>Personal Shopper per enc\u00e0rrec-<\/strong> Concretem per tel\u00e8fon una llista de peces i accessoris. Em despla\u00e7o a les botigues a la seva recerca. T&#8217;envio fotos per Wassup. Et compro les que t&#8217;agraden i te les envio a casa teva en un servei de 24 hores.<strong> Preu:<\/strong>\u00a060 euros l&#8217;hora, el total dependr\u00e0 de la llista de peces i accessoris a comprar.<\/li>\n<\/ul>\n<ul>\n<li><strong>Personal Shopper Integral-<\/strong> S&#8217;inicia amb una entrevista personal en el meu despatx, en la qual porto dur a terme una valoraci\u00f3 de la tipologia del teu cos i dels colors que m\u00e9s t&#8217;afavoreixen. Elaborem una llista de peces tenint en compte les teves necessitats i presupuest. Et preparo un tour per diverses botigues, a les que haur\u00e9 anat pr\u00e8viament per preseleccionar les peces i accessoris m\u00e9s adequats per a la tu. <strong>Preu:<\/strong> 90 euros l&#8217;entrevista + 90 euros l&#8217;hora de compres, m\u00ednim dues hores.<\/li>\n<\/ul>\n<ul>\n<li><strong>Personal Shopper Expr\u00e9s-<\/strong>Programem una cita per anar de compres, per\u00f2 pr\u00e8viament haur\u00e0s de contestar un q\u00fcestionari, \u00a0per tal de poder organitzar la ruta m\u00e9s adequada de botigues. Aquesta modalitat no inclou preselecci\u00f3 de peces en les botigues, \u00fanicamete la ruta personal. <strong>Preu:<\/strong> 70 euros l&#8217;hora.<\/li>\n<\/ul>\n<ul>\n<li><strong>Personal Shopper online<\/strong>&#8211; Haur\u00e0s de contestar un q\u00fcestionari onlinea, enviar-nos algunes fotografies i fer una transfer\u00e8ncia banc\u00e0ria de l&#8217;import del servei. Posteriorment et facilitar\u00e9 els enlla\u00e7os corresponents a les marques d&#8217;indument\u00e0ria i accessoris, per a qu\u00e8 les compris online. <strong>Preu:<\/strong> 120 euros 2 looks<\/li>\n<\/ul>\n<ul>\n<li><strong><strong><strong>Estudi de Fons d&#8217;armari + Personal Shopper-\u00a0<\/strong><\/strong><\/strong>Em despla\u00e7o a casa teva, valoro el teu vestuari traient partit de les peces que tens,\u00a0combinant-les de diferents maneres. Elaborem una llista de les peces imprescindibles per a tu, tenint en compte les teves\u00a0necessitats personals i professionals. T\u2019acompanyo a comprar-les, oferint-te el servei de Personal\u00a0Shopper Integral. <strong>Preu: <\/strong>90 euros l&#8217;hora d&#8217;Estudi de Fons d&#8217;armari (m\u00ednim dues hores) + 90 euros l&#8217;hora de Personal Shopper (m\u00ednim dues hores).<\/li>\n<\/ul>\n<p><strong>Recorda que tots els serveis inclouen un any de consultes gratu\u00eftes per mail, tel\u00e8fon o Wassup.<\/strong><\/p>\n<p><strong>Si vols concertar una visita truca\u00a0directament\u00a0al: \u00a0654 40 40 28 o clica a <a href=\"https:\/\/www.lauracosta.com\/ca\/contacto\/\">CONTACTE<\/a><\/strong><\/p>\n","protected":false},"excerpt":{"rendered":"<p>Personal Shopper Primavera Estiu 2017 \u00bfPrepar@ts per a les compres? Despr\u00e9s del llarg i fred hivern, rebem aquests dies de sol amb ganes de canviar la indument\u00e0ria gruixuda, fosca i pesada, per peces lluminoses i lleugeres. Si est\u00e0s pensant en contractar els meus serveis, recorda que ofereixo diverses modalitats de Personal Shopper. Tria la m\u00e9s [&hellip;]<\/p>\n","protected":false},"author":1,"featured_media":3615,"comment_status":"closed","ping_status":"closed","sticky":false,"template":"","format":"standard","meta":{"_joinchat":[],"footnotes":""},"categories":[54],"tags":[],"class_list":["post-4882","post","type-post","status-publish","format-standard","has-post-thumbnail","hentry","category-promocio"],"yoast_head":"<!-- This site is optimized with the Yoast SEO plugin v27.5 - https:\/\/yoast.com\/product\/yoast-seo-wordpress\/ -->\n<title>PERSONAL SHOPPER 2017 - Laura Costa<\/title>\n<meta name=\"robots\" content=\"index, follow, max-snippet:-1, max-image-preview:large, max-video-preview:-1\" \/>\n<link rel=\"canonical\" href=\"https:\/\/www.lauracosta.com\/ca\/personal-shopper-2017\/\" \/>\n<meta property=\"og:locale\" content=\"ca_ES\" \/>\n<meta property=\"og:type\" content=\"article\" \/>\n<meta property=\"og:title\" content=\"PERSONAL SHOPPER 2017 - Laura Costa\" \/>\n<meta property=\"og:description\" content=\"Personal Shopper Primavera Estiu 2017 \u00bfPrepar@ts per a les compres? Despr\u00e9s del llarg i fred hivern, rebem aquests dies de sol amb ganes de canviar la indument\u00e0ria gruixuda, fosca i pesada, per peces lluminoses i lleugeres. Si est\u00e0s pensant en contractar els meus serveis, recorda que ofereixo diverses modalitats de Personal Shopper. Tria la m\u00e9s [&hellip;]\" \/>\n<meta property=\"og:url\" content=\"https:\/\/www.lauracosta.com\/ca\/personal-shopper-2017\/\" \/>\n<meta property=\"og:site_name\" content=\"Laura Costa\" \/>\n<meta property=\"article:published_time\" content=\"2017-03-14T14:02:38+00:00\" \/>\n<meta property=\"article:modified_time\" content=\"2017-03-14T14:10:40+00:00\" \/>\n<meta property=\"og:image\" content=\"https:\/\/www.lauracosta.com\/wp-content\/uploads\/2024\/11\/IMG_7880-scaled.jpg\" \/>\n\t<meta property=\"og:image:width\" content=\"2560\" \/>\n\t<meta property=\"og:image:height\" content=\"1707\" \/>\n\t<meta property=\"og:image:type\" content=\"image\/jpeg\" \/>\n<meta name=\"author\" content=\"factoryfy\" \/>\n<meta name=\"twitter:card\" content=\"summary_large_image\" \/>\n<meta name=\"twitter:label1\" content=\"Escrit per\" \/>\n\t<meta name=\"twitter:data1\" content=\"factoryfy\" \/>\n\t<meta name=\"twitter:label2\" content=\"Temps estimat de lectura\" \/>\n\t<meta name=\"twitter:data2\" content=\"2 minuts\" \/>\n<script type=\"application\/ld+json\" class=\"yoast-schema-graph\">{\"@context\":\"https:\\\/\\\/schema.org\",\"@graph\":[{\"@type\":\"Article\",\"@id\":\"https:\\\/\\\/www.lauracosta.com\\\/ca\\\/personal-shopper-2017\\\/#article\",\"isPartOf\":{\"@id\":\"https:\\\/\\\/www.lauracosta.com\\\/ca\\\/personal-shopper-2017\\\/\"},\"author\":{\"name\":\"factoryfy\",\"@id\":\"https:\\\/\\\/www.lauracosta.com\\\/#\\\/schema\\\/person\\\/88a3aa3a762e09aa91cddc385661d3d9\"},\"headline\":\"PERSONAL SHOPPER 2017\",\"datePublished\":\"2017-03-14T14:02:38+00:00\",\"dateModified\":\"2017-03-14T14:10:40+00:00\",\"mainEntityOfPage\":{\"@id\":\"https:\\\/\\\/www.lauracosta.com\\\/ca\\\/personal-shopper-2017\\\/\"},\"wordCount\":430,\"publisher\":{\"@id\":\"https:\\\/\\\/www.lauracosta.com\\\/#organization\"},\"image\":{\"@id\":\"https:\\\/\\\/www.lauracosta.com\\\/ca\\\/personal-shopper-2017\\\/#primaryimage\"},\"thumbnailUrl\":\"https:\\\/\\\/www.lauracosta.com\\\/wp-content\\\/uploads\\\/2024\\\/11\\\/IMG_7880-scaled.jpg\",\"articleSection\":[\"Promocio\"],\"inLanguage\":\"ca\"},{\"@type\":\"WebPage\",\"@id\":\"https:\\\/\\\/www.lauracosta.com\\\/ca\\\/personal-shopper-2017\\\/\",\"url\":\"https:\\\/\\\/www.lauracosta.com\\\/ca\\\/personal-shopper-2017\\\/\",\"name\":\"PERSONAL SHOPPER 2017 - Laura Costa\",\"isPartOf\":{\"@id\":\"https:\\\/\\\/www.lauracosta.com\\\/#website\"},\"primaryImageOfPage\":{\"@id\":\"https:\\\/\\\/www.lauracosta.com\\\/ca\\\/personal-shopper-2017\\\/#primaryimage\"},\"image\":{\"@id\":\"https:\\\/\\\/www.lauracosta.com\\\/ca\\\/personal-shopper-2017\\\/#primaryimage\"},\"thumbnailUrl\":\"https:\\\/\\\/www.lauracosta.com\\\/wp-content\\\/uploads\\\/2024\\\/11\\\/IMG_7880-scaled.jpg\",\"datePublished\":\"2017-03-14T14:02:38+00:00\",\"dateModified\":\"2017-03-14T14:10:40+00:00\",\"breadcrumb\":{\"@id\":\"https:\\\/\\\/www.lauracosta.com\\\/ca\\\/personal-shopper-2017\\\/#breadcrumb\"},\"inLanguage\":\"ca\",\"potentialAction\":[{\"@type\":\"ReadAction\",\"target\":[\"https:\\\/\\\/www.lauracosta.com\\\/ca\\\/personal-shopper-2017\\\/\"]}]},{\"@type\":\"ImageObject\",\"inLanguage\":\"ca\",\"@id\":\"https:\\\/\\\/www.lauracosta.com\\\/ca\\\/personal-shopper-2017\\\/#primaryimage\",\"url\":\"https:\\\/\\\/www.lauracosta.com\\\/wp-content\\\/uploads\\\/2024\\\/11\\\/IMG_7880-scaled.jpg\",\"contentUrl\":\"https:\\\/\\\/www.lauracosta.com\\\/wp-content\\\/uploads\\\/2024\\\/11\\\/IMG_7880-scaled.jpg\",\"width\":2560,\"height\":1707},{\"@type\":\"BreadcrumbList\",\"@id\":\"https:\\\/\\\/www.lauracosta.com\\\/ca\\\/personal-shopper-2017\\\/#breadcrumb\",\"itemListElement\":[{\"@type\":\"ListItem\",\"position\":1,\"name\":\"Portada\",\"item\":\"https:\\\/\\\/www.lauracosta.com\\\/\"},{\"@type\":\"ListItem\",\"position\":2,\"name\":\"PERSONAL SHOPPER 2017\"}]},{\"@type\":\"WebSite\",\"@id\":\"https:\\\/\\\/www.lauracosta.com\\\/#website\",\"url\":\"https:\\\/\\\/www.lauracosta.com\\\/\",\"name\":\"Laura Costa\",\"description\":\"Asesor\u00eda de imagen &amp; Personal Shopper\",\"publisher\":{\"@id\":\"https:\\\/\\\/www.lauracosta.com\\\/#organization\"},\"potentialAction\":[{\"@type\":\"SearchAction\",\"target\":{\"@type\":\"EntryPoint\",\"urlTemplate\":\"https:\\\/\\\/www.lauracosta.com\\\/?s={search_term_string}\"},\"query-input\":{\"@type\":\"PropertyValueSpecification\",\"valueRequired\":true,\"valueName\":\"search_term_string\"}}],\"inLanguage\":\"ca\"},{\"@type\":\"Organization\",\"@id\":\"https:\\\/\\\/www.lauracosta.com\\\/#organization\",\"name\":\"Laura Costa\",\"url\":\"https:\\\/\\\/www.lauracosta.com\\\/\",\"logo\":{\"@type\":\"ImageObject\",\"inLanguage\":\"ca\",\"@id\":\"https:\\\/\\\/www.lauracosta.com\\\/#\\\/schema\\\/logo\\\/image\\\/\",\"url\":\"https:\\\/\\\/www.lauracosta.com\\\/wp-content\\\/uploads\\\/2024\\\/11\\\/laura-costa-imagen-696.jpg\",\"contentUrl\":\"https:\\\/\\\/www.lauracosta.com\\\/wp-content\\\/uploads\\\/2024\\\/11\\\/laura-costa-imagen-696.jpg\",\"width\":696,\"height\":696,\"caption\":\"Laura Costa\"},\"image\":{\"@id\":\"https:\\\/\\\/www.lauracosta.com\\\/#\\\/schema\\\/logo\\\/image\\\/\"}},{\"@type\":\"Person\",\"@id\":\"https:\\\/\\\/www.lauracosta.com\\\/#\\\/schema\\\/person\\\/88a3aa3a762e09aa91cddc385661d3d9\",\"name\":\"factoryfy\",\"image\":{\"@type\":\"ImageObject\",\"inLanguage\":\"ca\",\"@id\":\"https:\\\/\\\/secure.gravatar.com\\\/avatar\\\/f6b08826744ac84b5c5730915ab186e60373c936b9668ce079c076fa428c7725?s=96&d=mm&r=g\",\"url\":\"https:\\\/\\\/secure.gravatar.com\\\/avatar\\\/f6b08826744ac84b5c5730915ab186e60373c936b9668ce079c076fa428c7725?s=96&d=mm&r=g\",\"contentUrl\":\"https:\\\/\\\/secure.gravatar.com\\\/avatar\\\/f6b08826744ac84b5c5730915ab186e60373c936b9668ce079c076fa428c7725?s=96&d=mm&r=g\",\"caption\":\"factoryfy\"},\"sameAs\":[\"https:\\\/\\\/www.lauracosta.com\"]}]}<\/script>\n<!-- \/ Yoast SEO plugin. -->","yoast_head_json":{"title":"PERSONAL SHOPPER 2017 - Laura Costa","robots":{"index":"index","follow":"follow","max-snippet":"max-snippet:-1","max-image-preview":"max-image-preview:large","max-video-preview":"max-video-preview:-1"},"canonical":"https:\/\/www.lauracosta.com\/ca\/personal-shopper-2017\/","og_locale":"ca_ES","og_type":"article","og_title":"PERSONAL SHOPPER 2017 - Laura Costa","og_description":"Personal Shopper Primavera Estiu 2017 \u00bfPrepar@ts per a les compres? Despr\u00e9s del llarg i fred hivern, rebem aquests dies de sol amb ganes de canviar la indument\u00e0ria gruixuda, fosca i pesada, per peces lluminoses i lleugeres. Si est\u00e0s pensant en contractar els meus serveis, recorda que ofereixo diverses modalitats de Personal Shopper. Tria la m\u00e9s [&hellip;]","og_url":"https:\/\/www.lauracosta.com\/ca\/personal-shopper-2017\/","og_site_name":"Laura Costa","article_published_time":"2017-03-14T14:02:38+00:00","article_modified_time":"2017-03-14T14:10:40+00:00","og_image":[{"width":2560,"height":1707,"url":"https:\/\/www.lauracosta.com\/wp-content\/uploads\/2024\/11\/IMG_7880-scaled.jpg","type":"image\/jpeg"}],"author":"factoryfy","twitter_card":"summary_large_image","twitter_misc":{"Escrit per":"factoryfy","Temps estimat de lectura":"2 minuts"},"schema":{"@context":"https:\/\/schema.org","@graph":[{"@type":"Article","@id":"https:\/\/www.lauracosta.com\/ca\/personal-shopper-2017\/#article","isPartOf":{"@id":"https:\/\/www.lauracosta.com\/ca\/personal-shopper-2017\/"},"author":{"name":"factoryfy","@id":"https:\/\/www.lauracosta.com\/#\/schema\/person\/88a3aa3a762e09aa91cddc385661d3d9"},"headline":"PERSONAL SHOPPER 2017","datePublished":"2017-03-14T14:02:38+00:00","dateModified":"2017-03-14T14:10:40+00:00","mainEntityOfPage":{"@id":"https:\/\/www.lauracosta.com\/ca\/personal-shopper-2017\/"},"wordCount":430,"publisher":{"@id":"https:\/\/www.lauracosta.com\/#organization"},"image":{"@id":"https:\/\/www.lauracosta.com\/ca\/personal-shopper-2017\/#primaryimage"},"thumbnailUrl":"https:\/\/www.lauracosta.com\/wp-content\/uploads\/2024\/11\/IMG_7880-scaled.jpg","articleSection":["Promocio"],"inLanguage":"ca"},{"@type":"WebPage","@id":"https:\/\/www.lauracosta.com\/ca\/personal-shopper-2017\/","url":"https:\/\/www.lauracosta.com\/ca\/personal-shopper-2017\/","name":"PERSONAL SHOPPER 2017 - Laura Costa","isPartOf":{"@id":"https:\/\/www.lauracosta.com\/#website"},"primaryImageOfPage":{"@id":"https:\/\/www.lauracosta.com\/ca\/personal-shopper-2017\/#primaryimage"},"image":{"@id":"https:\/\/www.lauracosta.com\/ca\/personal-shopper-2017\/#primaryimage"},"thumbnailUrl":"https:\/\/www.lauracosta.com\/wp-content\/uploads\/2024\/11\/IMG_7880-scaled.jpg","datePublished":"2017-03-14T14:02:38+00:00","dateModified":"2017-03-14T14:10:40+00:00","breadcrumb":{"@id":"https:\/\/www.lauracosta.com\/ca\/personal-shopper-2017\/#breadcrumb"},"inLanguage":"ca","potentialAction":[{"@type":"ReadAction","target":["https:\/\/www.lauracosta.com\/ca\/personal-shopper-2017\/"]}]},{"@type":"ImageObject","inLanguage":"ca","@id":"https:\/\/www.lauracosta.com\/ca\/personal-shopper-2017\/#primaryimage","url":"https:\/\/www.lauracosta.com\/wp-content\/uploads\/2024\/11\/IMG_7880-scaled.jpg","contentUrl":"https:\/\/www.lauracosta.com\/wp-content\/uploads\/2024\/11\/IMG_7880-scaled.jpg","width":2560,"height":1707},{"@type":"BreadcrumbList","@id":"https:\/\/www.lauracosta.com\/ca\/personal-shopper-2017\/#breadcrumb","itemListElement":[{"@type":"ListItem","position":1,"name":"Portada","item":"https:\/\/www.lauracosta.com\/"},{"@type":"ListItem","position":2,"name":"PERSONAL SHOPPER 2017"}]},{"@type":"WebSite","@id":"https:\/\/www.lauracosta.com\/#website","url":"https:\/\/www.lauracosta.com\/","name":"Laura Costa","description":"Asesor\u00eda de imagen &amp; Personal Shopper","publisher":{"@id":"https:\/\/www.lauracosta.com\/#organization"},"potentialAction":[{"@type":"SearchAction","target":{"@type":"EntryPoint","urlTemplate":"https:\/\/www.lauracosta.com\/?s={search_term_string}"},"query-input":{"@type":"PropertyValueSpecification","valueRequired":true,"valueName":"search_term_string"}}],"inLanguage":"ca"},{"@type":"Organization","@id":"https:\/\/www.lauracosta.com\/#organization","name":"Laura Costa","url":"https:\/\/www.lauracosta.com\/","logo":{"@type":"ImageObject","inLanguage":"ca","@id":"https:\/\/www.lauracosta.com\/#\/schema\/logo\/image\/","url":"https:\/\/www.lauracosta.com\/wp-content\/uploads\/2024\/11\/laura-costa-imagen-696.jpg","contentUrl":"https:\/\/www.lauracosta.com\/wp-content\/uploads\/2024\/11\/laura-costa-imagen-696.jpg","width":696,"height":696,"caption":"Laura Costa"},"image":{"@id":"https:\/\/www.lauracosta.com\/#\/schema\/logo\/image\/"}},{"@type":"Person","@id":"https:\/\/www.lauracosta.com\/#\/schema\/person\/88a3aa3a762e09aa91cddc385661d3d9","name":"factoryfy","image":{"@type":"ImageObject","inLanguage":"ca","@id":"https:\/\/secure.gravatar.com\/avatar\/f6b08826744ac84b5c5730915ab186e60373c936b9668ce079c076fa428c7725?s=96&d=mm&r=g","url":"https:\/\/secure.gravatar.com\/avatar\/f6b08826744ac84b5c5730915ab186e60373c936b9668ce079c076fa428c7725?s=96&d=mm&r=g","contentUrl":"https:\/\/secure.gravatar.com\/avatar\/f6b08826744ac84b5c5730915ab186e60373c936b9668ce079c076fa428c7725?s=96&d=mm&r=g","caption":"factoryfy"},"sameAs":["https:\/\/www.lauracosta.com"]}]}},"_links":{"self":[{"href":"https:\/\/www.lauracosta.com\/ca\/wp-json\/wp\/v2\/posts\/4882","targetHints":{"allow":["GET"]}}],"collection":[{"href":"https:\/\/www.lauracosta.com\/ca\/wp-json\/wp\/v2\/posts"}],"about":[{"href":"https:\/\/www.lauracosta.com\/ca\/wp-json\/wp\/v2\/types\/post"}],"author":[{"embeddable":true,"href":"https:\/\/www.lauracosta.com\/ca\/wp-json\/wp\/v2\/users\/1"}],"replies":[{"embeddable":true,"href":"https:\/\/www.lauracosta.com\/ca\/wp-json\/wp\/v2\/comments?post=4882"}],"version-history":[{"count":0,"href":"https:\/\/www.lauracosta.com\/ca\/wp-json\/wp\/v2\/posts\/4882\/revisions"}],"wp:featuredmedia":[{"embeddable":true,"href":"https:\/\/www.lauracosta.com\/ca\/wp-json\/wp\/v2\/media\/3615"}],"wp:attachment":[{"href":"https:\/\/www.lauracosta.com\/ca\/wp-json\/wp\/v2\/media?parent=4882"}],"wp:term":[{"taxonomy":"category","embeddable":true,"href":"https:\/\/www.lauracosta.com\/ca\/wp-json\/wp\/v2\/categories?post=4882"},{"taxonomy":"post_tag","embeddable":true,"href":"https:\/\/www.lauracosta.com\/ca\/wp-json\/wp\/v2\/tags?post=4882"}],"curies":[{"name":"wp","href":"https:\/\/api.w.org\/{rel}","templated":true}]}}