{"id":4887,"date":"2017-08-24T18:52:11","date_gmt":"2017-08-24T16:52:11","guid":{"rendered":"https:\/\/www.lauracosta.com\/la-postura-corporal-en-la-imatge-personal\/"},"modified":"2017-08-24T18:47:31","modified_gmt":"2017-08-24T16:47:31","slug":"la-postura-corporal-en-la-imatge-personal","status":"publish","type":"post","link":"https:\/\/www.lauracosta.com\/ca\/la-postura-corporal-en-la-imatge-personal\/","title":{"rendered":"LA POSTURA CORPORAL EN LA IMATGE PERSONAL"},"content":{"rendered":"<p><strong>La postura corporal \u00e9s un factor crucial en la imatge personal<\/strong><\/p>\n<p>La <strong>postura corporal<\/strong> , forma part de l&#8217;expressi\u00f3 i de la comunicaci\u00f3 no verbal. Un mateix cos amb una o una altra postura, \u00e9s capa\u00e7 de transmetre diferents missatges. Missatges, que els nostres interlocutors desxifren inconscientment. Missatges que queden gravats en la seva ment, refor\u00e7ant-se posteriorment amb el nostre discurs.<br \/>\nLa nostra <strong>imatge<\/strong> \u00e9s la manera en com ens \u00a0mostrem al m\u00f3n i tamb\u00e9 a nosaltres mateixos. Per tant deu haver-hi un reconeixement i acceptaci\u00f3 del nostre aspecte f\u00edsic, a fi que sigui un vehicle positiu per transmetre sense objecci\u00f3, la nostra veritable personalitat. Aquesta \u00e9s la clau per sentir-nos a gust amb la nostra projecci\u00f3.<\/p>\n<p>Podem dir que una<strong> postura corporal<\/strong> indica la nostra forma de ser i de viure la vida.<\/p>\n<p>Entenem que la import\u00e0ncia de la linealidad en la postura \u00e9s determinant si volem mostrar: seguretat, fermesa, estabilitat, autoconfian\u00e7a\u2026 Per\u00f2 \u00e9s m\u00e9s, moltes vegades en treballar i canviar la <strong>postura corporal<\/strong> curiosament aconseguim integrar aquestes mateixes qualitats en la nostra actitud.<\/p>\n<p>Si una persona que abans caminava amb una postura tancada, canvia aquesta postura, directament tamb\u00e9 canviar\u00e0 la seva actitud. El m\u00f3n la percebr\u00e0 i la rebr\u00e0 amb m\u00e9s respecte.<\/p>\n<p>Un altre factor important sobre el qual treballa la <strong>postura corporal<\/strong> \u00e9s el de l&#8217;espai. Moltes persones que tenen un volum corporal petit en posar atenci\u00f3 en la seva postura, aconsegueixen expandir el seu cos i ampliar l&#8217;espai que ocupen. De tal forma que aconsegueixen aparentar una grand\u00e0ria superior al que realment tenen.<\/p>\n<p>A m\u00e9s, en obrir el pit, les espatlles giren cap a enrere, demostrant que no tenim res que t\u00e9mer, que podem ser nosaltres mateixos sense protegir l&#8217;\u00f2rgan m\u00e9s feble del nostre cos, el nostre cor. En exhibir-ho sense pors ni objeccions, ens estem reafirmant en nosaltres mateixos, demostrant que som capa\u00e7os d&#8217;afrontar qualsevol viv\u00e8ncia.<\/p>\n<p>Vull compartir aquesta frase de Bertrand Arthur William Russell, \u00a0perqu\u00e8 m&#8217;encanta i a m\u00e9s \u00e9s ben certa.<\/p>\n<p><strong>&#8220;Quan un home sap a on va, el m\u00f3n sencer s&#8217;aparta per donar-li pas&#8221;<\/strong><\/p>\n<p>Tot \u00e9s actitud, i l&#8217;actitud la mostrem amb postura corporal.<\/p>\n","protected":false},"excerpt":{"rendered":"<p>La postura corporal \u00e9s un factor crucial en la imatge personal La postura corporal , forma part de l&#8217;expressi\u00f3 i de la comunicaci\u00f3 no verbal. Un mateix cos amb una o una altra postura, \u00e9s capa\u00e7 de transmetre diferents missatges. Missatges, que els nostres interlocutors desxifren inconscientment. Missatges que queden gravats en la seva ment, [&hellip;]<\/p>\n","protected":false},"author":1,"featured_media":3670,"comment_status":"closed","ping_status":"closed","sticky":false,"template":"","format":"standard","meta":{"_joinchat":[],"footnotes":""},"categories":[48],"tags":[309,265],"class_list":["post-4887","post","type-post","status-publish","format-standard","has-post-thumbnail","hentry","category-blog-ca","tag-imatge-personal","tag-postura-corporal"],"yoast_head":"<!-- This site is optimized with the Yoast SEO plugin v27.5 - https:\/\/yoast.com\/product\/yoast-seo-wordpress\/ -->\n<title>LA POSTURA CORPORAL EN LA IMATGE PERSONAL - Laura Costa<\/title>\n<meta name=\"robots\" content=\"index, follow, max-snippet:-1, max-image-preview:large, max-video-preview:-1\" \/>\n<link rel=\"canonical\" href=\"https:\/\/www.lauracosta.com\/ca\/la-postura-corporal-en-la-imatge-personal\/\" \/>\n<meta property=\"og:locale\" content=\"ca_ES\" \/>\n<meta property=\"og:type\" content=\"article\" \/>\n<meta property=\"og:title\" content=\"LA POSTURA CORPORAL EN LA IMATGE PERSONAL - Laura Costa\" \/>\n<meta property=\"og:description\" content=\"La postura corporal \u00e9s un factor crucial en la imatge personal La postura corporal , forma part de l&#8217;expressi\u00f3 i de la comunicaci\u00f3 no verbal. Un mateix cos amb una o una altra postura, \u00e9s capa\u00e7 de transmetre diferents missatges. Missatges, que els nostres interlocutors desxifren inconscientment. Missatges que queden gravats en la seva ment, [&hellip;]\" \/>\n<meta property=\"og:url\" content=\"https:\/\/www.lauracosta.com\/ca\/la-postura-corporal-en-la-imatge-personal\/\" \/>\n<meta property=\"og:site_name\" content=\"Laura Costa\" \/>\n<meta property=\"article:published_time\" content=\"2017-08-24T16:52:11+00:00\" \/>\n<meta property=\"og:image\" content=\"https:\/\/www.lauracosta.com\/wp-content\/uploads\/2024\/11\/e1458146049143.jpg\" \/>\n\t<meta property=\"og:image:width\" content=\"1098\" \/>\n\t<meta property=\"og:image:height\" content=\"734\" \/>\n\t<meta property=\"og:image:type\" content=\"image\/jpeg\" \/>\n<meta name=\"author\" content=\"factoryfy\" \/>\n<meta name=\"twitter:card\" content=\"summary_large_image\" \/>\n<meta name=\"twitter:label1\" content=\"Escrit per\" \/>\n\t<meta name=\"twitter:data1\" content=\"factoryfy\" \/>\n\t<meta name=\"twitter:label2\" content=\"Temps estimat de lectura\" \/>\n\t<meta name=\"twitter:data2\" content=\"2 minuts\" \/>\n<script type=\"application\/ld+json\" class=\"yoast-schema-graph\">{\"@context\":\"https:\\\/\\\/schema.org\",\"@graph\":[{\"@type\":\"Article\",\"@id\":\"https:\\\/\\\/www.lauracosta.com\\\/ca\\\/la-postura-corporal-en-la-imatge-personal\\\/#article\",\"isPartOf\":{\"@id\":\"https:\\\/\\\/www.lauracosta.com\\\/ca\\\/la-postura-corporal-en-la-imatge-personal\\\/\"},\"author\":{\"name\":\"factoryfy\",\"@id\":\"https:\\\/\\\/www.lauracosta.com\\\/#\\\/schema\\\/person\\\/88a3aa3a762e09aa91cddc385661d3d9\"},\"headline\":\"LA POSTURA CORPORAL EN LA IMATGE PERSONAL\",\"datePublished\":\"2017-08-24T16:52:11+00:00\",\"mainEntityOfPage\":{\"@id\":\"https:\\\/\\\/www.lauracosta.com\\\/ca\\\/la-postura-corporal-en-la-imatge-personal\\\/\"},\"wordCount\":382,\"publisher\":{\"@id\":\"https:\\\/\\\/www.lauracosta.com\\\/#organization\"},\"image\":{\"@id\":\"https:\\\/\\\/www.lauracosta.com\\\/ca\\\/la-postura-corporal-en-la-imatge-personal\\\/#primaryimage\"},\"thumbnailUrl\":\"https:\\\/\\\/www.lauracosta.com\\\/wp-content\\\/uploads\\\/2024\\\/11\\\/e1458146049143.jpg\",\"keywords\":[\"imatge personal\",\"Postura corporal\"],\"articleSection\":[\"Blog\"],\"inLanguage\":\"ca\"},{\"@type\":\"WebPage\",\"@id\":\"https:\\\/\\\/www.lauracosta.com\\\/ca\\\/la-postura-corporal-en-la-imatge-personal\\\/\",\"url\":\"https:\\\/\\\/www.lauracosta.com\\\/ca\\\/la-postura-corporal-en-la-imatge-personal\\\/\",\"name\":\"LA POSTURA CORPORAL EN LA IMATGE PERSONAL - Laura Costa\",\"isPartOf\":{\"@id\":\"https:\\\/\\\/www.lauracosta.com\\\/#website\"},\"primaryImageOfPage\":{\"@id\":\"https:\\\/\\\/www.lauracosta.com\\\/ca\\\/la-postura-corporal-en-la-imatge-personal\\\/#primaryimage\"},\"image\":{\"@id\":\"https:\\\/\\\/www.lauracosta.com\\\/ca\\\/la-postura-corporal-en-la-imatge-personal\\\/#primaryimage\"},\"thumbnailUrl\":\"https:\\\/\\\/www.lauracosta.com\\\/wp-content\\\/uploads\\\/2024\\\/11\\\/e1458146049143.jpg\",\"datePublished\":\"2017-08-24T16:52:11+00:00\",\"breadcrumb\":{\"@id\":\"https:\\\/\\\/www.lauracosta.com\\\/ca\\\/la-postura-corporal-en-la-imatge-personal\\\/#breadcrumb\"},\"inLanguage\":\"ca\",\"potentialAction\":[{\"@type\":\"ReadAction\",\"target\":[\"https:\\\/\\\/www.lauracosta.com\\\/ca\\\/la-postura-corporal-en-la-imatge-personal\\\/\"]}]},{\"@type\":\"ImageObject\",\"inLanguage\":\"ca\",\"@id\":\"https:\\\/\\\/www.lauracosta.com\\\/ca\\\/la-postura-corporal-en-la-imatge-personal\\\/#primaryimage\",\"url\":\"https:\\\/\\\/www.lauracosta.com\\\/wp-content\\\/uploads\\\/2024\\\/11\\\/e1458146049143.jpg\",\"contentUrl\":\"https:\\\/\\\/www.lauracosta.com\\\/wp-content\\\/uploads\\\/2024\\\/11\\\/e1458146049143.jpg\",\"width\":1098,\"height\":734},{\"@type\":\"BreadcrumbList\",\"@id\":\"https:\\\/\\\/www.lauracosta.com\\\/ca\\\/la-postura-corporal-en-la-imatge-personal\\\/#breadcrumb\",\"itemListElement\":[{\"@type\":\"ListItem\",\"position\":1,\"name\":\"Portada\",\"item\":\"https:\\\/\\\/www.lauracosta.com\\\/\"},{\"@type\":\"ListItem\",\"position\":2,\"name\":\"LA POSTURA CORPORAL EN LA IMATGE PERSONAL\"}]},{\"@type\":\"WebSite\",\"@id\":\"https:\\\/\\\/www.lauracosta.com\\\/#website\",\"url\":\"https:\\\/\\\/www.lauracosta.com\\\/\",\"name\":\"Laura Costa\",\"description\":\"Asesor\u00eda de imagen &amp; Personal Shopper\",\"publisher\":{\"@id\":\"https:\\\/\\\/www.lauracosta.com\\\/#organization\"},\"potentialAction\":[{\"@type\":\"SearchAction\",\"target\":{\"@type\":\"EntryPoint\",\"urlTemplate\":\"https:\\\/\\\/www.lauracosta.com\\\/?s={search_term_string}\"},\"query-input\":{\"@type\":\"PropertyValueSpecification\",\"valueRequired\":true,\"valueName\":\"search_term_string\"}}],\"inLanguage\":\"ca\"},{\"@type\":\"Organization\",\"@id\":\"https:\\\/\\\/www.lauracosta.com\\\/#organization\",\"name\":\"Laura Costa\",\"url\":\"https:\\\/\\\/www.lauracosta.com\\\/\",\"logo\":{\"@type\":\"ImageObject\",\"inLanguage\":\"ca\",\"@id\":\"https:\\\/\\\/www.lauracosta.com\\\/#\\\/schema\\\/logo\\\/image\\\/\",\"url\":\"https:\\\/\\\/www.lauracosta.com\\\/wp-content\\\/uploads\\\/2024\\\/11\\\/laura-costa-imagen-696.jpg\",\"contentUrl\":\"https:\\\/\\\/www.lauracosta.com\\\/wp-content\\\/uploads\\\/2024\\\/11\\\/laura-costa-imagen-696.jpg\",\"width\":696,\"height\":696,\"caption\":\"Laura Costa\"},\"image\":{\"@id\":\"https:\\\/\\\/www.lauracosta.com\\\/#\\\/schema\\\/logo\\\/image\\\/\"}},{\"@type\":\"Person\",\"@id\":\"https:\\\/\\\/www.lauracosta.com\\\/#\\\/schema\\\/person\\\/88a3aa3a762e09aa91cddc385661d3d9\",\"name\":\"factoryfy\",\"image\":{\"@type\":\"ImageObject\",\"inLanguage\":\"ca\",\"@id\":\"https:\\\/\\\/secure.gravatar.com\\\/avatar\\\/f6b08826744ac84b5c5730915ab186e60373c936b9668ce079c076fa428c7725?s=96&d=mm&r=g\",\"url\":\"https:\\\/\\\/secure.gravatar.com\\\/avatar\\\/f6b08826744ac84b5c5730915ab186e60373c936b9668ce079c076fa428c7725?s=96&d=mm&r=g\",\"contentUrl\":\"https:\\\/\\\/secure.gravatar.com\\\/avatar\\\/f6b08826744ac84b5c5730915ab186e60373c936b9668ce079c076fa428c7725?s=96&d=mm&r=g\",\"caption\":\"factoryfy\"},\"sameAs\":[\"https:\\\/\\\/www.lauracosta.com\"]}]}<\/script>\n<!-- \/ Yoast SEO plugin. -->","yoast_head_json":{"title":"LA POSTURA CORPORAL EN LA IMATGE PERSONAL - Laura Costa","robots":{"index":"index","follow":"follow","max-snippet":"max-snippet:-1","max-image-preview":"max-image-preview:large","max-video-preview":"max-video-preview:-1"},"canonical":"https:\/\/www.lauracosta.com\/ca\/la-postura-corporal-en-la-imatge-personal\/","og_locale":"ca_ES","og_type":"article","og_title":"LA POSTURA CORPORAL EN LA IMATGE PERSONAL - Laura Costa","og_description":"La postura corporal \u00e9s un factor crucial en la imatge personal La postura corporal , forma part de l&#8217;expressi\u00f3 i de la comunicaci\u00f3 no verbal. Un mateix cos amb una o una altra postura, \u00e9s capa\u00e7 de transmetre diferents missatges. Missatges, que els nostres interlocutors desxifren inconscientment. Missatges que queden gravats en la seva ment, [&hellip;]","og_url":"https:\/\/www.lauracosta.com\/ca\/la-postura-corporal-en-la-imatge-personal\/","og_site_name":"Laura Costa","article_published_time":"2017-08-24T16:52:11+00:00","og_image":[{"width":1098,"height":734,"url":"https:\/\/www.lauracosta.com\/wp-content\/uploads\/2024\/11\/e1458146049143.jpg","type":"image\/jpeg"}],"author":"factoryfy","twitter_card":"summary_large_image","twitter_misc":{"Escrit per":"factoryfy","Temps estimat de lectura":"2 minuts"},"schema":{"@context":"https:\/\/schema.org","@graph":[{"@type":"Article","@id":"https:\/\/www.lauracosta.com\/ca\/la-postura-corporal-en-la-imatge-personal\/#article","isPartOf":{"@id":"https:\/\/www.lauracosta.com\/ca\/la-postura-corporal-en-la-imatge-personal\/"},"author":{"name":"factoryfy","@id":"https:\/\/www.lauracosta.com\/#\/schema\/person\/88a3aa3a762e09aa91cddc385661d3d9"},"headline":"LA POSTURA CORPORAL EN LA IMATGE PERSONAL","datePublished":"2017-08-24T16:52:11+00:00","mainEntityOfPage":{"@id":"https:\/\/www.lauracosta.com\/ca\/la-postura-corporal-en-la-imatge-personal\/"},"wordCount":382,"publisher":{"@id":"https:\/\/www.lauracosta.com\/#organization"},"image":{"@id":"https:\/\/www.lauracosta.com\/ca\/la-postura-corporal-en-la-imatge-personal\/#primaryimage"},"thumbnailUrl":"https:\/\/www.lauracosta.com\/wp-content\/uploads\/2024\/11\/e1458146049143.jpg","keywords":["imatge personal","Postura corporal"],"articleSection":["Blog"],"inLanguage":"ca"},{"@type":"WebPage","@id":"https:\/\/www.lauracosta.com\/ca\/la-postura-corporal-en-la-imatge-personal\/","url":"https:\/\/www.lauracosta.com\/ca\/la-postura-corporal-en-la-imatge-personal\/","name":"LA POSTURA CORPORAL EN LA IMATGE PERSONAL - Laura Costa","isPartOf":{"@id":"https:\/\/www.lauracosta.com\/#website"},"primaryImageOfPage":{"@id":"https:\/\/www.lauracosta.com\/ca\/la-postura-corporal-en-la-imatge-personal\/#primaryimage"},"image":{"@id":"https:\/\/www.lauracosta.com\/ca\/la-postura-corporal-en-la-imatge-personal\/#primaryimage"},"thumbnailUrl":"https:\/\/www.lauracosta.com\/wp-content\/uploads\/2024\/11\/e1458146049143.jpg","datePublished":"2017-08-24T16:52:11+00:00","breadcrumb":{"@id":"https:\/\/www.lauracosta.com\/ca\/la-postura-corporal-en-la-imatge-personal\/#breadcrumb"},"inLanguage":"ca","potentialAction":[{"@type":"ReadAction","target":["https:\/\/www.lauracosta.com\/ca\/la-postura-corporal-en-la-imatge-personal\/"]}]},{"@type":"ImageObject","inLanguage":"ca","@id":"https:\/\/www.lauracosta.com\/ca\/la-postura-corporal-en-la-imatge-personal\/#primaryimage","url":"https:\/\/www.lauracosta.com\/wp-content\/uploads\/2024\/11\/e1458146049143.jpg","contentUrl":"https:\/\/www.lauracosta.com\/wp-content\/uploads\/2024\/11\/e1458146049143.jpg","width":1098,"height":734},{"@type":"BreadcrumbList","@id":"https:\/\/www.lauracosta.com\/ca\/la-postura-corporal-en-la-imatge-personal\/#breadcrumb","itemListElement":[{"@type":"ListItem","position":1,"name":"Portada","item":"https:\/\/www.lauracosta.com\/"},{"@type":"ListItem","position":2,"name":"LA POSTURA CORPORAL EN LA IMATGE PERSONAL"}]},{"@type":"WebSite","@id":"https:\/\/www.lauracosta.com\/#website","url":"https:\/\/www.lauracosta.com\/","name":"Laura Costa","description":"Asesor\u00eda de imagen &amp; Personal Shopper","publisher":{"@id":"https:\/\/www.lauracosta.com\/#organization"},"potentialAction":[{"@type":"SearchAction","target":{"@type":"EntryPoint","urlTemplate":"https:\/\/www.lauracosta.com\/?s={search_term_string}"},"query-input":{"@type":"PropertyValueSpecification","valueRequired":true,"valueName":"search_term_string"}}],"inLanguage":"ca"},{"@type":"Organization","@id":"https:\/\/www.lauracosta.com\/#organization","name":"Laura Costa","url":"https:\/\/www.lauracosta.com\/","logo":{"@type":"ImageObject","inLanguage":"ca","@id":"https:\/\/www.lauracosta.com\/#\/schema\/logo\/image\/","url":"https:\/\/www.lauracosta.com\/wp-content\/uploads\/2024\/11\/laura-costa-imagen-696.jpg","contentUrl":"https:\/\/www.lauracosta.com\/wp-content\/uploads\/2024\/11\/laura-costa-imagen-696.jpg","width":696,"height":696,"caption":"Laura Costa"},"image":{"@id":"https:\/\/www.lauracosta.com\/#\/schema\/logo\/image\/"}},{"@type":"Person","@id":"https:\/\/www.lauracosta.com\/#\/schema\/person\/88a3aa3a762e09aa91cddc385661d3d9","name":"factoryfy","image":{"@type":"ImageObject","inLanguage":"ca","@id":"https:\/\/secure.gravatar.com\/avatar\/f6b08826744ac84b5c5730915ab186e60373c936b9668ce079c076fa428c7725?s=96&d=mm&r=g","url":"https:\/\/secure.gravatar.com\/avatar\/f6b08826744ac84b5c5730915ab186e60373c936b9668ce079c076fa428c7725?s=96&d=mm&r=g","contentUrl":"https:\/\/secure.gravatar.com\/avatar\/f6b08826744ac84b5c5730915ab186e60373c936b9668ce079c076fa428c7725?s=96&d=mm&r=g","caption":"factoryfy"},"sameAs":["https:\/\/www.lauracosta.com"]}]}},"_links":{"self":[{"href":"https:\/\/www.lauracosta.com\/ca\/wp-json\/wp\/v2\/posts\/4887","targetHints":{"allow":["GET"]}}],"collection":[{"href":"https:\/\/www.lauracosta.com\/ca\/wp-json\/wp\/v2\/posts"}],"about":[{"href":"https:\/\/www.lauracosta.com\/ca\/wp-json\/wp\/v2\/types\/post"}],"author":[{"embeddable":true,"href":"https:\/\/www.lauracosta.com\/ca\/wp-json\/wp\/v2\/users\/1"}],"replies":[{"embeddable":true,"href":"https:\/\/www.lauracosta.com\/ca\/wp-json\/wp\/v2\/comments?post=4887"}],"version-history":[{"count":0,"href":"https:\/\/www.lauracosta.com\/ca\/wp-json\/wp\/v2\/posts\/4887\/revisions"}],"wp:featuredmedia":[{"embeddable":true,"href":"https:\/\/www.lauracosta.com\/ca\/wp-json\/wp\/v2\/media\/3670"}],"wp:attachment":[{"href":"https:\/\/www.lauracosta.com\/ca\/wp-json\/wp\/v2\/media?parent=4887"}],"wp:term":[{"taxonomy":"category","embeddable":true,"href":"https:\/\/www.lauracosta.com\/ca\/wp-json\/wp\/v2\/categories?post=4887"},{"taxonomy":"post_tag","embeddable":true,"href":"https:\/\/www.lauracosta.com\/ca\/wp-json\/wp\/v2\/tags?post=4887"}],"curies":[{"name":"wp","href":"https:\/\/api.w.org\/{rel}","templated":true}]}}