{"id":4899,"date":"2017-10-18T13:23:56","date_gmt":"2017-10-18T11:23:56","guid":{"rendered":"https:\/\/www.lauracosta.com\/assessoria-dimatge-per-pacients-oncologics\/"},"modified":"2017-10-18T13:26:45","modified_gmt":"2017-10-18T11:26:45","slug":"assessoria-dimatge-per-pacients-oncologics","status":"publish","type":"post","link":"https:\/\/www.lauracosta.com\/ca\/assessoria-dimatge-per-pacients-oncologics\/","title":{"rendered":"ASSESSORIA D&#8217;IMATGE PER A PACIENTS ONCOL\u00d2GICS"},"content":{"rendered":"<p>Ja fa uns sis anys que aproximadament cada mes i mitj\u00e0, imparteixo <strong>Tallers d&#8217;Assessoria d&#8217;Imatge<\/strong> <strong>per a pacients oncol\u00f2gics<\/strong> a l&#8217;Hospital Duran i\u00a0Reynals.<\/p>\n<p>Normalment assessoro a pacients que just inicien els tractaments de quimioter\u00e0pia, o que fa poc els han comen\u00e7at. Normalment posem l&#8217;accent en el rostre, ja que l&#8217;aspecte m\u00e9s dif\u00edcil a tractar, \u00e9s la caiguda del cabell.<\/p>\n<p><strong>La col\u00b7locaci\u00f3 de mocadors, fulards i tubulars<\/strong>, ens permeten una infinitat de possibilitats quant a compensaci\u00f3 del rostre i imatge. En funci\u00f3 dels colors, les estampacions i els materials, aix\u00ed com la manera de posar-los, ens donaran molt joc. L&#8217;important \u00e9s la pr\u00e0ctica, per anar aprenent i que en el dia a dia resulti f\u00e0cil, r\u00e0pid i c\u00f2mode<\/p>\n<p>Un altre canvi important, que es pot donar \u00e9s la p\u00e8rdua o augment de pes, per dissimular aquesta variaci\u00f3:<\/p>\n<p><strong>Consells per dissimular la p\u00e8rdua-augment de pes<\/strong><\/p>\n<p><strong>P\u00e8rdua de pes<\/strong><br \/>\nTriar teixits voluminosos<br \/>\nColors brillants i clars<br \/>\nEstampats grans, extremats<br \/>\nEscots rodons alts o baixos<br \/>\nPeces tancades<br \/>\nCinturons rectes i amples<br \/>\nCollarets estil gargantilla<br \/>\nEvita peces estretes, les peces en forma\u00a0semientallada, ser\u00e0n perfectes<\/p>\n<p><strong>Augment de pes<\/strong><br \/>\nEvitar teixits que aportin volum<br \/>\nEscollir colors neutres o foscos<br \/>\nEstampats petits<br \/>\nEscots en forma &#8220;V&#8221;<br \/>\nPrenguis obertes davant<br \/>\nCinturons en forma obliqua<br \/>\nCollarets llargs<br \/>\nEvita peces\u00a0oversize\u00a0o amples<br \/>\nEscull peces en forma\u00a0semientallada, que ressegueixin la forma del teu cos<\/p>\n<p><strong>Recuperar la Imatge\u00a0<\/strong><\/p>\n<p>Recuperar la imatge despr\u00e9s de superar la malaltia, \u00e9s una altra cosa. Veure com creix el primer cabell i trobar un estil propi, \u00e9s moltes vegades un altre proc\u00e9s dif\u00edcil d&#8217;adaptaci\u00f3, en el qual moltes dones es troben realment perdudes.<br \/>\nEl cabell curt \u00e9s en ocasions m\u00e9s dif\u00edcil de portar que la pr\u00f2pia caiguda completa, per aquest motiu, \u00e9s aconsellable utilitzar algun tipus de barret o gorra durant el per\u00edode de creixement. Aix\u00ed i tot, moltes vegades arribar a tenir el mateix llarg de melena de l&#8217;inici, \u00e9s q\u00fcesti\u00f3 de molt m\u00e9s temps.<\/p>\n<p>Per aquest motiu, es tracta de reconstruir novament la pr\u00f2pia imatge, buscant alternatives de talls de cabell<em>\u00a0pixie<\/em>, actuals i\u00a0estiloses, sense oblidar tamb\u00e9 que el canvi de tonalitat pot completar el\u00a0look\u00a0perfecte.<\/p>\n<p>Aquest canvi en el rostre originar\u00e0 probablement tamb\u00e9, una renovaci\u00f3 del vestuari, doncs en canviar l&#8217;estil del pentinat, es crear\u00e0 una incoher\u00e8ncia amb l&#8217;estil de roba que s&#8217;usava anteriorment.<\/p>\n<p>Per a qualsevol persona que necessiti ajuda amb la seva imatge durant aquest proc\u00e9s, ofereixo una sessi\u00f3 gratu\u00efta d&#8217;una hora en el meu despatx.<\/p>\n<p>Nom\u00e9s has d&#8217;escriure&#8217;m a <a href=\"https:\/\/www.lauracosta.com\/ca\/contacto\/\">CONTACTA<\/a>\u00a0per sol\u00b7licitar la teva sessi\u00f3.<\/p>\n","protected":false},"excerpt":{"rendered":"<p>Ja fa uns sis anys que aproximadament cada mes i mitj\u00e0, imparteixo Tallers d&#8217;Assessoria d&#8217;Imatge per a pacients oncol\u00f2gics a l&#8217;Hospital Duran i\u00a0Reynals. Normalment assessoro a pacients que just inicien els tractaments de quimioter\u00e0pia, o que fa poc els han comen\u00e7at. Normalment posem l&#8217;accent en el rostre, ja que l&#8217;aspecte m\u00e9s dif\u00edcil a tractar, \u00e9s [&hellip;]<\/p>\n","protected":false},"author":1,"featured_media":3768,"comment_status":"closed","ping_status":"closed","sticky":false,"template":"","format":"standard","meta":{"_joinchat":[],"footnotes":""},"categories":[48],"tags":[269,270,271,239,272],"class_list":["post-4899","post","type-post","status-publish","format-standard","has-post-thumbnail","hentry","category-blog-ca","tag-assesoria-imagen","tag-colocacion-panuelos","tag-corte-de-pelo","tag-fulares","tag-pacientes-oncologicos"],"yoast_head":"<!-- This site is optimized with the Yoast SEO plugin v27.5 - https:\/\/yoast.com\/product\/yoast-seo-wordpress\/ -->\n<title>ASSESSORIA D&#039;IMATGE PER A PACIENTS ONCOL\u00d2GICS - Laura Costa<\/title>\n<meta name=\"robots\" content=\"index, follow, max-snippet:-1, max-image-preview:large, max-video-preview:-1\" \/>\n<link rel=\"canonical\" href=\"https:\/\/www.lauracosta.com\/ca\/assessoria-dimatge-per-pacients-oncologics\/\" \/>\n<meta property=\"og:locale\" content=\"ca_ES\" \/>\n<meta property=\"og:type\" content=\"article\" \/>\n<meta property=\"og:title\" content=\"ASSESSORIA D&#039;IMATGE PER A PACIENTS ONCOL\u00d2GICS - Laura Costa\" \/>\n<meta property=\"og:description\" content=\"Ja fa uns sis anys que aproximadament cada mes i mitj\u00e0, imparteixo Tallers d&#8217;Assessoria d&#8217;Imatge per a pacients oncol\u00f2gics a l&#8217;Hospital Duran i\u00a0Reynals. Normalment assessoro a pacients que just inicien els tractaments de quimioter\u00e0pia, o que fa poc els han comen\u00e7at. Normalment posem l&#8217;accent en el rostre, ja que l&#8217;aspecte m\u00e9s dif\u00edcil a tractar, \u00e9s [&hellip;]\" \/>\n<meta property=\"og:url\" content=\"https:\/\/www.lauracosta.com\/ca\/assessoria-dimatge-per-pacients-oncologics\/\" \/>\n<meta property=\"og:site_name\" content=\"Laura Costa\" \/>\n<meta property=\"article:published_time\" content=\"2017-10-18T11:23:56+00:00\" \/>\n<meta property=\"article:modified_time\" content=\"2017-10-18T11:26:45+00:00\" \/>\n<meta property=\"og:image\" content=\"https:\/\/www.lauracosta.com\/wp-content\/uploads\/2024\/11\/Pixie.jpg\" \/>\n\t<meta property=\"og:image:width\" content=\"564\" \/>\n\t<meta property=\"og:image:height\" content=\"845\" \/>\n\t<meta property=\"og:image:type\" content=\"image\/jpeg\" \/>\n<meta name=\"author\" content=\"factoryfy\" \/>\n<meta name=\"twitter:card\" content=\"summary_large_image\" \/>\n<meta name=\"twitter:label1\" content=\"Escrit per\" \/>\n\t<meta name=\"twitter:data1\" content=\"factoryfy\" \/>\n\t<meta name=\"twitter:label2\" content=\"Temps estimat de lectura\" \/>\n\t<meta name=\"twitter:data2\" content=\"2 minuts\" \/>\n<script type=\"application\/ld+json\" class=\"yoast-schema-graph\">{\"@context\":\"https:\\\/\\\/schema.org\",\"@graph\":[{\"@type\":\"Article\",\"@id\":\"https:\\\/\\\/www.lauracosta.com\\\/ca\\\/assessoria-dimatge-per-pacients-oncologics\\\/#article\",\"isPartOf\":{\"@id\":\"https:\\\/\\\/www.lauracosta.com\\\/ca\\\/assessoria-dimatge-per-pacients-oncologics\\\/\"},\"author\":{\"name\":\"factoryfy\",\"@id\":\"https:\\\/\\\/www.lauracosta.com\\\/#\\\/schema\\\/person\\\/88a3aa3a762e09aa91cddc385661d3d9\"},\"headline\":\"ASSESSORIA D&#8217;IMATGE PER A PACIENTS ONCOL\u00d2GICS\",\"datePublished\":\"2017-10-18T11:23:56+00:00\",\"dateModified\":\"2017-10-18T11:26:45+00:00\",\"mainEntityOfPage\":{\"@id\":\"https:\\\/\\\/www.lauracosta.com\\\/ca\\\/assessoria-dimatge-per-pacients-oncologics\\\/\"},\"wordCount\":470,\"publisher\":{\"@id\":\"https:\\\/\\\/www.lauracosta.com\\\/#organization\"},\"image\":{\"@id\":\"https:\\\/\\\/www.lauracosta.com\\\/ca\\\/assessoria-dimatge-per-pacients-oncologics\\\/#primaryimage\"},\"thumbnailUrl\":\"https:\\\/\\\/www.lauracosta.com\\\/wp-content\\\/uploads\\\/2024\\\/11\\\/Pixie.jpg\",\"keywords\":[\"Assesor\u00eda imagen\",\"colocaci\u00f3n pa\u00f1uelos\",\"corte de pelo\",\"fulares\",\"pacientes oncol\u00f3gicos\"],\"articleSection\":[\"Blog\"],\"inLanguage\":\"ca\"},{\"@type\":\"WebPage\",\"@id\":\"https:\\\/\\\/www.lauracosta.com\\\/ca\\\/assessoria-dimatge-per-pacients-oncologics\\\/\",\"url\":\"https:\\\/\\\/www.lauracosta.com\\\/ca\\\/assessoria-dimatge-per-pacients-oncologics\\\/\",\"name\":\"ASSESSORIA D'IMATGE PER A PACIENTS ONCOL\u00d2GICS - Laura Costa\",\"isPartOf\":{\"@id\":\"https:\\\/\\\/www.lauracosta.com\\\/#website\"},\"primaryImageOfPage\":{\"@id\":\"https:\\\/\\\/www.lauracosta.com\\\/ca\\\/assessoria-dimatge-per-pacients-oncologics\\\/#primaryimage\"},\"image\":{\"@id\":\"https:\\\/\\\/www.lauracosta.com\\\/ca\\\/assessoria-dimatge-per-pacients-oncologics\\\/#primaryimage\"},\"thumbnailUrl\":\"https:\\\/\\\/www.lauracosta.com\\\/wp-content\\\/uploads\\\/2024\\\/11\\\/Pixie.jpg\",\"datePublished\":\"2017-10-18T11:23:56+00:00\",\"dateModified\":\"2017-10-18T11:26:45+00:00\",\"breadcrumb\":{\"@id\":\"https:\\\/\\\/www.lauracosta.com\\\/ca\\\/assessoria-dimatge-per-pacients-oncologics\\\/#breadcrumb\"},\"inLanguage\":\"ca\",\"potentialAction\":[{\"@type\":\"ReadAction\",\"target\":[\"https:\\\/\\\/www.lauracosta.com\\\/ca\\\/assessoria-dimatge-per-pacients-oncologics\\\/\"]}]},{\"@type\":\"ImageObject\",\"inLanguage\":\"ca\",\"@id\":\"https:\\\/\\\/www.lauracosta.com\\\/ca\\\/assessoria-dimatge-per-pacients-oncologics\\\/#primaryimage\",\"url\":\"https:\\\/\\\/www.lauracosta.com\\\/wp-content\\\/uploads\\\/2024\\\/11\\\/Pixie.jpg\",\"contentUrl\":\"https:\\\/\\\/www.lauracosta.com\\\/wp-content\\\/uploads\\\/2024\\\/11\\\/Pixie.jpg\",\"width\":564,\"height\":845},{\"@type\":\"BreadcrumbList\",\"@id\":\"https:\\\/\\\/www.lauracosta.com\\\/ca\\\/assessoria-dimatge-per-pacients-oncologics\\\/#breadcrumb\",\"itemListElement\":[{\"@type\":\"ListItem\",\"position\":1,\"name\":\"Portada\",\"item\":\"https:\\\/\\\/www.lauracosta.com\\\/\"},{\"@type\":\"ListItem\",\"position\":2,\"name\":\"ASSESSORIA D&#8217;IMATGE PER A PACIENTS ONCOL\u00d2GICS\"}]},{\"@type\":\"WebSite\",\"@id\":\"https:\\\/\\\/www.lauracosta.com\\\/#website\",\"url\":\"https:\\\/\\\/www.lauracosta.com\\\/\",\"name\":\"Laura Costa\",\"description\":\"Asesor\u00eda de imagen &amp; Personal Shopper\",\"publisher\":{\"@id\":\"https:\\\/\\\/www.lauracosta.com\\\/#organization\"},\"potentialAction\":[{\"@type\":\"SearchAction\",\"target\":{\"@type\":\"EntryPoint\",\"urlTemplate\":\"https:\\\/\\\/www.lauracosta.com\\\/?s={search_term_string}\"},\"query-input\":{\"@type\":\"PropertyValueSpecification\",\"valueRequired\":true,\"valueName\":\"search_term_string\"}}],\"inLanguage\":\"ca\"},{\"@type\":\"Organization\",\"@id\":\"https:\\\/\\\/www.lauracosta.com\\\/#organization\",\"name\":\"Laura Costa\",\"url\":\"https:\\\/\\\/www.lauracosta.com\\\/\",\"logo\":{\"@type\":\"ImageObject\",\"inLanguage\":\"ca\",\"@id\":\"https:\\\/\\\/www.lauracosta.com\\\/#\\\/schema\\\/logo\\\/image\\\/\",\"url\":\"https:\\\/\\\/www.lauracosta.com\\\/wp-content\\\/uploads\\\/2024\\\/11\\\/laura-costa-imagen-696.jpg\",\"contentUrl\":\"https:\\\/\\\/www.lauracosta.com\\\/wp-content\\\/uploads\\\/2024\\\/11\\\/laura-costa-imagen-696.jpg\",\"width\":696,\"height\":696,\"caption\":\"Laura Costa\"},\"image\":{\"@id\":\"https:\\\/\\\/www.lauracosta.com\\\/#\\\/schema\\\/logo\\\/image\\\/\"}},{\"@type\":\"Person\",\"@id\":\"https:\\\/\\\/www.lauracosta.com\\\/#\\\/schema\\\/person\\\/88a3aa3a762e09aa91cddc385661d3d9\",\"name\":\"factoryfy\",\"image\":{\"@type\":\"ImageObject\",\"inLanguage\":\"ca\",\"@id\":\"https:\\\/\\\/secure.gravatar.com\\\/avatar\\\/f6b08826744ac84b5c5730915ab186e60373c936b9668ce079c076fa428c7725?s=96&d=mm&r=g\",\"url\":\"https:\\\/\\\/secure.gravatar.com\\\/avatar\\\/f6b08826744ac84b5c5730915ab186e60373c936b9668ce079c076fa428c7725?s=96&d=mm&r=g\",\"contentUrl\":\"https:\\\/\\\/secure.gravatar.com\\\/avatar\\\/f6b08826744ac84b5c5730915ab186e60373c936b9668ce079c076fa428c7725?s=96&d=mm&r=g\",\"caption\":\"factoryfy\"},\"sameAs\":[\"https:\\\/\\\/www.lauracosta.com\"]}]}<\/script>\n<!-- \/ Yoast SEO plugin. -->","yoast_head_json":{"title":"ASSESSORIA D'IMATGE PER A PACIENTS ONCOL\u00d2GICS - Laura Costa","robots":{"index":"index","follow":"follow","max-snippet":"max-snippet:-1","max-image-preview":"max-image-preview:large","max-video-preview":"max-video-preview:-1"},"canonical":"https:\/\/www.lauracosta.com\/ca\/assessoria-dimatge-per-pacients-oncologics\/","og_locale":"ca_ES","og_type":"article","og_title":"ASSESSORIA D'IMATGE PER A PACIENTS ONCOL\u00d2GICS - Laura Costa","og_description":"Ja fa uns sis anys que aproximadament cada mes i mitj\u00e0, imparteixo Tallers d&#8217;Assessoria d&#8217;Imatge per a pacients oncol\u00f2gics a l&#8217;Hospital Duran i\u00a0Reynals. Normalment assessoro a pacients que just inicien els tractaments de quimioter\u00e0pia, o que fa poc els han comen\u00e7at. Normalment posem l&#8217;accent en el rostre, ja que l&#8217;aspecte m\u00e9s dif\u00edcil a tractar, \u00e9s [&hellip;]","og_url":"https:\/\/www.lauracosta.com\/ca\/assessoria-dimatge-per-pacients-oncologics\/","og_site_name":"Laura Costa","article_published_time":"2017-10-18T11:23:56+00:00","article_modified_time":"2017-10-18T11:26:45+00:00","og_image":[{"width":564,"height":845,"url":"https:\/\/www.lauracosta.com\/wp-content\/uploads\/2024\/11\/Pixie.jpg","type":"image\/jpeg"}],"author":"factoryfy","twitter_card":"summary_large_image","twitter_misc":{"Escrit per":"factoryfy","Temps estimat de lectura":"2 minuts"},"schema":{"@context":"https:\/\/schema.org","@graph":[{"@type":"Article","@id":"https:\/\/www.lauracosta.com\/ca\/assessoria-dimatge-per-pacients-oncologics\/#article","isPartOf":{"@id":"https:\/\/www.lauracosta.com\/ca\/assessoria-dimatge-per-pacients-oncologics\/"},"author":{"name":"factoryfy","@id":"https:\/\/www.lauracosta.com\/#\/schema\/person\/88a3aa3a762e09aa91cddc385661d3d9"},"headline":"ASSESSORIA D&#8217;IMATGE PER A PACIENTS ONCOL\u00d2GICS","datePublished":"2017-10-18T11:23:56+00:00","dateModified":"2017-10-18T11:26:45+00:00","mainEntityOfPage":{"@id":"https:\/\/www.lauracosta.com\/ca\/assessoria-dimatge-per-pacients-oncologics\/"},"wordCount":470,"publisher":{"@id":"https:\/\/www.lauracosta.com\/#organization"},"image":{"@id":"https:\/\/www.lauracosta.com\/ca\/assessoria-dimatge-per-pacients-oncologics\/#primaryimage"},"thumbnailUrl":"https:\/\/www.lauracosta.com\/wp-content\/uploads\/2024\/11\/Pixie.jpg","keywords":["Assesor\u00eda imagen","colocaci\u00f3n pa\u00f1uelos","corte de pelo","fulares","pacientes oncol\u00f3gicos"],"articleSection":["Blog"],"inLanguage":"ca"},{"@type":"WebPage","@id":"https:\/\/www.lauracosta.com\/ca\/assessoria-dimatge-per-pacients-oncologics\/","url":"https:\/\/www.lauracosta.com\/ca\/assessoria-dimatge-per-pacients-oncologics\/","name":"ASSESSORIA D'IMATGE PER A PACIENTS ONCOL\u00d2GICS - Laura Costa","isPartOf":{"@id":"https:\/\/www.lauracosta.com\/#website"},"primaryImageOfPage":{"@id":"https:\/\/www.lauracosta.com\/ca\/assessoria-dimatge-per-pacients-oncologics\/#primaryimage"},"image":{"@id":"https:\/\/www.lauracosta.com\/ca\/assessoria-dimatge-per-pacients-oncologics\/#primaryimage"},"thumbnailUrl":"https:\/\/www.lauracosta.com\/wp-content\/uploads\/2024\/11\/Pixie.jpg","datePublished":"2017-10-18T11:23:56+00:00","dateModified":"2017-10-18T11:26:45+00:00","breadcrumb":{"@id":"https:\/\/www.lauracosta.com\/ca\/assessoria-dimatge-per-pacients-oncologics\/#breadcrumb"},"inLanguage":"ca","potentialAction":[{"@type":"ReadAction","target":["https:\/\/www.lauracosta.com\/ca\/assessoria-dimatge-per-pacients-oncologics\/"]}]},{"@type":"ImageObject","inLanguage":"ca","@id":"https:\/\/www.lauracosta.com\/ca\/assessoria-dimatge-per-pacients-oncologics\/#primaryimage","url":"https:\/\/www.lauracosta.com\/wp-content\/uploads\/2024\/11\/Pixie.jpg","contentUrl":"https:\/\/www.lauracosta.com\/wp-content\/uploads\/2024\/11\/Pixie.jpg","width":564,"height":845},{"@type":"BreadcrumbList","@id":"https:\/\/www.lauracosta.com\/ca\/assessoria-dimatge-per-pacients-oncologics\/#breadcrumb","itemListElement":[{"@type":"ListItem","position":1,"name":"Portada","item":"https:\/\/www.lauracosta.com\/"},{"@type":"ListItem","position":2,"name":"ASSESSORIA D&#8217;IMATGE PER A PACIENTS ONCOL\u00d2GICS"}]},{"@type":"WebSite","@id":"https:\/\/www.lauracosta.com\/#website","url":"https:\/\/www.lauracosta.com\/","name":"Laura Costa","description":"Asesor\u00eda de imagen &amp; Personal Shopper","publisher":{"@id":"https:\/\/www.lauracosta.com\/#organization"},"potentialAction":[{"@type":"SearchAction","target":{"@type":"EntryPoint","urlTemplate":"https:\/\/www.lauracosta.com\/?s={search_term_string}"},"query-input":{"@type":"PropertyValueSpecification","valueRequired":true,"valueName":"search_term_string"}}],"inLanguage":"ca"},{"@type":"Organization","@id":"https:\/\/www.lauracosta.com\/#organization","name":"Laura Costa","url":"https:\/\/www.lauracosta.com\/","logo":{"@type":"ImageObject","inLanguage":"ca","@id":"https:\/\/www.lauracosta.com\/#\/schema\/logo\/image\/","url":"https:\/\/www.lauracosta.com\/wp-content\/uploads\/2024\/11\/laura-costa-imagen-696.jpg","contentUrl":"https:\/\/www.lauracosta.com\/wp-content\/uploads\/2024\/11\/laura-costa-imagen-696.jpg","width":696,"height":696,"caption":"Laura Costa"},"image":{"@id":"https:\/\/www.lauracosta.com\/#\/schema\/logo\/image\/"}},{"@type":"Person","@id":"https:\/\/www.lauracosta.com\/#\/schema\/person\/88a3aa3a762e09aa91cddc385661d3d9","name":"factoryfy","image":{"@type":"ImageObject","inLanguage":"ca","@id":"https:\/\/secure.gravatar.com\/avatar\/f6b08826744ac84b5c5730915ab186e60373c936b9668ce079c076fa428c7725?s=96&d=mm&r=g","url":"https:\/\/secure.gravatar.com\/avatar\/f6b08826744ac84b5c5730915ab186e60373c936b9668ce079c076fa428c7725?s=96&d=mm&r=g","contentUrl":"https:\/\/secure.gravatar.com\/avatar\/f6b08826744ac84b5c5730915ab186e60373c936b9668ce079c076fa428c7725?s=96&d=mm&r=g","caption":"factoryfy"},"sameAs":["https:\/\/www.lauracosta.com"]}]}},"_links":{"self":[{"href":"https:\/\/www.lauracosta.com\/ca\/wp-json\/wp\/v2\/posts\/4899","targetHints":{"allow":["GET"]}}],"collection":[{"href":"https:\/\/www.lauracosta.com\/ca\/wp-json\/wp\/v2\/posts"}],"about":[{"href":"https:\/\/www.lauracosta.com\/ca\/wp-json\/wp\/v2\/types\/post"}],"author":[{"embeddable":true,"href":"https:\/\/www.lauracosta.com\/ca\/wp-json\/wp\/v2\/users\/1"}],"replies":[{"embeddable":true,"href":"https:\/\/www.lauracosta.com\/ca\/wp-json\/wp\/v2\/comments?post=4899"}],"version-history":[{"count":0,"href":"https:\/\/www.lauracosta.com\/ca\/wp-json\/wp\/v2\/posts\/4899\/revisions"}],"wp:featuredmedia":[{"embeddable":true,"href":"https:\/\/www.lauracosta.com\/ca\/wp-json\/wp\/v2\/media\/3768"}],"wp:attachment":[{"href":"https:\/\/www.lauracosta.com\/ca\/wp-json\/wp\/v2\/media?parent=4899"}],"wp:term":[{"taxonomy":"category","embeddable":true,"href":"https:\/\/www.lauracosta.com\/ca\/wp-json\/wp\/v2\/categories?post=4899"},{"taxonomy":"post_tag","embeddable":true,"href":"https:\/\/www.lauracosta.com\/ca\/wp-json\/wp\/v2\/tags?post=4899"}],"curies":[{"name":"wp","href":"https:\/\/api.w.org\/{rel}","templated":true}]}}