{"id":4906,"date":"2018-09-05T11:58:26","date_gmt":"2018-09-05T09:58:26","guid":{"rendered":"https:\/\/www.lauracosta.com\/promocio-assessoria-indumentaria-i-rostre\/"},"modified":"2018-09-05T11:56:50","modified_gmt":"2018-09-05T09:56:50","slug":"promocio-assessoria-indumentaria-i-rostre","status":"publish","type":"post","link":"https:\/\/www.lauracosta.com\/ca\/promocio-assessoria-indumentaria-i-rostre\/","title":{"rendered":"PROMOCI\u00d3 &#8220;ESTIMA&#8217;T M\u00c9S QUE MAI&#8221;"},"content":{"rendered":"<p><strong>PROMOCI\u00d3 PACK DUO ESPR\u00c9S: INDUMENT\u00c0RIA I ROSTRE<\/strong><\/p>\n<p><strong>Despr\u00e9s de les vacances\u00a0ESTIMA&#8217;T M\u00c9S QUE MAI i comen\u00e7a la temporada millorant la teva imatge!<\/strong><\/p>\n<p>&nbsp;<\/p>\n<ul>\n<li><strong>EXPR\u00c9S MASCUL\u00cd:\u00a0Assessoria del rostre (1,30h) + Assessoria en el vestir (1,30h)<\/strong><\/li>\n<\/ul>\n<p><strong> Inclou:<\/strong><\/p>\n<ul>\n<li>Valoraci\u00f3 de la imatge que transmets<\/li>\n<li>Eines i t\u00e8cniques per transmetre la teva personalitat a trav\u00e9s de la teva imatge tenint en compte les exig\u00e8ncies espec\u00edfiques de cada \u00e0mbit<\/li>\n<li>Valoraci\u00f3 de la tipologia corporal<\/li>\n<li>Proposta d&#8217;indument\u00e0ria i accessoris: formes, teixits, coloreixis\u2026<\/li>\n<li>Valoraci\u00f3 de la tipologia facial<\/li>\n<li>Proposta de pentinat, barba, patilles, celles<\/li>\n<li>Proposta \u00f2ptica<\/li>\n<li>Informe s\u00edntesi de les sessions<\/li>\n<\/ul>\n<p><strong>Preu Pack dos serveis:\u00a0<span style=\"text-decoration: line-through;\">270<\/span> euros &#8211; Preu Promoci\u00f3: 250 euros (IVA Incl\u00f2s)<\/strong><\/p>\n<p>&nbsp;<\/p>\n<ul>\n<li><strong>EXPR\u00c9S FEMEN\u00cd:\u00a0Assessoria del rostre (2h) + Assessoria en el vestir (2h)<\/strong><\/li>\n<\/ul>\n<p><strong> Inclou:<\/strong><\/p>\n<ul>\n<li>Valoraci\u00f3 de la imatge que transmets<\/li>\n<li>Eines i t\u00e8cniques per transmetre la teva personalitat a trav\u00e9s de la teva imatge tenint en compte les exig\u00e8ncies espec\u00edfiques de cada \u00e0mbit<\/li>\n<li>Valoraci\u00f3 de la tipologia corporal<\/li>\n<li>Proposta d&#8217;indument\u00e0ria i accessoris: formes, teixits, coloreixis\u2026<\/li>\n<li>Valoraci\u00f3 de la tipologia facial<\/li>\n<li>Proposta de pentinat<\/li>\n<li>Auto-maquillatge<\/li>\n<li>Proposta \u00f2ptica<\/li>\n<li>Informe s\u00edntesi de les sessions<\/li>\n<\/ul>\n<p><strong>Preu Pack dos serveis:\u00a0<span style=\"text-decoration: line-through;\">360<\/span> euros &#8211; Preu Promoci\u00f3: 340 euros (IVA Incl\u00f2s)<\/strong><\/p>\n<p>&nbsp;<\/p>\n<p><strong>Si desitges m\u00e9s informaci\u00f3 sobre altres serveis clica a <a href=\"https:\/\/www.lauracosta.com\/ca\/serveis-personals\/\">SERVEIS PERSONALS <\/a>i si t&#8217;agradaria demanar cita truca al 654 40 40 28 o escriu a <a href=\"https:\/\/www.lauracosta.com\/ca\/contacto\/\">CONTACTE<\/a><\/strong><\/p>\n<p><strong>Oferta v\u00e0lida fins al 15 d&#8217;octubre<\/strong><\/p>\n","protected":false},"excerpt":{"rendered":"<p>PROMOCI\u00d3 PACK DUO ESPR\u00c9S: INDUMENT\u00c0RIA I ROSTRE Despr\u00e9s de les vacances\u00a0ESTIMA&#8217;T M\u00c9S QUE MAI i comen\u00e7a la temporada millorant la teva imatge! &nbsp; EXPR\u00c9S MASCUL\u00cd:\u00a0Assessoria del rostre (1,30h) + Assessoria en el vestir (1,30h) Inclou: Valoraci\u00f3 de la imatge que transmets Eines i t\u00e8cniques per transmetre la teva personalitat a trav\u00e9s de la teva imatge [&hellip;]<\/p>\n","protected":false},"author":1,"featured_media":4152,"comment_status":"closed","ping_status":"closed","sticky":false,"template":"","format":"standard","meta":{"_joinchat":[],"footnotes":""},"categories":[54],"tags":[],"class_list":["post-4906","post","type-post","status-publish","format-standard","has-post-thumbnail","hentry","category-promocio"],"yoast_head":"<!-- This site is optimized with the Yoast SEO plugin v27.5 - https:\/\/yoast.com\/product\/yoast-seo-wordpress\/ -->\n<title>PROMOCI\u00d3 &quot;ESTIMA&#039;T M\u00c9S QUE MAI&quot; - Laura Costa<\/title>\n<meta name=\"robots\" content=\"index, follow, max-snippet:-1, max-image-preview:large, max-video-preview:-1\" \/>\n<link rel=\"canonical\" href=\"https:\/\/www.lauracosta.com\/ca\/promocio-assessoria-indumentaria-i-rostre\/\" \/>\n<meta property=\"og:locale\" content=\"ca_ES\" \/>\n<meta property=\"og:type\" content=\"article\" \/>\n<meta property=\"og:title\" content=\"PROMOCI\u00d3 &quot;ESTIMA&#039;T M\u00c9S QUE MAI&quot; - Laura Costa\" \/>\n<meta property=\"og:description\" content=\"PROMOCI\u00d3 PACK DUO ESPR\u00c9S: INDUMENT\u00c0RIA I ROSTRE Despr\u00e9s de les vacances\u00a0ESTIMA&#8217;T M\u00c9S QUE MAI i comen\u00e7a la temporada millorant la teva imatge! &nbsp; EXPR\u00c9S MASCUL\u00cd:\u00a0Assessoria del rostre (1,30h) + Assessoria en el vestir (1,30h) Inclou: Valoraci\u00f3 de la imatge que transmets Eines i t\u00e8cniques per transmetre la teva personalitat a trav\u00e9s de la teva imatge [&hellip;]\" \/>\n<meta property=\"og:url\" content=\"https:\/\/www.lauracosta.com\/ca\/promocio-assessoria-indumentaria-i-rostre\/\" \/>\n<meta property=\"og:site_name\" content=\"Laura Costa\" \/>\n<meta property=\"article:published_time\" content=\"2018-09-05T09:58:26+00:00\" \/>\n<meta property=\"og:image\" content=\"https:\/\/www.lauracosta.com\/wp-content\/uploads\/2024\/11\/main-qimg-a47ac3a0e5fc2a95f8bb58350d0e41ad.png\" \/>\n\t<meta property=\"og:image:width\" content=\"602\" \/>\n\t<meta property=\"og:image:height\" content=\"374\" \/>\n\t<meta property=\"og:image:type\" content=\"image\/png\" \/>\n<meta name=\"author\" content=\"factoryfy\" \/>\n<meta name=\"twitter:card\" content=\"summary_large_image\" \/>\n<meta name=\"twitter:label1\" content=\"Escrit per\" \/>\n\t<meta name=\"twitter:data1\" content=\"factoryfy\" \/>\n\t<meta name=\"twitter:label2\" content=\"Temps estimat de lectura\" \/>\n\t<meta name=\"twitter:data2\" content=\"1 minut\" \/>\n<script type=\"application\/ld+json\" class=\"yoast-schema-graph\">{\"@context\":\"https:\\\/\\\/schema.org\",\"@graph\":[{\"@type\":\"Article\",\"@id\":\"https:\\\/\\\/www.lauracosta.com\\\/ca\\\/promocio-assessoria-indumentaria-i-rostre\\\/#article\",\"isPartOf\":{\"@id\":\"https:\\\/\\\/www.lauracosta.com\\\/ca\\\/promocio-assessoria-indumentaria-i-rostre\\\/\"},\"author\":{\"name\":\"factoryfy\",\"@id\":\"https:\\\/\\\/www.lauracosta.com\\\/#\\\/schema\\\/person\\\/88a3aa3a762e09aa91cddc385661d3d9\"},\"headline\":\"PROMOCI\u00d3 &#8220;ESTIMA&#8217;T M\u00c9S QUE MAI&#8221;\",\"datePublished\":\"2018-09-05T09:58:26+00:00\",\"mainEntityOfPage\":{\"@id\":\"https:\\\/\\\/www.lauracosta.com\\\/ca\\\/promocio-assessoria-indumentaria-i-rostre\\\/\"},\"wordCount\":250,\"publisher\":{\"@id\":\"https:\\\/\\\/www.lauracosta.com\\\/#organization\"},\"image\":{\"@id\":\"https:\\\/\\\/www.lauracosta.com\\\/ca\\\/promocio-assessoria-indumentaria-i-rostre\\\/#primaryimage\"},\"thumbnailUrl\":\"https:\\\/\\\/www.lauracosta.com\\\/wp-content\\\/uploads\\\/2024\\\/11\\\/main-qimg-a47ac3a0e5fc2a95f8bb58350d0e41ad.png\",\"articleSection\":[\"Promocio\"],\"inLanguage\":\"ca\"},{\"@type\":\"WebPage\",\"@id\":\"https:\\\/\\\/www.lauracosta.com\\\/ca\\\/promocio-assessoria-indumentaria-i-rostre\\\/\",\"url\":\"https:\\\/\\\/www.lauracosta.com\\\/ca\\\/promocio-assessoria-indumentaria-i-rostre\\\/\",\"name\":\"PROMOCI\u00d3 \\\"ESTIMA'T M\u00c9S QUE MAI\\\" - Laura Costa\",\"isPartOf\":{\"@id\":\"https:\\\/\\\/www.lauracosta.com\\\/#website\"},\"primaryImageOfPage\":{\"@id\":\"https:\\\/\\\/www.lauracosta.com\\\/ca\\\/promocio-assessoria-indumentaria-i-rostre\\\/#primaryimage\"},\"image\":{\"@id\":\"https:\\\/\\\/www.lauracosta.com\\\/ca\\\/promocio-assessoria-indumentaria-i-rostre\\\/#primaryimage\"},\"thumbnailUrl\":\"https:\\\/\\\/www.lauracosta.com\\\/wp-content\\\/uploads\\\/2024\\\/11\\\/main-qimg-a47ac3a0e5fc2a95f8bb58350d0e41ad.png\",\"datePublished\":\"2018-09-05T09:58:26+00:00\",\"breadcrumb\":{\"@id\":\"https:\\\/\\\/www.lauracosta.com\\\/ca\\\/promocio-assessoria-indumentaria-i-rostre\\\/#breadcrumb\"},\"inLanguage\":\"ca\",\"potentialAction\":[{\"@type\":\"ReadAction\",\"target\":[\"https:\\\/\\\/www.lauracosta.com\\\/ca\\\/promocio-assessoria-indumentaria-i-rostre\\\/\"]}]},{\"@type\":\"ImageObject\",\"inLanguage\":\"ca\",\"@id\":\"https:\\\/\\\/www.lauracosta.com\\\/ca\\\/promocio-assessoria-indumentaria-i-rostre\\\/#primaryimage\",\"url\":\"https:\\\/\\\/www.lauracosta.com\\\/wp-content\\\/uploads\\\/2024\\\/11\\\/main-qimg-a47ac3a0e5fc2a95f8bb58350d0e41ad.png\",\"contentUrl\":\"https:\\\/\\\/www.lauracosta.com\\\/wp-content\\\/uploads\\\/2024\\\/11\\\/main-qimg-a47ac3a0e5fc2a95f8bb58350d0e41ad.png\",\"width\":602,\"height\":374},{\"@type\":\"BreadcrumbList\",\"@id\":\"https:\\\/\\\/www.lauracosta.com\\\/ca\\\/promocio-assessoria-indumentaria-i-rostre\\\/#breadcrumb\",\"itemListElement\":[{\"@type\":\"ListItem\",\"position\":1,\"name\":\"Portada\",\"item\":\"https:\\\/\\\/www.lauracosta.com\\\/\"},{\"@type\":\"ListItem\",\"position\":2,\"name\":\"PROMOCI\u00d3 &#8220;ESTIMA&#8217;T M\u00c9S QUE MAI&#8221;\"}]},{\"@type\":\"WebSite\",\"@id\":\"https:\\\/\\\/www.lauracosta.com\\\/#website\",\"url\":\"https:\\\/\\\/www.lauracosta.com\\\/\",\"name\":\"Laura Costa\",\"description\":\"Asesor\u00eda de imagen &amp; Personal Shopper\",\"publisher\":{\"@id\":\"https:\\\/\\\/www.lauracosta.com\\\/#organization\"},\"potentialAction\":[{\"@type\":\"SearchAction\",\"target\":{\"@type\":\"EntryPoint\",\"urlTemplate\":\"https:\\\/\\\/www.lauracosta.com\\\/?s={search_term_string}\"},\"query-input\":{\"@type\":\"PropertyValueSpecification\",\"valueRequired\":true,\"valueName\":\"search_term_string\"}}],\"inLanguage\":\"ca\"},{\"@type\":\"Organization\",\"@id\":\"https:\\\/\\\/www.lauracosta.com\\\/#organization\",\"name\":\"Laura Costa\",\"url\":\"https:\\\/\\\/www.lauracosta.com\\\/\",\"logo\":{\"@type\":\"ImageObject\",\"inLanguage\":\"ca\",\"@id\":\"https:\\\/\\\/www.lauracosta.com\\\/#\\\/schema\\\/logo\\\/image\\\/\",\"url\":\"https:\\\/\\\/www.lauracosta.com\\\/wp-content\\\/uploads\\\/2024\\\/11\\\/laura-costa-imagen-696.jpg\",\"contentUrl\":\"https:\\\/\\\/www.lauracosta.com\\\/wp-content\\\/uploads\\\/2024\\\/11\\\/laura-costa-imagen-696.jpg\",\"width\":696,\"height\":696,\"caption\":\"Laura Costa\"},\"image\":{\"@id\":\"https:\\\/\\\/www.lauracosta.com\\\/#\\\/schema\\\/logo\\\/image\\\/\"}},{\"@type\":\"Person\",\"@id\":\"https:\\\/\\\/www.lauracosta.com\\\/#\\\/schema\\\/person\\\/88a3aa3a762e09aa91cddc385661d3d9\",\"name\":\"factoryfy\",\"image\":{\"@type\":\"ImageObject\",\"inLanguage\":\"ca\",\"@id\":\"https:\\\/\\\/secure.gravatar.com\\\/avatar\\\/f6b08826744ac84b5c5730915ab186e60373c936b9668ce079c076fa428c7725?s=96&d=mm&r=g\",\"url\":\"https:\\\/\\\/secure.gravatar.com\\\/avatar\\\/f6b08826744ac84b5c5730915ab186e60373c936b9668ce079c076fa428c7725?s=96&d=mm&r=g\",\"contentUrl\":\"https:\\\/\\\/secure.gravatar.com\\\/avatar\\\/f6b08826744ac84b5c5730915ab186e60373c936b9668ce079c076fa428c7725?s=96&d=mm&r=g\",\"caption\":\"factoryfy\"},\"sameAs\":[\"https:\\\/\\\/www.lauracosta.com\"]}]}<\/script>\n<!-- \/ Yoast SEO plugin. -->","yoast_head_json":{"title":"PROMOCI\u00d3 \"ESTIMA'T M\u00c9S QUE MAI\" - Laura Costa","robots":{"index":"index","follow":"follow","max-snippet":"max-snippet:-1","max-image-preview":"max-image-preview:large","max-video-preview":"max-video-preview:-1"},"canonical":"https:\/\/www.lauracosta.com\/ca\/promocio-assessoria-indumentaria-i-rostre\/","og_locale":"ca_ES","og_type":"article","og_title":"PROMOCI\u00d3 \"ESTIMA'T M\u00c9S QUE MAI\" - Laura Costa","og_description":"PROMOCI\u00d3 PACK DUO ESPR\u00c9S: INDUMENT\u00c0RIA I ROSTRE Despr\u00e9s de les vacances\u00a0ESTIMA&#8217;T M\u00c9S QUE MAI i comen\u00e7a la temporada millorant la teva imatge! &nbsp; EXPR\u00c9S MASCUL\u00cd:\u00a0Assessoria del rostre (1,30h) + Assessoria en el vestir (1,30h) Inclou: Valoraci\u00f3 de la imatge que transmets Eines i t\u00e8cniques per transmetre la teva personalitat a trav\u00e9s de la teva imatge [&hellip;]","og_url":"https:\/\/www.lauracosta.com\/ca\/promocio-assessoria-indumentaria-i-rostre\/","og_site_name":"Laura Costa","article_published_time":"2018-09-05T09:58:26+00:00","og_image":[{"width":602,"height":374,"url":"https:\/\/www.lauracosta.com\/wp-content\/uploads\/2024\/11\/main-qimg-a47ac3a0e5fc2a95f8bb58350d0e41ad.png","type":"image\/png"}],"author":"factoryfy","twitter_card":"summary_large_image","twitter_misc":{"Escrit per":"factoryfy","Temps estimat de lectura":"1 minut"},"schema":{"@context":"https:\/\/schema.org","@graph":[{"@type":"Article","@id":"https:\/\/www.lauracosta.com\/ca\/promocio-assessoria-indumentaria-i-rostre\/#article","isPartOf":{"@id":"https:\/\/www.lauracosta.com\/ca\/promocio-assessoria-indumentaria-i-rostre\/"},"author":{"name":"factoryfy","@id":"https:\/\/www.lauracosta.com\/#\/schema\/person\/88a3aa3a762e09aa91cddc385661d3d9"},"headline":"PROMOCI\u00d3 &#8220;ESTIMA&#8217;T M\u00c9S QUE MAI&#8221;","datePublished":"2018-09-05T09:58:26+00:00","mainEntityOfPage":{"@id":"https:\/\/www.lauracosta.com\/ca\/promocio-assessoria-indumentaria-i-rostre\/"},"wordCount":250,"publisher":{"@id":"https:\/\/www.lauracosta.com\/#organization"},"image":{"@id":"https:\/\/www.lauracosta.com\/ca\/promocio-assessoria-indumentaria-i-rostre\/#primaryimage"},"thumbnailUrl":"https:\/\/www.lauracosta.com\/wp-content\/uploads\/2024\/11\/main-qimg-a47ac3a0e5fc2a95f8bb58350d0e41ad.png","articleSection":["Promocio"],"inLanguage":"ca"},{"@type":"WebPage","@id":"https:\/\/www.lauracosta.com\/ca\/promocio-assessoria-indumentaria-i-rostre\/","url":"https:\/\/www.lauracosta.com\/ca\/promocio-assessoria-indumentaria-i-rostre\/","name":"PROMOCI\u00d3 \"ESTIMA'T M\u00c9S QUE MAI\" - Laura Costa","isPartOf":{"@id":"https:\/\/www.lauracosta.com\/#website"},"primaryImageOfPage":{"@id":"https:\/\/www.lauracosta.com\/ca\/promocio-assessoria-indumentaria-i-rostre\/#primaryimage"},"image":{"@id":"https:\/\/www.lauracosta.com\/ca\/promocio-assessoria-indumentaria-i-rostre\/#primaryimage"},"thumbnailUrl":"https:\/\/www.lauracosta.com\/wp-content\/uploads\/2024\/11\/main-qimg-a47ac3a0e5fc2a95f8bb58350d0e41ad.png","datePublished":"2018-09-05T09:58:26+00:00","breadcrumb":{"@id":"https:\/\/www.lauracosta.com\/ca\/promocio-assessoria-indumentaria-i-rostre\/#breadcrumb"},"inLanguage":"ca","potentialAction":[{"@type":"ReadAction","target":["https:\/\/www.lauracosta.com\/ca\/promocio-assessoria-indumentaria-i-rostre\/"]}]},{"@type":"ImageObject","inLanguage":"ca","@id":"https:\/\/www.lauracosta.com\/ca\/promocio-assessoria-indumentaria-i-rostre\/#primaryimage","url":"https:\/\/www.lauracosta.com\/wp-content\/uploads\/2024\/11\/main-qimg-a47ac3a0e5fc2a95f8bb58350d0e41ad.png","contentUrl":"https:\/\/www.lauracosta.com\/wp-content\/uploads\/2024\/11\/main-qimg-a47ac3a0e5fc2a95f8bb58350d0e41ad.png","width":602,"height":374},{"@type":"BreadcrumbList","@id":"https:\/\/www.lauracosta.com\/ca\/promocio-assessoria-indumentaria-i-rostre\/#breadcrumb","itemListElement":[{"@type":"ListItem","position":1,"name":"Portada","item":"https:\/\/www.lauracosta.com\/"},{"@type":"ListItem","position":2,"name":"PROMOCI\u00d3 &#8220;ESTIMA&#8217;T M\u00c9S QUE MAI&#8221;"}]},{"@type":"WebSite","@id":"https:\/\/www.lauracosta.com\/#website","url":"https:\/\/www.lauracosta.com\/","name":"Laura Costa","description":"Asesor\u00eda de imagen &amp; Personal Shopper","publisher":{"@id":"https:\/\/www.lauracosta.com\/#organization"},"potentialAction":[{"@type":"SearchAction","target":{"@type":"EntryPoint","urlTemplate":"https:\/\/www.lauracosta.com\/?s={search_term_string}"},"query-input":{"@type":"PropertyValueSpecification","valueRequired":true,"valueName":"search_term_string"}}],"inLanguage":"ca"},{"@type":"Organization","@id":"https:\/\/www.lauracosta.com\/#organization","name":"Laura Costa","url":"https:\/\/www.lauracosta.com\/","logo":{"@type":"ImageObject","inLanguage":"ca","@id":"https:\/\/www.lauracosta.com\/#\/schema\/logo\/image\/","url":"https:\/\/www.lauracosta.com\/wp-content\/uploads\/2024\/11\/laura-costa-imagen-696.jpg","contentUrl":"https:\/\/www.lauracosta.com\/wp-content\/uploads\/2024\/11\/laura-costa-imagen-696.jpg","width":696,"height":696,"caption":"Laura Costa"},"image":{"@id":"https:\/\/www.lauracosta.com\/#\/schema\/logo\/image\/"}},{"@type":"Person","@id":"https:\/\/www.lauracosta.com\/#\/schema\/person\/88a3aa3a762e09aa91cddc385661d3d9","name":"factoryfy","image":{"@type":"ImageObject","inLanguage":"ca","@id":"https:\/\/secure.gravatar.com\/avatar\/f6b08826744ac84b5c5730915ab186e60373c936b9668ce079c076fa428c7725?s=96&d=mm&r=g","url":"https:\/\/secure.gravatar.com\/avatar\/f6b08826744ac84b5c5730915ab186e60373c936b9668ce079c076fa428c7725?s=96&d=mm&r=g","contentUrl":"https:\/\/secure.gravatar.com\/avatar\/f6b08826744ac84b5c5730915ab186e60373c936b9668ce079c076fa428c7725?s=96&d=mm&r=g","caption":"factoryfy"},"sameAs":["https:\/\/www.lauracosta.com"]}]}},"_links":{"self":[{"href":"https:\/\/www.lauracosta.com\/ca\/wp-json\/wp\/v2\/posts\/4906","targetHints":{"allow":["GET"]}}],"collection":[{"href":"https:\/\/www.lauracosta.com\/ca\/wp-json\/wp\/v2\/posts"}],"about":[{"href":"https:\/\/www.lauracosta.com\/ca\/wp-json\/wp\/v2\/types\/post"}],"author":[{"embeddable":true,"href":"https:\/\/www.lauracosta.com\/ca\/wp-json\/wp\/v2\/users\/1"}],"replies":[{"embeddable":true,"href":"https:\/\/www.lauracosta.com\/ca\/wp-json\/wp\/v2\/comments?post=4906"}],"version-history":[{"count":0,"href":"https:\/\/www.lauracosta.com\/ca\/wp-json\/wp\/v2\/posts\/4906\/revisions"}],"wp:featuredmedia":[{"embeddable":true,"href":"https:\/\/www.lauracosta.com\/ca\/wp-json\/wp\/v2\/media\/4152"}],"wp:attachment":[{"href":"https:\/\/www.lauracosta.com\/ca\/wp-json\/wp\/v2\/media?parent=4906"}],"wp:term":[{"taxonomy":"category","embeddable":true,"href":"https:\/\/www.lauracosta.com\/ca\/wp-json\/wp\/v2\/categories?post=4906"},{"taxonomy":"post_tag","embeddable":true,"href":"https:\/\/www.lauracosta.com\/ca\/wp-json\/wp\/v2\/tags?post=4906"}],"curies":[{"name":"wp","href":"https:\/\/api.w.org\/{rel}","templated":true}]}}