{"id":4910,"date":"2019-01-03T11:20:32","date_gmt":"2019-01-03T10:20:32","guid":{"rendered":"https:\/\/www.lauracosta.com\/comenca-lany-amb-la-teva-millor-imatge\/"},"modified":"2019-01-03T11:22:49","modified_gmt":"2019-01-03T10:22:49","slug":"comenca-lany-amb-la-teva-millor-imatge","status":"publish","type":"post","link":"https:\/\/www.lauracosta.com\/ca\/comenca-lany-amb-la-teva-millor-imatge\/","title":{"rendered":"COMEN\u00c7A L&#8217;ANY AMB LA TEVA MILLOR IMATGE"},"content":{"rendered":"<p><strong>Comen\u00e7a el 2019 traient a relluir el millor de tu!<\/strong><\/p>\n<p>Moltes persones no tenen consci\u00e8ncia del seu propi potencial f\u00edsic i personal. Consultar amb <strong>Laura Costa\u00a0Asesora\u00a0d&#8217;imatge Personal<\/strong>, t&#8217;ofereix l&#8217;oportunitat de tenir una valoraci\u00f3 professional, i d&#8217;aprendre de forma m\u00e9s t\u00e8cnica com a trav\u00e9s de les eines pr\u00f2pies de la imatge, pots treure&#8217;t m\u00e9s partit i saber com mostrar la teva millor projecci\u00f3 en cada ocasi\u00f3.<\/p>\n<p>Si desitges aprofitar els\u00a0<strong>Packs\u00a0en Promoci\u00f3 de Nadal<\/strong>, per a regalar o regalar-te a tu\u00a0mism@, cicla en el seg\u00fcent enlla\u00e7:<\/p>\n<p><a href=\"https:\/\/www.lauracosta.com\/ca\/regalos-tocan-alma\/\">PACKS EN ROMOCI\u00d3 NADAL\u00a0 2018-19<\/a><\/p>\n","protected":false},"excerpt":{"rendered":"<p>Comen\u00e7a el 2019 traient a relluir el millor de tu! Moltes persones no tenen consci\u00e8ncia del seu propi potencial f\u00edsic i personal. Consultar amb Laura Costa\u00a0Asesora\u00a0d&#8217;imatge Personal, t&#8217;ofereix l&#8217;oportunitat de tenir una valoraci\u00f3 professional, i d&#8217;aprendre de forma m\u00e9s t\u00e8cnica com a trav\u00e9s de les eines pr\u00f2pies de la imatge, pots treure&#8217;t m\u00e9s partit i [&hellip;]<\/p>\n","protected":false},"author":1,"featured_media":4168,"comment_status":"closed","ping_status":"closed","sticky":false,"template":"","format":"standard","meta":{"_joinchat":[],"footnotes":""},"categories":[48],"tags":[],"class_list":["post-4910","post","type-post","status-publish","format-standard","has-post-thumbnail","hentry","category-blog-ca"],"yoast_head":"<!-- This site is optimized with the Yoast SEO plugin v27.5 - https:\/\/yoast.com\/product\/yoast-seo-wordpress\/ -->\n<title>COMEN\u00c7A L&#039;ANY AMB LA TEVA MILLOR IMATGE - Laura Costa<\/title>\n<meta name=\"robots\" content=\"index, follow, max-snippet:-1, max-image-preview:large, max-video-preview:-1\" \/>\n<link rel=\"canonical\" href=\"https:\/\/www.lauracosta.com\/ca\/comenca-lany-amb-la-teva-millor-imatge\/\" \/>\n<meta property=\"og:locale\" content=\"ca_ES\" \/>\n<meta property=\"og:type\" content=\"article\" \/>\n<meta property=\"og:title\" content=\"COMEN\u00c7A L&#039;ANY AMB LA TEVA MILLOR IMATGE - Laura Costa\" \/>\n<meta property=\"og:description\" content=\"Comen\u00e7a el 2019 traient a relluir el millor de tu! Moltes persones no tenen consci\u00e8ncia del seu propi potencial f\u00edsic i personal. Consultar amb Laura Costa\u00a0Asesora\u00a0d&#8217;imatge Personal, t&#8217;ofereix l&#8217;oportunitat de tenir una valoraci\u00f3 professional, i d&#8217;aprendre de forma m\u00e9s t\u00e8cnica com a trav\u00e9s de les eines pr\u00f2pies de la imatge, pots treure&#8217;t m\u00e9s partit i [&hellip;]\" \/>\n<meta property=\"og:url\" content=\"https:\/\/www.lauracosta.com\/ca\/comenca-lany-amb-la-teva-millor-imatge\/\" \/>\n<meta property=\"og:site_name\" content=\"Laura Costa\" \/>\n<meta property=\"article:published_time\" content=\"2019-01-03T10:20:32+00:00\" \/>\n<meta property=\"article:modified_time\" content=\"2019-01-03T10:22:49+00:00\" \/>\n<meta property=\"og:image\" content=\"https:\/\/www.lauracosta.com\/wp-content\/uploads\/2024\/11\/Laura-Costa-Personal-Shopper-e1546518547546.jpg\" \/>\n\t<meta property=\"og:image:width\" content=\"500\" \/>\n\t<meta property=\"og:image:height\" content=\"500\" \/>\n\t<meta property=\"og:image:type\" content=\"image\/jpeg\" \/>\n<meta name=\"author\" content=\"factoryfy\" \/>\n<meta name=\"twitter:card\" content=\"summary_large_image\" \/>\n<meta name=\"twitter:label1\" content=\"Escrit per\" \/>\n\t<meta name=\"twitter:data1\" content=\"factoryfy\" \/>\n\t<meta name=\"twitter:label2\" content=\"Temps estimat de lectura\" \/>\n\t<meta name=\"twitter:data2\" content=\"1 minut\" \/>\n<script type=\"application\/ld+json\" class=\"yoast-schema-graph\">{\"@context\":\"https:\\\/\\\/schema.org\",\"@graph\":[{\"@type\":\"Article\",\"@id\":\"https:\\\/\\\/www.lauracosta.com\\\/ca\\\/comenca-lany-amb-la-teva-millor-imatge\\\/#article\",\"isPartOf\":{\"@id\":\"https:\\\/\\\/www.lauracosta.com\\\/ca\\\/comenca-lany-amb-la-teva-millor-imatge\\\/\"},\"author\":{\"name\":\"factoryfy\",\"@id\":\"https:\\\/\\\/www.lauracosta.com\\\/#\\\/schema\\\/person\\\/88a3aa3a762e09aa91cddc385661d3d9\"},\"headline\":\"COMEN\u00c7A L&#8217;ANY AMB LA TEVA MILLOR IMATGE\",\"datePublished\":\"2019-01-03T10:20:32+00:00\",\"dateModified\":\"2019-01-03T10:22:49+00:00\",\"mainEntityOfPage\":{\"@id\":\"https:\\\/\\\/www.lauracosta.com\\\/ca\\\/comenca-lany-amb-la-teva-millor-imatge\\\/\"},\"wordCount\":116,\"publisher\":{\"@id\":\"https:\\\/\\\/www.lauracosta.com\\\/#organization\"},\"image\":{\"@id\":\"https:\\\/\\\/www.lauracosta.com\\\/ca\\\/comenca-lany-amb-la-teva-millor-imatge\\\/#primaryimage\"},\"thumbnailUrl\":\"https:\\\/\\\/www.lauracosta.com\\\/wp-content\\\/uploads\\\/2024\\\/11\\\/Laura-Costa-Personal-Shopper-e1546518547546.jpg\",\"articleSection\":[\"Blog\"],\"inLanguage\":\"ca\"},{\"@type\":\"WebPage\",\"@id\":\"https:\\\/\\\/www.lauracosta.com\\\/ca\\\/comenca-lany-amb-la-teva-millor-imatge\\\/\",\"url\":\"https:\\\/\\\/www.lauracosta.com\\\/ca\\\/comenca-lany-amb-la-teva-millor-imatge\\\/\",\"name\":\"COMEN\u00c7A L'ANY AMB LA TEVA MILLOR IMATGE - Laura Costa\",\"isPartOf\":{\"@id\":\"https:\\\/\\\/www.lauracosta.com\\\/#website\"},\"primaryImageOfPage\":{\"@id\":\"https:\\\/\\\/www.lauracosta.com\\\/ca\\\/comenca-lany-amb-la-teva-millor-imatge\\\/#primaryimage\"},\"image\":{\"@id\":\"https:\\\/\\\/www.lauracosta.com\\\/ca\\\/comenca-lany-amb-la-teva-millor-imatge\\\/#primaryimage\"},\"thumbnailUrl\":\"https:\\\/\\\/www.lauracosta.com\\\/wp-content\\\/uploads\\\/2024\\\/11\\\/Laura-Costa-Personal-Shopper-e1546518547546.jpg\",\"datePublished\":\"2019-01-03T10:20:32+00:00\",\"dateModified\":\"2019-01-03T10:22:49+00:00\",\"breadcrumb\":{\"@id\":\"https:\\\/\\\/www.lauracosta.com\\\/ca\\\/comenca-lany-amb-la-teva-millor-imatge\\\/#breadcrumb\"},\"inLanguage\":\"ca\",\"potentialAction\":[{\"@type\":\"ReadAction\",\"target\":[\"https:\\\/\\\/www.lauracosta.com\\\/ca\\\/comenca-lany-amb-la-teva-millor-imatge\\\/\"]}]},{\"@type\":\"ImageObject\",\"inLanguage\":\"ca\",\"@id\":\"https:\\\/\\\/www.lauracosta.com\\\/ca\\\/comenca-lany-amb-la-teva-millor-imatge\\\/#primaryimage\",\"url\":\"https:\\\/\\\/www.lauracosta.com\\\/wp-content\\\/uploads\\\/2024\\\/11\\\/Laura-Costa-Personal-Shopper-e1546518547546.jpg\",\"contentUrl\":\"https:\\\/\\\/www.lauracosta.com\\\/wp-content\\\/uploads\\\/2024\\\/11\\\/Laura-Costa-Personal-Shopper-e1546518547546.jpg\",\"width\":500,\"height\":500},{\"@type\":\"BreadcrumbList\",\"@id\":\"https:\\\/\\\/www.lauracosta.com\\\/ca\\\/comenca-lany-amb-la-teva-millor-imatge\\\/#breadcrumb\",\"itemListElement\":[{\"@type\":\"ListItem\",\"position\":1,\"name\":\"Portada\",\"item\":\"https:\\\/\\\/www.lauracosta.com\\\/\"},{\"@type\":\"ListItem\",\"position\":2,\"name\":\"COMEN\u00c7A L&#8217;ANY AMB LA TEVA MILLOR IMATGE\"}]},{\"@type\":\"WebSite\",\"@id\":\"https:\\\/\\\/www.lauracosta.com\\\/#website\",\"url\":\"https:\\\/\\\/www.lauracosta.com\\\/\",\"name\":\"Laura Costa\",\"description\":\"Asesor\u00eda de imagen &amp; Personal Shopper\",\"publisher\":{\"@id\":\"https:\\\/\\\/www.lauracosta.com\\\/#organization\"},\"potentialAction\":[{\"@type\":\"SearchAction\",\"target\":{\"@type\":\"EntryPoint\",\"urlTemplate\":\"https:\\\/\\\/www.lauracosta.com\\\/?s={search_term_string}\"},\"query-input\":{\"@type\":\"PropertyValueSpecification\",\"valueRequired\":true,\"valueName\":\"search_term_string\"}}],\"inLanguage\":\"ca\"},{\"@type\":\"Organization\",\"@id\":\"https:\\\/\\\/www.lauracosta.com\\\/#organization\",\"name\":\"Laura Costa\",\"url\":\"https:\\\/\\\/www.lauracosta.com\\\/\",\"logo\":{\"@type\":\"ImageObject\",\"inLanguage\":\"ca\",\"@id\":\"https:\\\/\\\/www.lauracosta.com\\\/#\\\/schema\\\/logo\\\/image\\\/\",\"url\":\"https:\\\/\\\/www.lauracosta.com\\\/wp-content\\\/uploads\\\/2024\\\/11\\\/laura-costa-imagen-696.jpg\",\"contentUrl\":\"https:\\\/\\\/www.lauracosta.com\\\/wp-content\\\/uploads\\\/2024\\\/11\\\/laura-costa-imagen-696.jpg\",\"width\":696,\"height\":696,\"caption\":\"Laura Costa\"},\"image\":{\"@id\":\"https:\\\/\\\/www.lauracosta.com\\\/#\\\/schema\\\/logo\\\/image\\\/\"}},{\"@type\":\"Person\",\"@id\":\"https:\\\/\\\/www.lauracosta.com\\\/#\\\/schema\\\/person\\\/88a3aa3a762e09aa91cddc385661d3d9\",\"name\":\"factoryfy\",\"image\":{\"@type\":\"ImageObject\",\"inLanguage\":\"ca\",\"@id\":\"https:\\\/\\\/secure.gravatar.com\\\/avatar\\\/f6b08826744ac84b5c5730915ab186e60373c936b9668ce079c076fa428c7725?s=96&d=mm&r=g\",\"url\":\"https:\\\/\\\/secure.gravatar.com\\\/avatar\\\/f6b08826744ac84b5c5730915ab186e60373c936b9668ce079c076fa428c7725?s=96&d=mm&r=g\",\"contentUrl\":\"https:\\\/\\\/secure.gravatar.com\\\/avatar\\\/f6b08826744ac84b5c5730915ab186e60373c936b9668ce079c076fa428c7725?s=96&d=mm&r=g\",\"caption\":\"factoryfy\"},\"sameAs\":[\"https:\\\/\\\/www.lauracosta.com\"]}]}<\/script>\n<!-- \/ Yoast SEO plugin. -->","yoast_head_json":{"title":"COMEN\u00c7A L'ANY AMB LA TEVA MILLOR IMATGE - Laura Costa","robots":{"index":"index","follow":"follow","max-snippet":"max-snippet:-1","max-image-preview":"max-image-preview:large","max-video-preview":"max-video-preview:-1"},"canonical":"https:\/\/www.lauracosta.com\/ca\/comenca-lany-amb-la-teva-millor-imatge\/","og_locale":"ca_ES","og_type":"article","og_title":"COMEN\u00c7A L'ANY AMB LA TEVA MILLOR IMATGE - Laura Costa","og_description":"Comen\u00e7a el 2019 traient a relluir el millor de tu! Moltes persones no tenen consci\u00e8ncia del seu propi potencial f\u00edsic i personal. Consultar amb Laura Costa\u00a0Asesora\u00a0d&#8217;imatge Personal, t&#8217;ofereix l&#8217;oportunitat de tenir una valoraci\u00f3 professional, i d&#8217;aprendre de forma m\u00e9s t\u00e8cnica com a trav\u00e9s de les eines pr\u00f2pies de la imatge, pots treure&#8217;t m\u00e9s partit i [&hellip;]","og_url":"https:\/\/www.lauracosta.com\/ca\/comenca-lany-amb-la-teva-millor-imatge\/","og_site_name":"Laura Costa","article_published_time":"2019-01-03T10:20:32+00:00","article_modified_time":"2019-01-03T10:22:49+00:00","og_image":[{"width":500,"height":500,"url":"https:\/\/www.lauracosta.com\/wp-content\/uploads\/2024\/11\/Laura-Costa-Personal-Shopper-e1546518547546.jpg","type":"image\/jpeg"}],"author":"factoryfy","twitter_card":"summary_large_image","twitter_misc":{"Escrit per":"factoryfy","Temps estimat de lectura":"1 minut"},"schema":{"@context":"https:\/\/schema.org","@graph":[{"@type":"Article","@id":"https:\/\/www.lauracosta.com\/ca\/comenca-lany-amb-la-teva-millor-imatge\/#article","isPartOf":{"@id":"https:\/\/www.lauracosta.com\/ca\/comenca-lany-amb-la-teva-millor-imatge\/"},"author":{"name":"factoryfy","@id":"https:\/\/www.lauracosta.com\/#\/schema\/person\/88a3aa3a762e09aa91cddc385661d3d9"},"headline":"COMEN\u00c7A L&#8217;ANY AMB LA TEVA MILLOR IMATGE","datePublished":"2019-01-03T10:20:32+00:00","dateModified":"2019-01-03T10:22:49+00:00","mainEntityOfPage":{"@id":"https:\/\/www.lauracosta.com\/ca\/comenca-lany-amb-la-teva-millor-imatge\/"},"wordCount":116,"publisher":{"@id":"https:\/\/www.lauracosta.com\/#organization"},"image":{"@id":"https:\/\/www.lauracosta.com\/ca\/comenca-lany-amb-la-teva-millor-imatge\/#primaryimage"},"thumbnailUrl":"https:\/\/www.lauracosta.com\/wp-content\/uploads\/2024\/11\/Laura-Costa-Personal-Shopper-e1546518547546.jpg","articleSection":["Blog"],"inLanguage":"ca"},{"@type":"WebPage","@id":"https:\/\/www.lauracosta.com\/ca\/comenca-lany-amb-la-teva-millor-imatge\/","url":"https:\/\/www.lauracosta.com\/ca\/comenca-lany-amb-la-teva-millor-imatge\/","name":"COMEN\u00c7A L'ANY AMB LA TEVA MILLOR IMATGE - Laura Costa","isPartOf":{"@id":"https:\/\/www.lauracosta.com\/#website"},"primaryImageOfPage":{"@id":"https:\/\/www.lauracosta.com\/ca\/comenca-lany-amb-la-teva-millor-imatge\/#primaryimage"},"image":{"@id":"https:\/\/www.lauracosta.com\/ca\/comenca-lany-amb-la-teva-millor-imatge\/#primaryimage"},"thumbnailUrl":"https:\/\/www.lauracosta.com\/wp-content\/uploads\/2024\/11\/Laura-Costa-Personal-Shopper-e1546518547546.jpg","datePublished":"2019-01-03T10:20:32+00:00","dateModified":"2019-01-03T10:22:49+00:00","breadcrumb":{"@id":"https:\/\/www.lauracosta.com\/ca\/comenca-lany-amb-la-teva-millor-imatge\/#breadcrumb"},"inLanguage":"ca","potentialAction":[{"@type":"ReadAction","target":["https:\/\/www.lauracosta.com\/ca\/comenca-lany-amb-la-teva-millor-imatge\/"]}]},{"@type":"ImageObject","inLanguage":"ca","@id":"https:\/\/www.lauracosta.com\/ca\/comenca-lany-amb-la-teva-millor-imatge\/#primaryimage","url":"https:\/\/www.lauracosta.com\/wp-content\/uploads\/2024\/11\/Laura-Costa-Personal-Shopper-e1546518547546.jpg","contentUrl":"https:\/\/www.lauracosta.com\/wp-content\/uploads\/2024\/11\/Laura-Costa-Personal-Shopper-e1546518547546.jpg","width":500,"height":500},{"@type":"BreadcrumbList","@id":"https:\/\/www.lauracosta.com\/ca\/comenca-lany-amb-la-teva-millor-imatge\/#breadcrumb","itemListElement":[{"@type":"ListItem","position":1,"name":"Portada","item":"https:\/\/www.lauracosta.com\/"},{"@type":"ListItem","position":2,"name":"COMEN\u00c7A L&#8217;ANY AMB LA TEVA MILLOR IMATGE"}]},{"@type":"WebSite","@id":"https:\/\/www.lauracosta.com\/#website","url":"https:\/\/www.lauracosta.com\/","name":"Laura Costa","description":"Asesor\u00eda de imagen &amp; Personal Shopper","publisher":{"@id":"https:\/\/www.lauracosta.com\/#organization"},"potentialAction":[{"@type":"SearchAction","target":{"@type":"EntryPoint","urlTemplate":"https:\/\/www.lauracosta.com\/?s={search_term_string}"},"query-input":{"@type":"PropertyValueSpecification","valueRequired":true,"valueName":"search_term_string"}}],"inLanguage":"ca"},{"@type":"Organization","@id":"https:\/\/www.lauracosta.com\/#organization","name":"Laura Costa","url":"https:\/\/www.lauracosta.com\/","logo":{"@type":"ImageObject","inLanguage":"ca","@id":"https:\/\/www.lauracosta.com\/#\/schema\/logo\/image\/","url":"https:\/\/www.lauracosta.com\/wp-content\/uploads\/2024\/11\/laura-costa-imagen-696.jpg","contentUrl":"https:\/\/www.lauracosta.com\/wp-content\/uploads\/2024\/11\/laura-costa-imagen-696.jpg","width":696,"height":696,"caption":"Laura Costa"},"image":{"@id":"https:\/\/www.lauracosta.com\/#\/schema\/logo\/image\/"}},{"@type":"Person","@id":"https:\/\/www.lauracosta.com\/#\/schema\/person\/88a3aa3a762e09aa91cddc385661d3d9","name":"factoryfy","image":{"@type":"ImageObject","inLanguage":"ca","@id":"https:\/\/secure.gravatar.com\/avatar\/f6b08826744ac84b5c5730915ab186e60373c936b9668ce079c076fa428c7725?s=96&d=mm&r=g","url":"https:\/\/secure.gravatar.com\/avatar\/f6b08826744ac84b5c5730915ab186e60373c936b9668ce079c076fa428c7725?s=96&d=mm&r=g","contentUrl":"https:\/\/secure.gravatar.com\/avatar\/f6b08826744ac84b5c5730915ab186e60373c936b9668ce079c076fa428c7725?s=96&d=mm&r=g","caption":"factoryfy"},"sameAs":["https:\/\/www.lauracosta.com"]}]}},"_links":{"self":[{"href":"https:\/\/www.lauracosta.com\/ca\/wp-json\/wp\/v2\/posts\/4910","targetHints":{"allow":["GET"]}}],"collection":[{"href":"https:\/\/www.lauracosta.com\/ca\/wp-json\/wp\/v2\/posts"}],"about":[{"href":"https:\/\/www.lauracosta.com\/ca\/wp-json\/wp\/v2\/types\/post"}],"author":[{"embeddable":true,"href":"https:\/\/www.lauracosta.com\/ca\/wp-json\/wp\/v2\/users\/1"}],"replies":[{"embeddable":true,"href":"https:\/\/www.lauracosta.com\/ca\/wp-json\/wp\/v2\/comments?post=4910"}],"version-history":[{"count":0,"href":"https:\/\/www.lauracosta.com\/ca\/wp-json\/wp\/v2\/posts\/4910\/revisions"}],"wp:featuredmedia":[{"embeddable":true,"href":"https:\/\/www.lauracosta.com\/ca\/wp-json\/wp\/v2\/media\/4168"}],"wp:attachment":[{"href":"https:\/\/www.lauracosta.com\/ca\/wp-json\/wp\/v2\/media?parent=4910"}],"wp:term":[{"taxonomy":"category","embeddable":true,"href":"https:\/\/www.lauracosta.com\/ca\/wp-json\/wp\/v2\/categories?post=4910"},{"taxonomy":"post_tag","embeddable":true,"href":"https:\/\/www.lauracosta.com\/ca\/wp-json\/wp\/v2\/tags?post=4910"}],"curies":[{"name":"wp","href":"https:\/\/api.w.org\/{rel}","templated":true}]}}