{"id":4920,"date":"2019-05-23T07:14:50","date_gmt":"2019-05-23T05:14:50","guid":{"rendered":"https:\/\/www.lauracosta.com\/regalar-personal-shopper-regalar-felicitat\/"},"modified":"2024-11-14T11:09:56","modified_gmt":"2024-11-14T10:09:56","slug":"regalar-personal-shopper-regalar-felicitat","status":"publish","type":"post","link":"https:\/\/www.lauracosta.com\/ca\/regalar-personal-shopper-regalar-felicitat\/","title":{"rendered":"REGALAR PERSONAL SHOPPER \u00c9S REGALAR FELICITAT"},"content":{"rendered":"<p>Regalar <strong>Personal Shopper<\/strong> \u00e9s regalar felicitat. Perqu\u00e8 no hi ha res millor que rebre una cosa inesperada i sorprenent, que a m\u00e9s t&#8217;ajudi a projectar la teva veritable personalitat i potenciar la teva pres\u00e8ncia.<\/p>\n<p>Fa unes setmanes Melani, em va escriure demanant-me informaci\u00f3 sobre el servei de Personal Shopper. Volia regalar-li-ho a la seva germana Mirian, pel seu aniversari. Segons sembla, a vegades ja havien comentat la idea d&#8217;experimentar amb aquest servei.<\/p>\n<p>De seguida es va decidir i li manem el Tiquet Regal per mail.<\/p>\n<p>Al cap de poc Mirian va contactar amb mi i concretem la primera cita per a l&#8217;entrevista.<\/p>\n<p>L&#8217;entrevista serveix per a con\u00e8ixer de forma profunda al client en un curt espai de temps, preguntes com: Com et definiries pel que fa a car\u00e0cter?, o per exemple: Quina imatge creus que projectes? Com creus que et percep el teu entono? Ens ajuden a desemmascarar la personalitat del client i a obtenir un punt de partida per a marcar uns objectius.<\/p>\n<p>Treballem sempre des de dues vies: una, treure m\u00e0xim partit est\u00e8ticament del\/de la clienta i una altra, ensenyar-li com a trav\u00e9s de les eines pr\u00f2pies de la imatge externa pot projectar l&#8217;aparen\u00e7a que desitgi. D&#8217;aquesta forma comen\u00e7a a tenir consci\u00e8ncia de la import\u00e0ncia que t\u00e9 la imatge personal com a instrument de projecci\u00f3 i creixement personal.<\/p>\n<p>La veritat \u00e9s que Mirian \u00e9s encantadora, nom\u00e9s obrir la porta per a rebre-la, em va sorprendre amb un gran somriure. \u00c9s una dona jove, din\u00e0mica, molt segura de si mateixa, femenina, pr\u00f2xima i un punt atrevida.<\/p>\n<p>Durant l&#8217;entrevista tractem diversos temes com la seva activitat laboral i la seva vida social, aix\u00ed com els seus gustos i prefer\u00e8ncies quant a les peces i la percepci\u00f3 que t\u00e9 del seu propi aspecte f\u00edsic.<\/p>\n<p>Mirian \u00e9s professora d&#8217;Hip-hop en una escola de ball, a m\u00e9s est\u00e0 estudiant Organitzaci\u00f3 d&#8217;esdeveniments amb l&#8217;objectiu de fer un gir a la seva activitat professional en un futur no gaire lluny\u00e0. De moment no t\u00e9 cap mena d&#8217;exig\u00e8ncia pel que fa aimatge en el seu entorn laboral. Tenint en compte tota aquesta informaci\u00f3, concloem que el seu estil \u00e9s Casual Chic, tamb\u00e9 molt femenina i sexy a vegades.<\/p>\n<p>Una prioritat per a ella \u00e9s la comoditat, per\u00f2 sense renunciar per a res a l&#8217;eleg\u00e0ncia.<\/p>\n<p>Per a aix\u00f2 li vam proposar:<\/p>\n<ul>\n<li>Tops elegants per a sortir de nit<\/li>\n<li>Samarretes amb detalls exclusius per a despla\u00e7ar-se al treball en el seu dia a dia<\/li>\n<li>Jeans elegants, f\u00e0cils de combinar amb diferents estils de peces superiors<\/li>\n<li>Americana per a comen\u00e7ar a familiaritzar-se amb una imatge m\u00e9s professional<\/li>\n<li>Faldilla texana per a una imatge jovial, actual i atrevida<\/li>\n<li>C\u00e1rdigan de punt, molt vers\u00e0til com a pe\u00e7a externa en l&#8217;entretemps, i ideal a l&#8217;hivern sota una parca o trench<\/li>\n<li>Sand\u00e0lies amb talons alts per a estilitzar la seva figura<\/li>\n<\/ul>\n<p><img fetchpriority=\"high\" decoding=\"async\" class=\" wp-image-4442 aligncenter\" src=\"https:\/\/www.lauracosta.com\/wp-content\/uploads\/2024\/11\/Propuestas-Laura-Costa-Personal-Shopper-300x300.png\" alt=\"Propuestas Laura Costa Personal Shopper\" width=\"560\" height=\"560\" \/><\/p>\n<p>Corporalment determinem que t\u00e9 una tipologia de Rellotge de Sorra, amb predomini de formes sinuoses i un volum corporal notable. Per aquest motiu li aconsellem:<\/p>\n<ul>\n<li>Peces estructurades en les espatlles, amb la finalitat de neutralitzar les formes arrodonides pr\u00f2pies del seu cos<\/li>\n<li>Mangues muntades en la base<\/li>\n<li>Peces amb escot &#8220;V&#8221;, per a lluir l&#8217;escot i dissimular pit<\/li>\n<li>Peces en formes semi entallades que defineixin i potenci\u00efn discretament la seva silueta, evitant els patrons <em>oversize<\/em><\/li>\n<li>Pantalons cigarreta en colors mitjans o foscos<\/li>\n<li>Faldilles en l\u00ednia &#8220;A&#8221;<\/li>\n<\/ul>\n<p><img decoding=\"async\" class=\" wp-image-4439 aligncenter\" src=\"https:\/\/www.lauracosta.com\/wp-content\/uploads\/2024\/11\/Tipologia-corporal-Mirian-por-Laura-Costa-225x300.jpg\" alt=\"Tipolog\u00eda corporal Mirian por Laura Costa\" width=\"389\" height=\"518\" \/><\/p>\n<p>Vam valorar les tonalitats que m\u00e9s li afavoreixen\u00a0est\u00e8ticament\u00a0i li ensenyem quins colors li confereixen una imatge m\u00e9s seriosa, professional&#8230; i els tons amb els quals la seva projecci\u00f3 \u00e9s m\u00e9s atrevida i din\u00e0mica.<\/p>\n<p><img decoding=\"async\" class=\" wp-image-4450 aligncenter\" src=\"https:\/\/www.lauracosta.com\/wp-content\/uploads\/2024\/11\/Colores-Mirian-por-Laura-Costa-300x141.png\" alt=\"Colores Mirian por Laura Costa\" width=\"598\" height=\"281\" \/>Vam quedar al cap d&#8217;una setmana per a realitzar el servei de Personal\u00a0<span class=\"hiddenSpellError\">Shopper<\/span>.<\/p>\n<p>Com sempre, el dia anterior em vaig despla\u00e7ar a les botigues a la recerca de les peces de la llista, tenint present el pressupost que ella m&#8217;havia donat per a les compres i per descomptat els seus gustos i prefer\u00e8ncies.<\/p>\n<p>Vaig organitzar una ruta per diverses botigues, i en cadascuna vaig reservar les opcions de peces ideals per a\u00a0<span class=\"hiddenSpellError\">Mirian<\/span>. Em vaig centrar en marques juvenils, en les quals els patrons fossin semi entallats amb predomini de teixits lleugers, f\u00e0cils de rentar i que no requerissin\u00a0molta\u00a0planxa.<\/p>\n<p>Encara que a ella no li agraden les estampacions, tamb\u00e9 li vaig proposar alguna opci\u00f3 molt fresca i discreta perqu\u00e8 vagi integrant aquest nou concepte a la seva imatge, encara que sigui de forma subtil.<\/p>\n<p>El dia va ser rodat,\u00a0<span class=\"hiddenSpellError\">Mirian<\/span>\u00a0es va provar totes les peces que havia seleccionat per a ella, i vam fer fotografies. En finalitzar la ruta, analitzem quines peces serien m\u00e9s vers\u00e0tils, f\u00e0cils de portar i de combinar, sempre tenint en compte el seu pressupost.<\/p>\n<p>En funci\u00f3 d&#8217;aquesta valoraci\u00f3 vam triar els\u00a0<span class=\"hiddenSpellError\">looks<\/span>\u00a0m\u00e9s adequats i vam realitzar les compres.<\/p>\n<p><img loading=\"lazy\" decoding=\"async\" class=\" wp-image-4448 aligncenter\" src=\"https:\/\/www.lauracosta.com\/wp-content\/uploads\/2024\/11\/Personal-Shopper-Mirian-por-Laura-Costa2-300x300.jpg\" alt=\"Personal Shopper Mirian por Laura Costa2\" width=\"553\" height=\"553\" \/><\/p>\n<p><strong>El servei de Personal\u00a0<span class=\"hiddenSpellError\">Shopper<\/span>\u00a0\u00e9s una compra totalment programada i conscient. L&#8217;\u00e8xit radica a encertar al 100%.<\/strong><\/p>\n<p>Des d&#8217;aqu\u00ed el meu m\u00e9s profund agra\u00efment a Melani i a\u00a0<span class=\"hiddenSpellError\">Mirian<\/span>\u00a0per dipositar la seva confian\u00e7a en la meva i tamb\u00e9 per prestar-se a participar en aquest petit reportatge.<\/p>\n<p>Un plaer\u00a0<span class=\"hiddenSpellError\">Mirian<\/span>, espero seguir en contacte amb tu, recorda que si tens qualsevol dubte, pots consultar-me durant tot l&#8217;any!<\/p>\n<p><strong>SI\u00a0<span class=\"hiddenGrammarError\">DESITGES<\/span>\u00a0REGALAR UN SERVEI D&#8217;ASSESSORIA D&#8217;IMATGE NOM\u00c9S HAS DE <a href=\"https:\/\/www.lauracosta.com\/ca\/contacto\/\">CONTACTAR AMB LA LAURA <\/a>PER A SOL\u00b7LICITAR EL TEU TIQUET REGAL\u00a0<\/strong><\/p>\n","protected":false},"excerpt":{"rendered":"<p>Regalar Personal Shopper \u00e9s regalar felicitat. Perqu\u00e8 no hi ha res millor que rebre una cosa inesperada i sorprenent, que a m\u00e9s t&#8217;ajudi a projectar la teva veritable personalitat i potenciar la teva pres\u00e8ncia. Fa unes setmanes Melani, em va escriure demanant-me informaci\u00f3 sobre el servei de Personal Shopper. Volia regalar-li-ho a la seva germana [&hellip;]<\/p>\n","protected":false},"author":1,"featured_media":4260,"comment_status":"closed","ping_status":"closed","sticky":false,"template":"","format":"standard","meta":{"_joinchat":[],"footnotes":""},"categories":[48],"tags":[160,76,143,278,110,279],"class_list":["post-4920","post","type-post","status-publish","format-standard","has-post-thumbnail","hentry","category-blog-ca","tag-asesor-de-imagen-personal","tag-asesora-de-imagen","tag-personal-shopper-barcelona","tag-presencia","tag-test-del-color","tag-tipologia-corporal"],"yoast_head":"<!-- This site is optimized with the Yoast SEO plugin v27.5 - https:\/\/yoast.com\/product\/yoast-seo-wordpress\/ -->\n<title>REGALAR PERSONAL SHOPPER \u00c9S REGALAR FELICITAT - Laura Costa<\/title>\n<meta name=\"robots\" content=\"index, follow, max-snippet:-1, max-image-preview:large, max-video-preview:-1\" \/>\n<link rel=\"canonical\" href=\"https:\/\/www.lauracosta.com\/ca\/regalar-personal-shopper-regalar-felicitat\/\" \/>\n<meta property=\"og:locale\" content=\"ca_ES\" \/>\n<meta property=\"og:type\" content=\"article\" \/>\n<meta property=\"og:title\" content=\"REGALAR PERSONAL SHOPPER \u00c9S REGALAR FELICITAT - Laura Costa\" \/>\n<meta property=\"og:description\" content=\"Regalar Personal Shopper \u00e9s regalar felicitat. Perqu\u00e8 no hi ha res millor que rebre una cosa inesperada i sorprenent, que a m\u00e9s t&#8217;ajudi a projectar la teva veritable personalitat i potenciar la teva pres\u00e8ncia. Fa unes setmanes Melani, em va escriure demanant-me informaci\u00f3 sobre el servei de Personal Shopper. Volia regalar-li-ho a la seva germana [&hellip;]\" \/>\n<meta property=\"og:url\" content=\"https:\/\/www.lauracosta.com\/ca\/regalar-personal-shopper-regalar-felicitat\/\" \/>\n<meta property=\"og:site_name\" content=\"Laura Costa\" \/>\n<meta property=\"article:published_time\" content=\"2019-05-23T05:14:50+00:00\" \/>\n<meta property=\"article:modified_time\" content=\"2024-11-14T10:09:56+00:00\" \/>\n<meta property=\"og:image\" content=\"https:\/\/www.lauracosta.com\/wp-content\/uploads\/2024\/11\/Personal-Shopper-Mirian-por-Laura-Costa-ok.png\" \/>\n\t<meta property=\"og:image:width\" content=\"1199\" \/>\n\t<meta property=\"og:image:height\" content=\"1600\" \/>\n\t<meta property=\"og:image:type\" content=\"image\/png\" \/>\n<meta name=\"author\" content=\"factoryfy\" \/>\n<meta name=\"twitter:card\" content=\"summary_large_image\" \/>\n<meta name=\"twitter:label1\" content=\"Escrit per\" \/>\n\t<meta name=\"twitter:data1\" content=\"factoryfy\" \/>\n\t<meta name=\"twitter:label2\" content=\"Temps estimat de lectura\" \/>\n\t<meta name=\"twitter:data2\" content=\"5 minuts\" \/>\n<script type=\"application\/ld+json\" class=\"yoast-schema-graph\">{\"@context\":\"https:\\\/\\\/schema.org\",\"@graph\":[{\"@type\":\"Article\",\"@id\":\"https:\\\/\\\/www.lauracosta.com\\\/ca\\\/regalar-personal-shopper-regalar-felicitat\\\/#article\",\"isPartOf\":{\"@id\":\"https:\\\/\\\/www.lauracosta.com\\\/ca\\\/regalar-personal-shopper-regalar-felicitat\\\/\"},\"author\":{\"name\":\"factoryfy\",\"@id\":\"https:\\\/\\\/www.lauracosta.com\\\/#\\\/schema\\\/person\\\/88a3aa3a762e09aa91cddc385661d3d9\"},\"headline\":\"REGALAR PERSONAL SHOPPER \u00c9S REGALAR FELICITAT\",\"datePublished\":\"2019-05-23T05:14:50+00:00\",\"dateModified\":\"2024-11-14T10:09:56+00:00\",\"mainEntityOfPage\":{\"@id\":\"https:\\\/\\\/www.lauracosta.com\\\/ca\\\/regalar-personal-shopper-regalar-felicitat\\\/\"},\"wordCount\":952,\"publisher\":{\"@id\":\"https:\\\/\\\/www.lauracosta.com\\\/#organization\"},\"image\":{\"@id\":\"https:\\\/\\\/www.lauracosta.com\\\/ca\\\/regalar-personal-shopper-regalar-felicitat\\\/#primaryimage\"},\"thumbnailUrl\":\"https:\\\/\\\/www.lauracosta.com\\\/wp-content\\\/uploads\\\/2024\\\/11\\\/Personal-Shopper-Mirian-por-Laura-Costa-ok.png\",\"keywords\":[\"asesor de imagen personal\",\"Asesora de imagen\",\"Personal Shopper Barcelona\",\"presencia\",\"test del color\",\"Tipolog\u00eda corporal\"],\"articleSection\":[\"Blog\"],\"inLanguage\":\"ca\"},{\"@type\":\"WebPage\",\"@id\":\"https:\\\/\\\/www.lauracosta.com\\\/ca\\\/regalar-personal-shopper-regalar-felicitat\\\/\",\"url\":\"https:\\\/\\\/www.lauracosta.com\\\/ca\\\/regalar-personal-shopper-regalar-felicitat\\\/\",\"name\":\"REGALAR PERSONAL SHOPPER \u00c9S REGALAR FELICITAT - Laura Costa\",\"isPartOf\":{\"@id\":\"https:\\\/\\\/www.lauracosta.com\\\/#website\"},\"primaryImageOfPage\":{\"@id\":\"https:\\\/\\\/www.lauracosta.com\\\/ca\\\/regalar-personal-shopper-regalar-felicitat\\\/#primaryimage\"},\"image\":{\"@id\":\"https:\\\/\\\/www.lauracosta.com\\\/ca\\\/regalar-personal-shopper-regalar-felicitat\\\/#primaryimage\"},\"thumbnailUrl\":\"https:\\\/\\\/www.lauracosta.com\\\/wp-content\\\/uploads\\\/2024\\\/11\\\/Personal-Shopper-Mirian-por-Laura-Costa-ok.png\",\"datePublished\":\"2019-05-23T05:14:50+00:00\",\"dateModified\":\"2024-11-14T10:09:56+00:00\",\"breadcrumb\":{\"@id\":\"https:\\\/\\\/www.lauracosta.com\\\/ca\\\/regalar-personal-shopper-regalar-felicitat\\\/#breadcrumb\"},\"inLanguage\":\"ca\",\"potentialAction\":[{\"@type\":\"ReadAction\",\"target\":[\"https:\\\/\\\/www.lauracosta.com\\\/ca\\\/regalar-personal-shopper-regalar-felicitat\\\/\"]}]},{\"@type\":\"ImageObject\",\"inLanguage\":\"ca\",\"@id\":\"https:\\\/\\\/www.lauracosta.com\\\/ca\\\/regalar-personal-shopper-regalar-felicitat\\\/#primaryimage\",\"url\":\"https:\\\/\\\/www.lauracosta.com\\\/wp-content\\\/uploads\\\/2024\\\/11\\\/Personal-Shopper-Mirian-por-Laura-Costa-ok.png\",\"contentUrl\":\"https:\\\/\\\/www.lauracosta.com\\\/wp-content\\\/uploads\\\/2024\\\/11\\\/Personal-Shopper-Mirian-por-Laura-Costa-ok.png\",\"width\":1199,\"height\":1600},{\"@type\":\"BreadcrumbList\",\"@id\":\"https:\\\/\\\/www.lauracosta.com\\\/ca\\\/regalar-personal-shopper-regalar-felicitat\\\/#breadcrumb\",\"itemListElement\":[{\"@type\":\"ListItem\",\"position\":1,\"name\":\"Portada\",\"item\":\"https:\\\/\\\/www.lauracosta.com\\\/\"},{\"@type\":\"ListItem\",\"position\":2,\"name\":\"REGALAR PERSONAL SHOPPER \u00c9S REGALAR FELICITAT\"}]},{\"@type\":\"WebSite\",\"@id\":\"https:\\\/\\\/www.lauracosta.com\\\/#website\",\"url\":\"https:\\\/\\\/www.lauracosta.com\\\/\",\"name\":\"Laura Costa\",\"description\":\"Asesor\u00eda de imagen &amp; Personal Shopper\",\"publisher\":{\"@id\":\"https:\\\/\\\/www.lauracosta.com\\\/#organization\"},\"potentialAction\":[{\"@type\":\"SearchAction\",\"target\":{\"@type\":\"EntryPoint\",\"urlTemplate\":\"https:\\\/\\\/www.lauracosta.com\\\/?s={search_term_string}\"},\"query-input\":{\"@type\":\"PropertyValueSpecification\",\"valueRequired\":true,\"valueName\":\"search_term_string\"}}],\"inLanguage\":\"ca\"},{\"@type\":\"Organization\",\"@id\":\"https:\\\/\\\/www.lauracosta.com\\\/#organization\",\"name\":\"Laura Costa\",\"url\":\"https:\\\/\\\/www.lauracosta.com\\\/\",\"logo\":{\"@type\":\"ImageObject\",\"inLanguage\":\"ca\",\"@id\":\"https:\\\/\\\/www.lauracosta.com\\\/#\\\/schema\\\/logo\\\/image\\\/\",\"url\":\"https:\\\/\\\/www.lauracosta.com\\\/wp-content\\\/uploads\\\/2024\\\/11\\\/laura-costa-imagen-696.jpg\",\"contentUrl\":\"https:\\\/\\\/www.lauracosta.com\\\/wp-content\\\/uploads\\\/2024\\\/11\\\/laura-costa-imagen-696.jpg\",\"width\":696,\"height\":696,\"caption\":\"Laura Costa\"},\"image\":{\"@id\":\"https:\\\/\\\/www.lauracosta.com\\\/#\\\/schema\\\/logo\\\/image\\\/\"}},{\"@type\":\"Person\",\"@id\":\"https:\\\/\\\/www.lauracosta.com\\\/#\\\/schema\\\/person\\\/88a3aa3a762e09aa91cddc385661d3d9\",\"name\":\"factoryfy\",\"image\":{\"@type\":\"ImageObject\",\"inLanguage\":\"ca\",\"@id\":\"https:\\\/\\\/secure.gravatar.com\\\/avatar\\\/f6b08826744ac84b5c5730915ab186e60373c936b9668ce079c076fa428c7725?s=96&d=mm&r=g\",\"url\":\"https:\\\/\\\/secure.gravatar.com\\\/avatar\\\/f6b08826744ac84b5c5730915ab186e60373c936b9668ce079c076fa428c7725?s=96&d=mm&r=g\",\"contentUrl\":\"https:\\\/\\\/secure.gravatar.com\\\/avatar\\\/f6b08826744ac84b5c5730915ab186e60373c936b9668ce079c076fa428c7725?s=96&d=mm&r=g\",\"caption\":\"factoryfy\"},\"sameAs\":[\"https:\\\/\\\/www.lauracosta.com\"]}]}<\/script>\n<!-- \/ Yoast SEO plugin. -->","yoast_head_json":{"title":"REGALAR PERSONAL SHOPPER \u00c9S REGALAR FELICITAT - Laura Costa","robots":{"index":"index","follow":"follow","max-snippet":"max-snippet:-1","max-image-preview":"max-image-preview:large","max-video-preview":"max-video-preview:-1"},"canonical":"https:\/\/www.lauracosta.com\/ca\/regalar-personal-shopper-regalar-felicitat\/","og_locale":"ca_ES","og_type":"article","og_title":"REGALAR PERSONAL SHOPPER \u00c9S REGALAR FELICITAT - Laura Costa","og_description":"Regalar Personal Shopper \u00e9s regalar felicitat. Perqu\u00e8 no hi ha res millor que rebre una cosa inesperada i sorprenent, que a m\u00e9s t&#8217;ajudi a projectar la teva veritable personalitat i potenciar la teva pres\u00e8ncia. Fa unes setmanes Melani, em va escriure demanant-me informaci\u00f3 sobre el servei de Personal Shopper. Volia regalar-li-ho a la seva germana [&hellip;]","og_url":"https:\/\/www.lauracosta.com\/ca\/regalar-personal-shopper-regalar-felicitat\/","og_site_name":"Laura Costa","article_published_time":"2019-05-23T05:14:50+00:00","article_modified_time":"2024-11-14T10:09:56+00:00","og_image":[{"width":1199,"height":1600,"url":"https:\/\/www.lauracosta.com\/wp-content\/uploads\/2024\/11\/Personal-Shopper-Mirian-por-Laura-Costa-ok.png","type":"image\/png"}],"author":"factoryfy","twitter_card":"summary_large_image","twitter_misc":{"Escrit per":"factoryfy","Temps estimat de lectura":"5 minuts"},"schema":{"@context":"https:\/\/schema.org","@graph":[{"@type":"Article","@id":"https:\/\/www.lauracosta.com\/ca\/regalar-personal-shopper-regalar-felicitat\/#article","isPartOf":{"@id":"https:\/\/www.lauracosta.com\/ca\/regalar-personal-shopper-regalar-felicitat\/"},"author":{"name":"factoryfy","@id":"https:\/\/www.lauracosta.com\/#\/schema\/person\/88a3aa3a762e09aa91cddc385661d3d9"},"headline":"REGALAR PERSONAL SHOPPER \u00c9S REGALAR FELICITAT","datePublished":"2019-05-23T05:14:50+00:00","dateModified":"2024-11-14T10:09:56+00:00","mainEntityOfPage":{"@id":"https:\/\/www.lauracosta.com\/ca\/regalar-personal-shopper-regalar-felicitat\/"},"wordCount":952,"publisher":{"@id":"https:\/\/www.lauracosta.com\/#organization"},"image":{"@id":"https:\/\/www.lauracosta.com\/ca\/regalar-personal-shopper-regalar-felicitat\/#primaryimage"},"thumbnailUrl":"https:\/\/www.lauracosta.com\/wp-content\/uploads\/2024\/11\/Personal-Shopper-Mirian-por-Laura-Costa-ok.png","keywords":["asesor de imagen personal","Asesora de imagen","Personal Shopper Barcelona","presencia","test del color","Tipolog\u00eda corporal"],"articleSection":["Blog"],"inLanguage":"ca"},{"@type":"WebPage","@id":"https:\/\/www.lauracosta.com\/ca\/regalar-personal-shopper-regalar-felicitat\/","url":"https:\/\/www.lauracosta.com\/ca\/regalar-personal-shopper-regalar-felicitat\/","name":"REGALAR PERSONAL SHOPPER \u00c9S REGALAR FELICITAT - Laura Costa","isPartOf":{"@id":"https:\/\/www.lauracosta.com\/#website"},"primaryImageOfPage":{"@id":"https:\/\/www.lauracosta.com\/ca\/regalar-personal-shopper-regalar-felicitat\/#primaryimage"},"image":{"@id":"https:\/\/www.lauracosta.com\/ca\/regalar-personal-shopper-regalar-felicitat\/#primaryimage"},"thumbnailUrl":"https:\/\/www.lauracosta.com\/wp-content\/uploads\/2024\/11\/Personal-Shopper-Mirian-por-Laura-Costa-ok.png","datePublished":"2019-05-23T05:14:50+00:00","dateModified":"2024-11-14T10:09:56+00:00","breadcrumb":{"@id":"https:\/\/www.lauracosta.com\/ca\/regalar-personal-shopper-regalar-felicitat\/#breadcrumb"},"inLanguage":"ca","potentialAction":[{"@type":"ReadAction","target":["https:\/\/www.lauracosta.com\/ca\/regalar-personal-shopper-regalar-felicitat\/"]}]},{"@type":"ImageObject","inLanguage":"ca","@id":"https:\/\/www.lauracosta.com\/ca\/regalar-personal-shopper-regalar-felicitat\/#primaryimage","url":"https:\/\/www.lauracosta.com\/wp-content\/uploads\/2024\/11\/Personal-Shopper-Mirian-por-Laura-Costa-ok.png","contentUrl":"https:\/\/www.lauracosta.com\/wp-content\/uploads\/2024\/11\/Personal-Shopper-Mirian-por-Laura-Costa-ok.png","width":1199,"height":1600},{"@type":"BreadcrumbList","@id":"https:\/\/www.lauracosta.com\/ca\/regalar-personal-shopper-regalar-felicitat\/#breadcrumb","itemListElement":[{"@type":"ListItem","position":1,"name":"Portada","item":"https:\/\/www.lauracosta.com\/"},{"@type":"ListItem","position":2,"name":"REGALAR PERSONAL SHOPPER \u00c9S REGALAR FELICITAT"}]},{"@type":"WebSite","@id":"https:\/\/www.lauracosta.com\/#website","url":"https:\/\/www.lauracosta.com\/","name":"Laura Costa","description":"Asesor\u00eda de imagen &amp; Personal Shopper","publisher":{"@id":"https:\/\/www.lauracosta.com\/#organization"},"potentialAction":[{"@type":"SearchAction","target":{"@type":"EntryPoint","urlTemplate":"https:\/\/www.lauracosta.com\/?s={search_term_string}"},"query-input":{"@type":"PropertyValueSpecification","valueRequired":true,"valueName":"search_term_string"}}],"inLanguage":"ca"},{"@type":"Organization","@id":"https:\/\/www.lauracosta.com\/#organization","name":"Laura Costa","url":"https:\/\/www.lauracosta.com\/","logo":{"@type":"ImageObject","inLanguage":"ca","@id":"https:\/\/www.lauracosta.com\/#\/schema\/logo\/image\/","url":"https:\/\/www.lauracosta.com\/wp-content\/uploads\/2024\/11\/laura-costa-imagen-696.jpg","contentUrl":"https:\/\/www.lauracosta.com\/wp-content\/uploads\/2024\/11\/laura-costa-imagen-696.jpg","width":696,"height":696,"caption":"Laura Costa"},"image":{"@id":"https:\/\/www.lauracosta.com\/#\/schema\/logo\/image\/"}},{"@type":"Person","@id":"https:\/\/www.lauracosta.com\/#\/schema\/person\/88a3aa3a762e09aa91cddc385661d3d9","name":"factoryfy","image":{"@type":"ImageObject","inLanguage":"ca","@id":"https:\/\/secure.gravatar.com\/avatar\/f6b08826744ac84b5c5730915ab186e60373c936b9668ce079c076fa428c7725?s=96&d=mm&r=g","url":"https:\/\/secure.gravatar.com\/avatar\/f6b08826744ac84b5c5730915ab186e60373c936b9668ce079c076fa428c7725?s=96&d=mm&r=g","contentUrl":"https:\/\/secure.gravatar.com\/avatar\/f6b08826744ac84b5c5730915ab186e60373c936b9668ce079c076fa428c7725?s=96&d=mm&r=g","caption":"factoryfy"},"sameAs":["https:\/\/www.lauracosta.com"]}]}},"_links":{"self":[{"href":"https:\/\/www.lauracosta.com\/ca\/wp-json\/wp\/v2\/posts\/4920","targetHints":{"allow":["GET"]}}],"collection":[{"href":"https:\/\/www.lauracosta.com\/ca\/wp-json\/wp\/v2\/posts"}],"about":[{"href":"https:\/\/www.lauracosta.com\/ca\/wp-json\/wp\/v2\/types\/post"}],"author":[{"embeddable":true,"href":"https:\/\/www.lauracosta.com\/ca\/wp-json\/wp\/v2\/users\/1"}],"replies":[{"embeddable":true,"href":"https:\/\/www.lauracosta.com\/ca\/wp-json\/wp\/v2\/comments?post=4920"}],"version-history":[{"count":1,"href":"https:\/\/www.lauracosta.com\/ca\/wp-json\/wp\/v2\/posts\/4920\/revisions"}],"predecessor-version":[{"id":4921,"href":"https:\/\/www.lauracosta.com\/ca\/wp-json\/wp\/v2\/posts\/4920\/revisions\/4921"}],"wp:featuredmedia":[{"embeddable":true,"href":"https:\/\/www.lauracosta.com\/ca\/wp-json\/wp\/v2\/media\/4260"}],"wp:attachment":[{"href":"https:\/\/www.lauracosta.com\/ca\/wp-json\/wp\/v2\/media?parent=4920"}],"wp:term":[{"taxonomy":"category","embeddable":true,"href":"https:\/\/www.lauracosta.com\/ca\/wp-json\/wp\/v2\/categories?post=4920"},{"taxonomy":"post_tag","embeddable":true,"href":"https:\/\/www.lauracosta.com\/ca\/wp-json\/wp\/v2\/tags?post=4920"}],"curies":[{"name":"wp","href":"https:\/\/api.w.org\/{rel}","templated":true}]}}