{"id":4971,"date":"2021-03-01T14:56:49","date_gmt":"2021-03-01T13:56:49","guid":{"rendered":"https:\/\/www.lauracosta.com\/com-fer-la-valoracio-de-les-peces-del-teu-armari\/"},"modified":"2024-12-10T12:13:41","modified_gmt":"2024-12-10T11:13:41","slug":"com-fer-la-valoracio-de-les-peces-del-teu-armari","status":"publish","type":"post","link":"https:\/\/www.lauracosta.com\/ca\/com-fer-la-valoracio-de-les-peces-del-teu-armari\/","title":{"rendered":"Com fer la valoraci\u00f3 de les peces del teu armari"},"content":{"rendered":"\n<figure class=\"wp-block-image size-full\"><img decoding=\"async\" src=\"https:\/\/www.lauracosta.com\/wp-content\/uploads\/2024\/11\/priscilla-du-preez-dlxlgiy-2vu-unsplashok-scaled-1.jpg\" alt=\"\" class=\"wp-image-7254\"\/><\/figure>\n\n<div style=\"height:10px\" aria-hidden=\"true\" class=\"wp-block-spacer\"><\/div>\n\n<p>Queda poco para entrar en la primavera, y en pocas semanas nos enfrentaremos al cambio armario para adecuar nuestra ropa a la nueva temporada. Puede ser un buen momento para analizar en profundidad qu\u00e9 prendas atesoras, y valorar si deben quedarse o es hora de dejarlas ir.<\/p>\n\n<p>En este tutorial te explico c\u00f3mo valorar las prendas que tienes, qu\u00e9 criterios debes tener en cuenta y una metodolog\u00eda para que sea un <strong>proceso organizado y exitoso<\/strong>.<\/p>\n\n<p>1.\u00a0\u00a0\u00a0\u00a0\u00a0\u00a0 SACA LAS PRENDAS DE TU ARMARIO Y ORGAN\u00cdZALAS<\/p>\n\n<p>Elige\nun d\u00eda en el que tengas tiempo suficiente, lib\u00e9rate de distracciones, y por qu\u00e9\nno, pon tu m\u00fasica preferida para disfrutar de este proceso. <\/p>\n\n<p>Empieza\nsacando todas las prendas que tienes en tu armario y agr\u00fapalas en estas\ncategor\u00edas:<\/p>\n\n<ul class=\"wp-block-list\"><li><strong>Prendas superiores exteriores<\/strong>: americanas,\nchaquetas, chaquetones, cazadoras, abrigos, gabardinas&#8230; etc.<\/li><\/ul>\n\n<ul class=\"wp-block-list\"><li><strong>Prendas superiores interiores<\/strong>: camisas,\ncamisetas, polos, tops, jers\u00e9is, blusas&#8230; etc.<\/li><\/ul>\n\n<ul class=\"wp-block-list\"><li><strong>Prendas inferiores<\/strong>: pantalones, faldas, shorts,\nvestidos&#8230; etc.<\/li><\/ul>\n\n<p>Las categor\u00edas son las mismas tanto para hombres como mujeres. Es importante que separes as\u00ed la ropa para facilitar los siguientes pasos. <\/p>\n\n<p>2.\u00a0\u00a0\u00a0\u00a0\u00a0\u00a0 OBSERVA y VALORA CADA\u00a0 PRENDA<\/p>\n\n<p>Para cada categor\u00eda revisa con atenci\u00f3n, prenda a prenda, los\nsiguientes atributos:<\/p>\n\n<ul class=\"wp-block-list\"><li>El <strong>desgaste del tejido<\/strong>: especialmente en camisas y americanas observa los cuellos y los pu\u00f1os y en las prendas de lana o punto valora si existen bolas, peque\u00f1os rotos o enganches.<\/li><li>El <strong>desgaste del color<\/strong>: revisa que no haya perdido intensidad con los lavados. Pon atenci\u00f3n al color blanco pues es un color delicado que con el uso va perdiendo su luminosidad. Es probable que necesite renovarse m\u00e1s frecuentemente.<\/li><li>El <strong>estado de dobladillos y bajos<\/strong><\/li><li>El <strong>estado de la prenda en general<\/strong>: si falta alg\u00fan bot\u00f3n, el estado de las hebillas, pespuntes, bolsillos\u2026 etc.<\/li><\/ul>\n\n<p>3.\u00a0\u00a0\u00a0\u00a0\u00a0\u00a0 COMPRUEBA QUE LA TALLA ES CORRECTA<\/p>\n\n<p>Es importante que te vayas probando las prendas para comprobar que te sientan bien y te favorecen.<\/p>\n\n<p>Para aquellas prendas que se te hayan quedado <strong>peque\u00f1as<\/strong>, valora con sinceridad si tienes intenci\u00f3n de perder peso, y si esa intenci\u00f3n no est\u00e1 y te sientes conforme con tu figura y peso actual, retira esa prenda porque est\u00e1 ocupando un valioso espacio y adem\u00e1s, cada vez que abras el armario y la veas, te va a recordar ese cambio corporal.<\/p>\n\n<p>Si por el contrario una prenda te viene un poco <strong>grande<\/strong>, tienes la opci\u00f3n de arreglarla entall\u00e1ndola, bien por ti mismo si sabes coser, bien entreg\u00e1ndola a quien sepa hacerlo. <\/p>\n\n<p>A\u00fan sin variar el peso, puede ser que prob\u00e1ndote las prendas observes que <strong>tu cuerpo ha variado<\/strong> y un patr\u00f3n que te favorec\u00eda ahora no lo hace. Quiz\u00e1s tu cintura se ha ensanchado, ya hora no te veas bien ajustado con prendas entalladas que antes s\u00ed te gustaban. <\/p>\n\n<p>Todas las prendas que no te vaya a poner, ret\u00edralas. M\u00e1s tarde decidir\u00e1s qu\u00e9 vas a hacer con ellas. <\/p>\n\n<p>4.\u00a0\u00a0\u00a0\u00a0\u00a0\u00a0 VALORA SI TE AGRADA Y SI EST\u00c1 DESFASADA A NIVEL DE TENDENCIA<\/p>\n\n<p>Ante el espejo, m\u00edrate con amor y valora si te gusta c\u00f3mo te sienta la prenda.<\/p>\n\n<p>Si la sientes aburrida y sin gracia, ten en cuenta que es posible <strong>customizar la prenda<\/strong>: a\u00f1adir un drapeado en un costado, poner alg\u00fan accesorio o adorno, jugar con el largo de las mangas o los bajos\u2026 etc. Desarrolla tu parte m\u00e1s creativa para dar una nueva vida a algunas piezas.<\/p>\n\n<p>Puede pasar que tengas prendas que encontrabas muy favorecedoras y te encantaron durante unos a\u00f1os, pero de las que, sin saber por qu\u00e9, te has cansado o ya no te ves igual con ellas. Esto es muy normal pues, aunque no queramos, estamos influidos por las <strong>tendencias de la moda<\/strong>. <\/p>\n\n<p>Si no se te ocurre c\u00f3mo dar una segunda vida a estas prendas que ahora ves cl\u00e1sicas o pasadas de moda, mejor tambi\u00e9n ret\u00edralas.<\/p>\n\n<p>Puede ser que te sorprendas al encontrar prendas que no usabas o incluso que ha hab\u00edas olvidado que ten\u00edas. Por eso es importante vaciar todo tu armario, poner las prendas a la vista y prob\u00e1rtelas.<\/p>\n\n<p>5.\u00a0\u00a0\u00a0\u00a0\u00a0\u00a0 RETIRA LAS PRENDAS QUE NO CUMPLAN CON ESTOS REQUISITOS<\/p>\n\n<p>Decide qu\u00e9 prendas pueden arreglarse y las que no, ret\u00edralas.<\/p>\n\n<p>Retirarlas significa que salgan del armario d\u00f3nde est\u00e1n las prendas que vistes diariamente para que no ocupen espacio f\u00edsico y visual. <strong>Acumular ropa genera desorden<\/strong> y dificulta encontrar las prendas que realmente s\u00ed aportan valor en tu armario.<\/p>\n\n<p>Seg\u00fan el estado en que se encuentren, puedes regalarlas, donarlas, venderlas como ropa de segunda mano, reciclarlas o, si tienes espacio, guardarlas en cajas. Pero s\u00e9 pr\u00e1ctico y sincero contigo mismo, que una prenda no se quede contigo por <strong>apego<\/strong>.<\/p>\n\n<p>6.\u00a0\u00a0\u00a0\u00a0\u00a0\u00a0 CREA Y FOTOGRAF\u00cdA TUS OUTFITS (INCLUYENDO ACCESORIOS) <\/p>\n\n<p>Aprovecha que tienes todas las prendas fuera para crear looks. <\/p>\n\n<p>Saca tambi\u00e9n tus accesorios (calzado, cinturones, bolsos o pa\u00f1uelos) y empieza <strong>a crear y hacer fotos de los looks<\/strong> que vayan surgiendo. Juega y experimenta, \u00a1comprobar\u00e1s que aparecen combinaciones en las que ni hab\u00edas pensado!<\/p>\n\n<p>Tener fotografiados tus looks te va a ayudar much\u00edsimo a elegir tu indumentaria. <\/p>\n\n<p>Puedes imprimirlos y tenerlos a mano o pegados en las puertas del armario. Tener preparados algunos outfits te ayudar\u00e1 a <strong>simplificar tu d\u00eda a d\u00eda<\/strong>, a usar toda tu ropa, a verte bien siempre y a ahorrar tiempo por las ma\u00f1anas.<\/p>\n\n<p>7.\u00a0\u00a0\u00a0\u00a0\u00a0\u00a0 HAZ UNA LISTA PARA COMPRAR LO QUE NECESITAS<\/p>\n\n<p>En funci\u00f3n de las prendas que has retirado por no estar en \u00f3ptimas condiciones o por no sentarte bien, y de las prendas que creas que necesitas para completar los outfits que has ido creado, haz una lista para comprar lo que necesites.<\/p>\n\n<p>Todo este proceso de valoraci\u00f3n de armario te va a servir para tener claras tus necesidades de nuevas piezas, marcar objetivos concretos y <strong>hacer compras m\u00e1s conscientes<\/strong>.<\/p>\n\n<p>8.\u00a0\u00a0\u00a0\u00a0\u00a0\u00a0 COLOCA NUEVAMENTE LAS PRENDAS EN TU ARMARIO, ORGANIZ\u00c1NDOLAS POR CATEGOR\u00cdAS<\/p>\n\n<p>Una vez ya tengas identificadas las prendas que s\u00ed deben permanecer en tu armario, vuelve a colocarlas organiz\u00e1ndolas por las categor\u00edas que hiciste al principio del proceso.<\/p>\n\n<p>Ten en cuenta que tambi\u00e9n puedes considerar separarlas por \u00e1mbitos de vida, por ejemplo: social y laboral. <\/p>\n\n<p>Un tip a recordar para tener las suficientes prendas que permitan generar variedad de outfits es la <strong>regla del 3 x 1<\/strong>, que aplica tanto para hombres como para mujeres. <strong>Por cada prenda inferior <\/strong>(pantal\u00f3n o falda) <strong>deber\u00edas tener 3 prendas superiores <\/strong>(camisa, camiseta, jersey, top, blusa o polo). \u00a0Aplica esta f\u00f3rmula cuando crees tus looks para identificar si tienes prendas suficientes.<\/p>\n\n<p> Hacer esta valoraci\u00f3n de las prendas de tu armario por lo menos una vez al a\u00f1o, te ayudar\u00e1 a mantenerlo organizado. \u00a1An\u00edmate con el cambio de temporada a poner en pr\u00e1ctica estos consejos y darle <strong>luz y vida a tu armario<\/strong>!<\/p>\n\n<p>Texto transcrito por Encarna Mateo<\/p>\n\n<p>Si deseas ver el v\u00eddeo de este tutorial sigue este enlace:  <\/p>\n\n<p><a href=\"https:\/\/www.instagram.com\/tv\/CLsuiuzIFqu\/?utm_source=ig_web_copy_link\">https:\/\/www.instagram.com\/tv\/CLsuiuzIFqu\/?utm_source=ig_web_copy_link<\/a><\/p>\n\n<p><\/p>\n","protected":false},"excerpt":{"rendered":"<p>Queda poco para entrar en la primavera, y en pocas semanas nos enfrentaremos al cambio armario para adecuar nuestra ropa a la nueva temporada. Puede ser un buen momento para analizar en profundidad qu\u00e9 prendas atesoras, y valorar si deben quedarse o es hora de dejarlas ir. En este tutorial te explico c\u00f3mo valorar las [&hellip;]<\/p>\n","protected":false},"author":3,"featured_media":4408,"comment_status":"closed","ping_status":"closed","sticky":false,"template":"","format":"standard","meta":{"_joinchat":[],"footnotes":""},"categories":[48],"tags":[77,294,295],"class_list":["post-4971","post","type-post","status-publish","format-standard","has-post-thumbnail","hentry","category-blog-ca","tag-consejos","tag-organizar-armario","tag-valorar-prendas"],"yoast_head":"<!-- This site is optimized with the Yoast SEO plugin v27.5 - https:\/\/yoast.com\/product\/yoast-seo-wordpress\/ -->\n<title>Com fer la valoraci\u00f3 de les peces del teu armari - Laura Costa<\/title>\n<meta name=\"description\" content=\"Pasos para valorar y organizar las prendas que tienes en tu armario, crear outfits y saber lo que realmente necesitas comprar\" \/>\n<meta name=\"robots\" content=\"index, follow, max-snippet:-1, max-image-preview:large, max-video-preview:-1\" \/>\n<link rel=\"canonical\" href=\"https:\/\/www.lauracosta.com\/ca\/com-fer-la-valoracio-de-les-peces-del-teu-armari\/\" \/>\n<meta property=\"og:locale\" content=\"ca_ES\" \/>\n<meta property=\"og:type\" content=\"article\" \/>\n<meta property=\"og:title\" content=\"Com fer la valoraci\u00f3 de les peces del teu armari - Laura Costa\" \/>\n<meta property=\"og:description\" content=\"Pasos para valorar y organizar las prendas que tienes en tu armario, crear outfits y saber lo que realmente necesitas comprar\" \/>\n<meta property=\"og:url\" content=\"https:\/\/www.lauracosta.com\/ca\/com-fer-la-valoracio-de-les-peces-del-teu-armari\/\" \/>\n<meta property=\"og:site_name\" content=\"Laura Costa\" \/>\n<meta property=\"article:published_time\" content=\"2021-03-01T13:56:49+00:00\" \/>\n<meta property=\"article:modified_time\" content=\"2024-12-10T11:13:41+00:00\" \/>\n<meta property=\"og:image\" content=\"https:\/\/www.lauracosta.com\/wp-content\/uploads\/2024\/11\/priscilla-du-preez-dlxlgiy-2vu-unsplashok-scaled-1.jpg\" \/>\n\t<meta property=\"og:image:width\" content=\"2560\" \/>\n\t<meta property=\"og:image:height\" content=\"994\" \/>\n\t<meta property=\"og:image:type\" content=\"image\/jpeg\" \/>\n<meta name=\"author\" content=\"UsuarioLaura\" \/>\n<meta name=\"twitter:card\" content=\"summary_large_image\" \/>\n<meta name=\"twitter:label1\" content=\"Escrit per\" \/>\n\t<meta name=\"twitter:data1\" content=\"UsuarioLaura\" \/>\n\t<meta name=\"twitter:label2\" content=\"Temps estimat de lectura\" \/>\n\t<meta name=\"twitter:data2\" content=\"6 minuts\" \/>\n<script type=\"application\/ld+json\" class=\"yoast-schema-graph\">{\"@context\":\"https:\\\/\\\/schema.org\",\"@graph\":[{\"@type\":\"Article\",\"@id\":\"https:\\\/\\\/www.lauracosta.com\\\/ca\\\/com-fer-la-valoracio-de-les-peces-del-teu-armari\\\/#article\",\"isPartOf\":{\"@id\":\"https:\\\/\\\/www.lauracosta.com\\\/ca\\\/com-fer-la-valoracio-de-les-peces-del-teu-armari\\\/\"},\"author\":{\"name\":\"UsuarioLaura\",\"@id\":\"https:\\\/\\\/www.lauracosta.com\\\/#\\\/schema\\\/person\\\/461867b0110183341912d1a8bf20606b\"},\"headline\":\"Com fer la valoraci\u00f3 de les peces del teu armari\",\"datePublished\":\"2021-03-01T13:56:49+00:00\",\"dateModified\":\"2024-12-10T11:13:41+00:00\",\"mainEntityOfPage\":{\"@id\":\"https:\\\/\\\/www.lauracosta.com\\\/ca\\\/com-fer-la-valoracio-de-les-peces-del-teu-armari\\\/\"},\"wordCount\":1202,\"publisher\":{\"@id\":\"https:\\\/\\\/www.lauracosta.com\\\/#organization\"},\"image\":{\"@id\":\"https:\\\/\\\/www.lauracosta.com\\\/ca\\\/com-fer-la-valoracio-de-les-peces-del-teu-armari\\\/#primaryimage\"},\"thumbnailUrl\":\"https:\\\/\\\/www.lauracosta.com\\\/wp-content\\\/uploads\\\/2024\\\/11\\\/priscilla-du-preez-dlxlgiy-2vu-unsplashok-scaled-1.jpg\",\"keywords\":[\"consejos\",\"organizar armario\",\"valorar prendas\"],\"articleSection\":[\"Blog\"],\"inLanguage\":\"ca\"},{\"@type\":\"WebPage\",\"@id\":\"https:\\\/\\\/www.lauracosta.com\\\/ca\\\/com-fer-la-valoracio-de-les-peces-del-teu-armari\\\/\",\"url\":\"https:\\\/\\\/www.lauracosta.com\\\/ca\\\/com-fer-la-valoracio-de-les-peces-del-teu-armari\\\/\",\"name\":\"Com fer la valoraci\u00f3 de les peces del teu armari - Laura Costa\",\"isPartOf\":{\"@id\":\"https:\\\/\\\/www.lauracosta.com\\\/#website\"},\"primaryImageOfPage\":{\"@id\":\"https:\\\/\\\/www.lauracosta.com\\\/ca\\\/com-fer-la-valoracio-de-les-peces-del-teu-armari\\\/#primaryimage\"},\"image\":{\"@id\":\"https:\\\/\\\/www.lauracosta.com\\\/ca\\\/com-fer-la-valoracio-de-les-peces-del-teu-armari\\\/#primaryimage\"},\"thumbnailUrl\":\"https:\\\/\\\/www.lauracosta.com\\\/wp-content\\\/uploads\\\/2024\\\/11\\\/priscilla-du-preez-dlxlgiy-2vu-unsplashok-scaled-1.jpg\",\"datePublished\":\"2021-03-01T13:56:49+00:00\",\"dateModified\":\"2024-12-10T11:13:41+00:00\",\"description\":\"Pasos para valorar y organizar las prendas que tienes en tu armario, crear outfits y saber lo que realmente necesitas comprar\",\"breadcrumb\":{\"@id\":\"https:\\\/\\\/www.lauracosta.com\\\/ca\\\/com-fer-la-valoracio-de-les-peces-del-teu-armari\\\/#breadcrumb\"},\"inLanguage\":\"ca\",\"potentialAction\":[{\"@type\":\"ReadAction\",\"target\":[\"https:\\\/\\\/www.lauracosta.com\\\/ca\\\/com-fer-la-valoracio-de-les-peces-del-teu-armari\\\/\"]}]},{\"@type\":\"ImageObject\",\"inLanguage\":\"ca\",\"@id\":\"https:\\\/\\\/www.lauracosta.com\\\/ca\\\/com-fer-la-valoracio-de-les-peces-del-teu-armari\\\/#primaryimage\",\"url\":\"https:\\\/\\\/www.lauracosta.com\\\/wp-content\\\/uploads\\\/2024\\\/11\\\/priscilla-du-preez-dlxlgiy-2vu-unsplashok-scaled-1.jpg\",\"contentUrl\":\"https:\\\/\\\/www.lauracosta.com\\\/wp-content\\\/uploads\\\/2024\\\/11\\\/priscilla-du-preez-dlxlgiy-2vu-unsplashok-scaled-1.jpg\",\"width\":2560,\"height\":994},{\"@type\":\"BreadcrumbList\",\"@id\":\"https:\\\/\\\/www.lauracosta.com\\\/ca\\\/com-fer-la-valoracio-de-les-peces-del-teu-armari\\\/#breadcrumb\",\"itemListElement\":[{\"@type\":\"ListItem\",\"position\":1,\"name\":\"Portada\",\"item\":\"https:\\\/\\\/www.lauracosta.com\\\/\"},{\"@type\":\"ListItem\",\"position\":2,\"name\":\"Com fer la valoraci\u00f3 de les peces del teu armari\"}]},{\"@type\":\"WebSite\",\"@id\":\"https:\\\/\\\/www.lauracosta.com\\\/#website\",\"url\":\"https:\\\/\\\/www.lauracosta.com\\\/\",\"name\":\"Laura Costa\",\"description\":\"Asesor\u00eda de imagen &amp; Personal Shopper\",\"publisher\":{\"@id\":\"https:\\\/\\\/www.lauracosta.com\\\/#organization\"},\"potentialAction\":[{\"@type\":\"SearchAction\",\"target\":{\"@type\":\"EntryPoint\",\"urlTemplate\":\"https:\\\/\\\/www.lauracosta.com\\\/?s={search_term_string}\"},\"query-input\":{\"@type\":\"PropertyValueSpecification\",\"valueRequired\":true,\"valueName\":\"search_term_string\"}}],\"inLanguage\":\"ca\"},{\"@type\":\"Organization\",\"@id\":\"https:\\\/\\\/www.lauracosta.com\\\/#organization\",\"name\":\"Laura Costa\",\"url\":\"https:\\\/\\\/www.lauracosta.com\\\/\",\"logo\":{\"@type\":\"ImageObject\",\"inLanguage\":\"ca\",\"@id\":\"https:\\\/\\\/www.lauracosta.com\\\/#\\\/schema\\\/logo\\\/image\\\/\",\"url\":\"https:\\\/\\\/www.lauracosta.com\\\/wp-content\\\/uploads\\\/2024\\\/11\\\/laura-costa-imagen-696.jpg\",\"contentUrl\":\"https:\\\/\\\/www.lauracosta.com\\\/wp-content\\\/uploads\\\/2024\\\/11\\\/laura-costa-imagen-696.jpg\",\"width\":696,\"height\":696,\"caption\":\"Laura Costa\"},\"image\":{\"@id\":\"https:\\\/\\\/www.lauracosta.com\\\/#\\\/schema\\\/logo\\\/image\\\/\"}},{\"@type\":\"Person\",\"@id\":\"https:\\\/\\\/www.lauracosta.com\\\/#\\\/schema\\\/person\\\/461867b0110183341912d1a8bf20606b\",\"name\":\"UsuarioLaura\",\"image\":{\"@type\":\"ImageObject\",\"inLanguage\":\"ca\",\"@id\":\"https:\\\/\\\/secure.gravatar.com\\\/avatar\\\/472aef1c868956be60416b256e51da46641058edf6c97d9db85de8e4ca96b555?s=96&d=mm&r=g\",\"url\":\"https:\\\/\\\/secure.gravatar.com\\\/avatar\\\/472aef1c868956be60416b256e51da46641058edf6c97d9db85de8e4ca96b555?s=96&d=mm&r=g\",\"contentUrl\":\"https:\\\/\\\/secure.gravatar.com\\\/avatar\\\/472aef1c868956be60416b256e51da46641058edf6c97d9db85de8e4ca96b555?s=96&d=mm&r=g\",\"caption\":\"UsuarioLaura\"}}]}<\/script>\n<!-- \/ Yoast SEO plugin. -->","yoast_head_json":{"title":"Com fer la valoraci\u00f3 de les peces del teu armari - Laura Costa","description":"Pasos para valorar y organizar las prendas que tienes en tu armario, crear outfits y saber lo que realmente necesitas comprar","robots":{"index":"index","follow":"follow","max-snippet":"max-snippet:-1","max-image-preview":"max-image-preview:large","max-video-preview":"max-video-preview:-1"},"canonical":"https:\/\/www.lauracosta.com\/ca\/com-fer-la-valoracio-de-les-peces-del-teu-armari\/","og_locale":"ca_ES","og_type":"article","og_title":"Com fer la valoraci\u00f3 de les peces del teu armari - Laura Costa","og_description":"Pasos para valorar y organizar las prendas que tienes en tu armario, crear outfits y saber lo que realmente necesitas comprar","og_url":"https:\/\/www.lauracosta.com\/ca\/com-fer-la-valoracio-de-les-peces-del-teu-armari\/","og_site_name":"Laura Costa","article_published_time":"2021-03-01T13:56:49+00:00","article_modified_time":"2024-12-10T11:13:41+00:00","og_image":[{"width":2560,"height":994,"url":"https:\/\/www.lauracosta.com\/wp-content\/uploads\/2024\/11\/priscilla-du-preez-dlxlgiy-2vu-unsplashok-scaled-1.jpg","type":"image\/jpeg"}],"author":"UsuarioLaura","twitter_card":"summary_large_image","twitter_misc":{"Escrit per":"UsuarioLaura","Temps estimat de lectura":"6 minuts"},"schema":{"@context":"https:\/\/schema.org","@graph":[{"@type":"Article","@id":"https:\/\/www.lauracosta.com\/ca\/com-fer-la-valoracio-de-les-peces-del-teu-armari\/#article","isPartOf":{"@id":"https:\/\/www.lauracosta.com\/ca\/com-fer-la-valoracio-de-les-peces-del-teu-armari\/"},"author":{"name":"UsuarioLaura","@id":"https:\/\/www.lauracosta.com\/#\/schema\/person\/461867b0110183341912d1a8bf20606b"},"headline":"Com fer la valoraci\u00f3 de les peces del teu armari","datePublished":"2021-03-01T13:56:49+00:00","dateModified":"2024-12-10T11:13:41+00:00","mainEntityOfPage":{"@id":"https:\/\/www.lauracosta.com\/ca\/com-fer-la-valoracio-de-les-peces-del-teu-armari\/"},"wordCount":1202,"publisher":{"@id":"https:\/\/www.lauracosta.com\/#organization"},"image":{"@id":"https:\/\/www.lauracosta.com\/ca\/com-fer-la-valoracio-de-les-peces-del-teu-armari\/#primaryimage"},"thumbnailUrl":"https:\/\/www.lauracosta.com\/wp-content\/uploads\/2024\/11\/priscilla-du-preez-dlxlgiy-2vu-unsplashok-scaled-1.jpg","keywords":["consejos","organizar armario","valorar prendas"],"articleSection":["Blog"],"inLanguage":"ca"},{"@type":"WebPage","@id":"https:\/\/www.lauracosta.com\/ca\/com-fer-la-valoracio-de-les-peces-del-teu-armari\/","url":"https:\/\/www.lauracosta.com\/ca\/com-fer-la-valoracio-de-les-peces-del-teu-armari\/","name":"Com fer la valoraci\u00f3 de les peces del teu armari - Laura Costa","isPartOf":{"@id":"https:\/\/www.lauracosta.com\/#website"},"primaryImageOfPage":{"@id":"https:\/\/www.lauracosta.com\/ca\/com-fer-la-valoracio-de-les-peces-del-teu-armari\/#primaryimage"},"image":{"@id":"https:\/\/www.lauracosta.com\/ca\/com-fer-la-valoracio-de-les-peces-del-teu-armari\/#primaryimage"},"thumbnailUrl":"https:\/\/www.lauracosta.com\/wp-content\/uploads\/2024\/11\/priscilla-du-preez-dlxlgiy-2vu-unsplashok-scaled-1.jpg","datePublished":"2021-03-01T13:56:49+00:00","dateModified":"2024-12-10T11:13:41+00:00","description":"Pasos para valorar y organizar las prendas que tienes en tu armario, crear outfits y saber lo que realmente necesitas comprar","breadcrumb":{"@id":"https:\/\/www.lauracosta.com\/ca\/com-fer-la-valoracio-de-les-peces-del-teu-armari\/#breadcrumb"},"inLanguage":"ca","potentialAction":[{"@type":"ReadAction","target":["https:\/\/www.lauracosta.com\/ca\/com-fer-la-valoracio-de-les-peces-del-teu-armari\/"]}]},{"@type":"ImageObject","inLanguage":"ca","@id":"https:\/\/www.lauracosta.com\/ca\/com-fer-la-valoracio-de-les-peces-del-teu-armari\/#primaryimage","url":"https:\/\/www.lauracosta.com\/wp-content\/uploads\/2024\/11\/priscilla-du-preez-dlxlgiy-2vu-unsplashok-scaled-1.jpg","contentUrl":"https:\/\/www.lauracosta.com\/wp-content\/uploads\/2024\/11\/priscilla-du-preez-dlxlgiy-2vu-unsplashok-scaled-1.jpg","width":2560,"height":994},{"@type":"BreadcrumbList","@id":"https:\/\/www.lauracosta.com\/ca\/com-fer-la-valoracio-de-les-peces-del-teu-armari\/#breadcrumb","itemListElement":[{"@type":"ListItem","position":1,"name":"Portada","item":"https:\/\/www.lauracosta.com\/"},{"@type":"ListItem","position":2,"name":"Com fer la valoraci\u00f3 de les peces del teu armari"}]},{"@type":"WebSite","@id":"https:\/\/www.lauracosta.com\/#website","url":"https:\/\/www.lauracosta.com\/","name":"Laura Costa","description":"Asesor\u00eda de imagen &amp; Personal Shopper","publisher":{"@id":"https:\/\/www.lauracosta.com\/#organization"},"potentialAction":[{"@type":"SearchAction","target":{"@type":"EntryPoint","urlTemplate":"https:\/\/www.lauracosta.com\/?s={search_term_string}"},"query-input":{"@type":"PropertyValueSpecification","valueRequired":true,"valueName":"search_term_string"}}],"inLanguage":"ca"},{"@type":"Organization","@id":"https:\/\/www.lauracosta.com\/#organization","name":"Laura Costa","url":"https:\/\/www.lauracosta.com\/","logo":{"@type":"ImageObject","inLanguage":"ca","@id":"https:\/\/www.lauracosta.com\/#\/schema\/logo\/image\/","url":"https:\/\/www.lauracosta.com\/wp-content\/uploads\/2024\/11\/laura-costa-imagen-696.jpg","contentUrl":"https:\/\/www.lauracosta.com\/wp-content\/uploads\/2024\/11\/laura-costa-imagen-696.jpg","width":696,"height":696,"caption":"Laura Costa"},"image":{"@id":"https:\/\/www.lauracosta.com\/#\/schema\/logo\/image\/"}},{"@type":"Person","@id":"https:\/\/www.lauracosta.com\/#\/schema\/person\/461867b0110183341912d1a8bf20606b","name":"UsuarioLaura","image":{"@type":"ImageObject","inLanguage":"ca","@id":"https:\/\/secure.gravatar.com\/avatar\/472aef1c868956be60416b256e51da46641058edf6c97d9db85de8e4ca96b555?s=96&d=mm&r=g","url":"https:\/\/secure.gravatar.com\/avatar\/472aef1c868956be60416b256e51da46641058edf6c97d9db85de8e4ca96b555?s=96&d=mm&r=g","contentUrl":"https:\/\/secure.gravatar.com\/avatar\/472aef1c868956be60416b256e51da46641058edf6c97d9db85de8e4ca96b555?s=96&d=mm&r=g","caption":"UsuarioLaura"}}]}},"_links":{"self":[{"href":"https:\/\/www.lauracosta.com\/ca\/wp-json\/wp\/v2\/posts\/4971","targetHints":{"allow":["GET"]}}],"collection":[{"href":"https:\/\/www.lauracosta.com\/ca\/wp-json\/wp\/v2\/posts"}],"about":[{"href":"https:\/\/www.lauracosta.com\/ca\/wp-json\/wp\/v2\/types\/post"}],"author":[{"embeddable":true,"href":"https:\/\/www.lauracosta.com\/ca\/wp-json\/wp\/v2\/users\/3"}],"replies":[{"embeddable":true,"href":"https:\/\/www.lauracosta.com\/ca\/wp-json\/wp\/v2\/comments?post=4971"}],"version-history":[{"count":2,"href":"https:\/\/www.lauracosta.com\/ca\/wp-json\/wp\/v2\/posts\/4971\/revisions"}],"predecessor-version":[{"id":5436,"href":"https:\/\/www.lauracosta.com\/ca\/wp-json\/wp\/v2\/posts\/4971\/revisions\/5436"}],"wp:featuredmedia":[{"embeddable":true,"href":"https:\/\/www.lauracosta.com\/ca\/wp-json\/wp\/v2\/media\/4408"}],"wp:attachment":[{"href":"https:\/\/www.lauracosta.com\/ca\/wp-json\/wp\/v2\/media?parent=4971"}],"wp:term":[{"taxonomy":"category","embeddable":true,"href":"https:\/\/www.lauracosta.com\/ca\/wp-json\/wp\/v2\/categories?post=4971"},{"taxonomy":"post_tag","embeddable":true,"href":"https:\/\/www.lauracosta.com\/ca\/wp-json\/wp\/v2\/tags?post=4971"}],"curies":[{"name":"wp","href":"https:\/\/api.w.org\/{rel}","templated":true}]}}